{"id":420658,"date":"2025-09-27T05:21:17","date_gmt":"2025-09-27T05:21:17","guid":{"rendered":"https:\/\/www.europesays.com\/fr\/420658\/"},"modified":"2025-09-27T05:21:17","modified_gmt":"2025-09-27T05:21:17","slug":"le-saviez-vous-la-cathedrale-de-saint-etienne-de-meaux-fete-ses-850-ans-voici-5-anecdotes","status":"publish","type":"post","link":"https:\/\/www.europesays.com\/fr\/420658\/","title":{"rendered":"Le saviez-vous ? La cath\u00e9drale de Saint-\u00c9tienne de Meaux f\u00eate ses 850 ans, voici 5 anecdotes"},"content":{"rendered":"<p>            Par<br \/>\n        <strong><br \/>\n            <a href=\"https:\/\/actu.fr\/auteur\/gaelle-kabongo\" title=\"Consulter tous les articles de Gaelle Kabongo\" rel=\"nofollow noopener\" target=\"_blank\">Gaelle Kabongo<\/a><br \/>\n        <\/strong><\/p>\n<p>        Publi\u00e9 le<\/p>\n<p>            27 sept. 2025 \u00e0 7h00        <\/p>\n<p>850 ans d\u2019Histoire tr\u00f4nent au milieu de la ville. La cath\u00e9drale Saint-\u00c9tienne, tr\u00e9sor de la ville de <a href=\"https:\/\/actu.fr\/ile-de-france\/meaux_77284\" rel=\"nofollow noopener\" target=\"_blank\">Meaux <\/a>(<a href=\"https:\/\/actu.fr\/ile-de-france\/seine-et-marne_77\" rel=\"nofollow noopener\" target=\"_blank\">Seine-et-Marne<\/a>) f\u00eate ses 850 ans d\u2019existence. En 1175, l\u2019\u00e9v\u00eaque Simon de Lizy entreprend la construction d\u2019un lieu de culte catholique sur l\u2019emplacement d\u2019un \u00e9difice romain. La premi\u00e8re pierre est d\u00e9pos\u00e9e <b>douze ans apr\u00e8s sa grande s\u0153ur,<\/b> la<a href=\"https:\/\/actu.fr\/societe\/lincendie-qui-a-ravage-la-cathedrale-notre-dame-de-paris-cetait-comme-un-film-dhorreur_61971288.html\" rel=\"nofollow noopener\" target=\"_blank\"> cath\u00e9drale Notre-Dame de Paris<\/a>. \u00c0 l\u2019initiative de la Ville et de l\u2019association des Amis de la cath\u00e9drale Saint-\u00c9tienne de Meaux, des <b>animations, conf\u00e9rences et concerts vont rythmer l\u2019ann\u00e9e<\/b> jusqu\u2019aux prochaines Journ\u00e9es europ\u00e9ennes du patrimoine en 2026.<\/p>\n<p class=\" wall-content\">Avec les Amis de la cath\u00e9drale de Meaux, on a red\u00e9couvert cet \u00e9difice qui a travers\u00e9 les \u00e9poques.<\/p>\n<p>1. Les t\u00eates coup\u00e9es<\/p>\n<p class=\" wall-content\">L\u2019histoire de ces fameuses t\u00eates coup\u00e9es a passionn\u00e9 tous les amoureux de la cath\u00e9drale. Dix statues dont cinq de chaque c\u00f4t\u00e9 tr\u00f4nent sur la fa\u00e7ade de l\u2019entr\u00e9e place Saint-Pierre. Cependant, il leur manque quelque chose\u2026 la t\u00eate. Toutes le<b>s t\u00eates ont \u00e9t\u00e9 d\u00e9boulonn\u00e9es<\/b> laissant les corps.<\/p>\n<p>    <img   decoding=\"async\" loading=\"lazy\" class=\"size-large\" src=\"https:\/\/www.europesays.com\/fr\/wp-content\/uploads\/2025\/09\/b234bfb552d863734bfb552d87b34bv-960x640.jpg\" alt=\"Non, les t\u00eates n'ont pas \u00e9t\u00e9 coup\u00e9es pendant la Seconde guerre mondiale.\" width=\"960\" height=\"640\"\/><br \/>\n    Non, les t\u00eates n\u2019ont pas \u00e9t\u00e9 coup\u00e9es pendant la Seconde guerre mondiale. \u00a9Ga\u00eblle Kabongo<\/p>\n<p class=\" wall-content\">\u00ab On raconte que les t\u00eates ont \u00e9t\u00e9 coup\u00e9es pendant la R\u00e9volution fran\u00e7aise et la Seconde Guerre mondiale mais ce n\u2019est pas vrai du tout \u00bb, explique Marie-Paule Ortega, secr\u00e9taire de l\u2019association des Amis de la cath\u00e9drale de Meaux. Selon ses recherches, les responsables de ces d\u00e9capitations <b>seraient\u2026 les protestants<\/b>. \u00ab Meaux est la premi\u00e8re ville fran\u00e7aise \u00e0 avoir accueilli un temple protestant. Les guerres de Religion faisaient rage ici \u00bb, explique Jean-Marc Ortega, pr\u00e9sident de l\u2019association des Amis de la cath\u00e9drale de Meaux.<\/p>\n<p>2. Le moine \u00e0 lunettes et le chanoine-tr\u00e9sorier avec son petit archer<\/p>\n<p class=\" wall-content\">C\u2019est une sp\u00e9cificit\u00e9 de la cath\u00e9drale de Meaux.<b> Au-dessus du portail central, sur la fa\u00e7ade est,<\/b> un buste d\u2019un moine \u00e0 lunettes y est install\u00e9. \u00ab Son visage n\u2019a pas \u00e9t\u00e9 ab\u00eem\u00e9. Il semblerait qu\u2019il nous observe lorsque nous entrons dans la cath\u00e9drale. C\u2019est assez amusant \u00bb, rel\u00e8ve Marie-Paule Ortega.<\/p>\n<p>Vid\u00e9os : en ce moment sur Actu<br \/>\n    <img   decoding=\"async\" loading=\"lazy\" class=\"size-large\" src=\"https:\/\/www.europesays.com\/fr\/wp-content\/uploads\/2025\/09\/d652ca7552d86ca52ca7552d8ae52cv-960x640.jpg\" alt=\"Le buste du fameux moine \u00e0 lunettes qui nous observent.\" width=\"960\" height=\"640\"\/><br \/>\n    Le buste du fameux moine \u00e0 lunettes qui nous observent. \u00a9Ga\u00eblle Kabongo<\/p>\n<p class=\" wall-content\">Une autre p\u00e9pite se cache \u00e0 l\u2019entr\u00e9e de la rue Notre-Dame, Si l\u2019on se concentre sur le haut d\u2019un contrefort de l\u2019abside, on peut observer une statue d\u2019un homme tenant un archer. \u00ab La l\u00e9gende raconte qu\u2019il a \u00e9t\u00e9 plac\u00e9 ici pour <b>menacer de sa fl\u00e8che de la fen\u00eatre du chanoine-tr\u00e9sorier<\/b> qui habitait juste en face. Il semblerait que le chanoine s\u2019\u00e9tait montr\u00e9 trop pingre, ils n\u2019avaient pas assez pay\u00e9 les sculpteurs qui le faisaient par passion du m\u00e9tier. On n\u2019a aucune information sur l\u2019auteur de cette sculpture\u00a0du petit arbal\u00e9trier et la l\u00e9gende ne dit pas si ce dernier a \u00e9t\u00e9 puni pour sa t\u00e9m\u00e9rit\u00e9 \u00bb, relate Marie-Paule Ortega.<\/p>\n<p>Votre r\u00e9gion, votre actu !<\/p>\n<p>Recevez chaque jour les infos qui comptent pour vous.<\/p>\n<p>\t<a href=\"https:\/\/actu.fr\/newsletter\" class=\"ac-btn ac-btn--corner ac-btn--medium ac-btn--blue800\" rel=\"nofollow noopener\" target=\"_blank\">S&rsquo;incrire<\/a><\/p>\n<p>    <img   decoding=\"async\" loading=\"lazy\" class=\"size-large\" src=\"https:\/\/www.europesays.com\/fr\/wp-content\/uploads\/2025\/09\/31a2839262d8655a2839262d849a28v-960x640.jpg\" alt=\"Pour se venger, les sculpteurs l'ont plac\u00e9 devant sa fen\u00eatre.\" width=\"960\" height=\"640\"\/><br \/>\n    Pour se venger, les sculpteurs l\u2019ont plac\u00e9 devant sa fen\u00eatre. \u00a9Ga\u00eblle Kabongo3. Entrep\u00f4t pendant la R\u00e9volution fran\u00e7aise<\/p>\n<p class=\" wall-content\">La cath\u00e9drale de Meaux a relativement \u00e9t\u00e9 \u00e9pargn\u00e9e lors de la R\u00e9volution fran\u00e7aise, survenue en 1789. Alors que le clerg\u00e9 \u00e9tait pourchass\u00e9 et les b\u00e2timents religieux incendi\u00e9s, la cath\u00e9drale de Meaux <b>servait d\u2019entrep\u00f4t<\/b>. \u00ab Il n\u2019y avait plus de culte. On y stockait de la paille, des provisions, du bois\u00a0etc. Pour les r\u00e9volutionnaires, les \u00e9glises \u00e9taient un frein pour l\u2019\u00e9volution de la soci\u00e9t\u00e9 \u00bb, explique Jean-Marc Ortega.<\/p>\n<p>4. Les vitraux explosent en 1870<\/p>\n<p class=\" wall-content\">La cath\u00e9drale a aussi travers\u00e9 les p\u00e9riodes de guerre. Alors que le conflit franco-prussien commenc\u00e9e le 9\u00a0juillet\u00a01870 s\u2019enlise, la cath\u00e9drale de Meaux subi des dommages. Une poudri\u00e8re \u00e9tait install\u00e9e du c\u00f4t\u00e9 de la rue d\u2019Orgemont. \u00ab \u00c7a a fait exploser certains vitraux. C\u2019est la raison pour laquelle on a quelques vitraux qui datent fin XIXe\u00a0si\u00e8cle, d\u00e9but XXe\u00a0si\u00e8cle. Il n\u2019en reste qu\u2019un qui est tr\u00e8s ancien et qui date du XVe\u00a0si\u00e8cle \u00bb, explique Marie-Paule Ortega.<\/p>\n<p>5. Un poste d\u2019observation pour les Nazis<\/p>\n<p class=\" wall-content\">Pendant la Seconde Guerre mondiale, une partie sp\u00e9cifique de la cath\u00e9drale de Meaux a \u00e9t\u00e9 utilis\u00e9e par l\u2019occupant nazi. \u00ab Les Nazis n\u2019en avaient rien \u00e0 faire de la cath\u00e9drale et de la religion en g\u00e9n\u00e9ral \u00bb, expliquent les Amis de la cath\u00e9drale de Meaux. Mais selon ces passionn\u00e9s de la cath\u00e9drale de Meaux, les <b>Nazis se servaient des tours pour observer l\u2019arriv\u00e9e des Alli\u00e9s<\/b>. \u00ab C\u2019est devenu un poste d\u2019observation, ils voyaient dans les 40 kilom\u00e8tres aux alentours pour surveiller tout ce qu\u2019il se passait. En haut, il y a des inscriptions en allemand. \u00bb<\/p>\n<p class=\" wall-content\">Personnalisez votre actualit\u00e9 en ajoutant vos villes et m\u00e9dias en favori avec <a href=\"https:\/\/moncompte.actu.fr\" title=\"D\u00e9couvez Mon Actu\" rel=\"nofollow noopener\" data-trk=\"{&quot;cta&quot;:{&quot;action&quot;:&quot;https:\\\/\\\/moncompte.actu.fr&quot;,&quot;category&quot;:&quot;mon compte&quot;,&quot;from&quot;:&quot;article footer&quot;,&quot;name&quot;:&quot;Mon actu&quot;,&quot;type&quot;:&quot;cta&quot;}}\" target=\"_blank\">Mon Actu<\/a>.<\/p>\n","protected":false},"excerpt":{"rendered":"Par Gaelle Kabongo Publi\u00e9 le 27 sept. 2025 \u00e0 7h00 850 ans d\u2019Histoire tr\u00f4nent au milieu de la&hellip;\n","protected":false},"author":2,"featured_media":420659,"comment_status":"","ping_status":"","sticky":false,"template":"","format":"standard","meta":{"footnotes":""},"categories":[9653],"tags":[1111,11,2430,1777,674,1011,27,12,2551,4020,25,4001,104],"class_list":{"0":"post-420658","1":"post","2":"type-post","3":"status-publish","4":"format-standard","5":"has-post-thumbnail","7":"category-saint-etienne","8":"tag-actu","9":"tag-actualites","10":"tag-auvergne-rhone-alpes","11":"tag-eu","12":"tag-europe","13":"tag-fr","14":"tag-france","15":"tag-news","16":"tag-patrimoine","17":"tag-religion","18":"tag-republique-francaise","19":"tag-saint-etienne","20":"tag-societe"},"share_on_mastodon":{"url":"https:\/\/pubeurope.com\/@fr\/115274585560718602","error":""},"_links":{"self":[{"href":"https:\/\/www.europesays.com\/fr\/wp-json\/wp\/v2\/posts\/420658","targetHints":{"allow":["GET"]}}],"collection":[{"href":"https:\/\/www.europesays.com\/fr\/wp-json\/wp\/v2\/posts"}],"about":[{"href":"https:\/\/www.europesays.com\/fr\/wp-json\/wp\/v2\/types\/post"}],"author":[{"embeddable":true,"href":"https:\/\/www.europesays.com\/fr\/wp-json\/wp\/v2\/users\/2"}],"replies":[{"embeddable":true,"href":"https:\/\/www.europesays.com\/fr\/wp-json\/wp\/v2\/comments?post=420658"}],"version-history":[{"count":0,"href":"https:\/\/www.europesays.com\/fr\/wp-json\/wp\/v2\/posts\/420658\/revisions"}],"wp:featuredmedia":[{"embeddable":true,"href":"https:\/\/www.europesays.com\/fr\/wp-json\/wp\/v2\/media\/420659"}],"wp:attachment":[{"href":"https:\/\/www.europesays.com\/fr\/wp-json\/wp\/v2\/media?parent=420658"}],"wp:term":[{"taxonomy":"category","embeddable":true,"href":"https:\/\/www.europesays.com\/fr\/wp-json\/wp\/v2\/categories?post=420658"},{"taxonomy":"post_tag","embeddable":true,"href":"https:\/\/www.europesays.com\/fr\/wp-json\/wp\/v2\/tags?post=420658"}],"curies":[{"name":"wp","href":"https:\/\/api.w.org\/{rel}","templated":true}]}}