{"id":420660,"date":"2025-09-27T05:25:34","date_gmt":"2025-09-27T05:25:34","guid":{"rendered":"https:\/\/www.europesays.com\/fr\/420660\/"},"modified":"2025-09-27T05:25:34","modified_gmt":"2025-09-27T05:25:34","slug":"4-soignants-nanceiens-auscultent-le-monde-en-rock","status":"publish","type":"post","link":"https:\/\/www.europesays.com\/fr\/420660\/","title":{"rendered":"4 soignants nanc\u00e9iens auscultent le monde en rock"},"content":{"rendered":"<p>Malgr\u00e9 des m\u00e9tiers prenants \u2013 parfois 12 heures par jour \u2013 ils tiennent \u00e0 ce rendez-vous hebdomadaire. \u00ab\u00a0Deux heures de r\u00e9p\u00e8te par semaine, \u00e7a para\u00eet peu, mais \u00e7a suffit pour garder la flamme\u00a0\u00bb, sourit Beno\u00eet, m\u00e9decin dans les Vosges et bassiste.<\/p>\n<p>Leur nom, Cargo Culte, est un clin d\u2019\u0153il \u00e0 Serge Gainsbourg, dont c\u2019\u00e9tait le dernier morceau sur Histoire de Melody Nelson, en 1971. Mais il renvoie aussi \u00e0 ces rituels en Papouasie, o\u00f9 l\u2019on construisait des avions en bois dans l\u2019espoir de voir tomber du ciel des cargaisons de nourriture.<\/p>\n<p>\u00ab\u00a0\u00c7a dit une chose\u00a0: on ne peut pas reproduire quelque chose sans en comprendre le processus\u00a0\u00bb, explique Manuel, docteur dans les Vosges, auteur-compositeur, chanteur et clavier.<\/p>\n<p>  <strong>\u00ab\u00a0Bienvenue au cirque\u00a0\u00bb\u00a0: un album enregistr\u00e9 comme un diagnostic<\/strong><\/p>\n<p>L\u2019\u00e9t\u00e9 dernier, les quatre Nanc\u00e9iens ont enregistr\u00e9 en 3 jours seulement \u00e0 Saint-Nicolas-de-Port leur premier album, \u00ab\u00a0Bienvenue au cirque.\u00a0\u00bb.\u00a0\u00ab\u00a0C\u2019\u00e9tait un challenge avec nos professions aussi, on n\u2019avait pas le choix\u2026 Comme un diagnostic, il fallait le finir\u00a0\u00bb, lance Fr\u00e9d\u00e9ric, naturaliste et batteur.<\/p>\n<p>La chanson \u00e9ponyme donne le ton avec ces paroles : \u00ab\u00a0Les monstres, c\u2019est vous.\u00a0\u00bb, \u00e9crites il y a plus de 25 ans. Leur album plonge dans de nombreuses th\u00e9matiques\u00a0: la misanthropie, la solitude,\u00a0l\u2019amour caboss\u00e9, le suicide&#8230; \u00ab\u00a0Quand on parle \u00e0 l\u2019humain, on ne peut pas \u00eatre que lisse. Il faut aussi montrer ce qui est rugueux\u00a0\u00bb, pr\u00e9cise Manuel.<\/p>\n<p>R\u00e9unis autour d\u2019une table, le quatuor rigole, \u00e9change des regards complices et de vieilles anecdotes\u00a0: la fac de m\u00e9decine ensemble pour certains, une retrouvaille 25 ans apr\u00e8s au stade Marcel Picot&#8230; Puis, ils pr\u00e9sentent \u00ab\u00a0Am\u00e9lie\u00a0\u00bb, un titre qui raconte le passage \u00e0 l\u2019adolescence et des premi\u00e8res menstruations. Un hommage aux femmes qui fait de leur projet un album \u00ab\u00a0tr\u00e8s f\u00e9ministe\u00a0\u00bb, assurent-ils.<\/p>\n<p>Pour Damien, podologue dans la r\u00e9gion de Nancy, la guitare est vitale\u00a0: \u00ab\u00a0Je vis le morceau. Je m\u2019impr\u00e8gne des paroles et je compose en fonction. C\u2019est mon exutoire.\u00a0\u00bb<\/p>\n<p>  <strong>Quatre personnalit\u00e9s diff\u00e9rentes<\/strong><\/p>\n<p>Avec des airs de satire, Cargo Culte ausculte aussi notre soci\u00e9t\u00e9. Dans \u00ab\u00a0Voyage en misanthropie\u00a0\u00bb, ils se moquent des salles de sport \u00e0 Basic Fit\u00a0: \u00ab\u00a0Ils me veulent quoi les Shreks en lycra moulant. J\u2019essaie de me barrer, mais comme un con, j\u2019ai pris un abonnement\u00a0\u00bb.<\/p>\n<p>Le chanteur r\u00e9sume\u00a0: \u00ab\u00a0On essaie tous de se comparer. Mais au fond, on veut juste \u00eatre peinard\u00a0\u00bb.<\/p>\n<p>Chacun apporte sa touche\u00a0: la basse\u00a0solide de Beno\u00eet, surnomm\u00e9 \u00ab\u00a0le calme\u00a0\u00bb, \u00ab\u00a0les guitares planantes\u00a0\u00bb de Damien, \u00ab\u00a0la diva\u00a0\u00bb, les textes bruts de Manuel et le groove de Fr\u00e9d\u00e9ric : \u00ab\u00a0Le rock, c\u2019est notre respiration\u00a0\u00bb, confie celui qui enrichit les compositions avec ses influences\u00a0: funk, electro, chanson fran\u00e7aise\u2026<\/p>\n<p>Apr\u00e8s une dizaine de concerts, trois F\u00eates de la musique et une soir\u00e9e \u00e0 l\u2019Autre Canal lors d\u2019un tremplin, le groupe pense d\u00e9j\u00e0 \u00e0 demain. Cinq morceaux sont dans les cartons pour un deuxi\u00e8me album. \u00ab\u00a0On a encore beaucoup de tiroirs \u00e0 ouvrir\u00a0\u00bb, concluent-ils. Cargo Culte n\u2019a pas dit son dernier mot.<\/p>\n","protected":false},"excerpt":{"rendered":"Malgr\u00e9 des m\u00e9tiers prenants \u2013 parfois 12 heures par jour \u2013 ils tiennent \u00e0 ce rendez-vous hebdomadaire. \u00ab\u00a0Deux&hellip;\n","protected":false},"author":2,"featured_media":420661,"comment_status":"","ping_status":"","sticky":false,"template":"","format":"standard","meta":{"footnotes":""},"categories":[9635],"tags":[1111,11,1687,1704,1777,674,107,1011,27,775,1702,12,25],"class_list":{"0":"post-420660","1":"post","2":"type-post","3":"status-publish","4":"format-standard","5":"has-post-thumbnail","7":"category-nancy","8":"tag-actu","9":"tag-actualites","10":"tag-culture-loisirs","11":"tag-edition-nancy-et-agglomeration","12":"tag-eu","13":"tag-europe","14":"tag-fil-info","15":"tag-fr","16":"tag-france","17":"tag-grand-est","18":"tag-nancy","19":"tag-news","20":"tag-republique-francaise"},"share_on_mastodon":{"url":"https:\/\/pubeurope.com\/@fr\/115274601213232535","error":""},"_links":{"self":[{"href":"https:\/\/www.europesays.com\/fr\/wp-json\/wp\/v2\/posts\/420660","targetHints":{"allow":["GET"]}}],"collection":[{"href":"https:\/\/www.europesays.com\/fr\/wp-json\/wp\/v2\/posts"}],"about":[{"href":"https:\/\/www.europesays.com\/fr\/wp-json\/wp\/v2\/types\/post"}],"author":[{"embeddable":true,"href":"https:\/\/www.europesays.com\/fr\/wp-json\/wp\/v2\/users\/2"}],"replies":[{"embeddable":true,"href":"https:\/\/www.europesays.com\/fr\/wp-json\/wp\/v2\/comments?post=420660"}],"version-history":[{"count":0,"href":"https:\/\/www.europesays.com\/fr\/wp-json\/wp\/v2\/posts\/420660\/revisions"}],"wp:featuredmedia":[{"embeddable":true,"href":"https:\/\/www.europesays.com\/fr\/wp-json\/wp\/v2\/media\/420661"}],"wp:attachment":[{"href":"https:\/\/www.europesays.com\/fr\/wp-json\/wp\/v2\/media?parent=420660"}],"wp:term":[{"taxonomy":"category","embeddable":true,"href":"https:\/\/www.europesays.com\/fr\/wp-json\/wp\/v2\/categories?post=420660"},{"taxonomy":"post_tag","embeddable":true,"href":"https:\/\/www.europesays.com\/fr\/wp-json\/wp\/v2\/tags?post=420660"}],"curies":[{"name":"wp","href":"https:\/\/api.w.org\/{rel}","templated":true}]}}