{"id":420662,"date":"2025-09-27T05:26:16","date_gmt":"2025-09-27T05:26:16","guid":{"rendered":"https:\/\/www.europesays.com\/fr\/420662\/"},"modified":"2025-09-27T05:26:16","modified_gmt":"2025-09-27T05:26:16","slug":"inondations-dans-le-var-la-valette-du-var-entre-urgence-et-actions-preventives","status":"publish","type":"post","link":"https:\/\/www.europesays.com\/fr\/420662\/","title":{"rendered":"Inondations dans le Var : La Valette-du-Var entre urgence et actions pr\u00e9ventives"},"content":{"rendered":"<p>\t\t\t\t\t\t\t\tUn contexte r\u00e9gional dramatique<\/p>\n<p>Dans la nuit de <strong data-start=\"492\" data-end=\"533\">dimanche 21 \u00e0 lundi 22 septembre 2025<\/strong>, un \u00e9pisode m\u00e9diterran\u00e9en d\u2019une rare intensit\u00e9 a balay\u00e9 une grande partie du sud-est de la France, du Var aux Bouches-du-Rh\u00f4ne. Des pluies diluviennes ont provoqu\u00e9 des mont\u00e9es d\u2019eau soudaines. Les rues se sont transform\u00e9es en torrents, des parkings inond\u00e9s, et de nombreux foyers priv\u00e9s d\u2019\u00e9lectricit\u00e9. Dans le Var, plus de <strong data-start=\"849\" data-end=\"866\">15 000 foyers<\/strong> \u00e9taient encore sans courant quelques heures apr\u00e8s le pic des intemp\u00e9ries. Le pr\u00e9fet a annonc\u00e9 l\u2019ouverture d\u2019une proc\u00e9dure de <strong data-start=\"992\" data-end=\"1017\">catastrophe naturelle<\/strong> pour faire face aux d\u00e9g\u00e2ts. Les services de secours ont \u00e9t\u00e9 submerg\u00e9s d\u2019alertes, particuli\u00e8rement dans l\u2019agglom\u00e9ration toulonnaise.<\/p>\n<p>\u00a0<\/p>\n<p><img loading=\"lazy\" decoding=\"async\" class=\" wp-image-56153\" src=\"https:\/\/www.europesays.com\/fr\/wp-content\/uploads\/2025\/09\/inondations_info83-300x169.jpg\" alt=\"inondations_info83\" width=\"692\" height=\"390\"  \/>Les inondations du 21 septembre 2025, un \u00e9v\u00e8nement centenaire.<\/p>\n<p>\u00a0<\/p>\n<p>24 septembre : mobilisation, curage pluvial et rencontres de terrain<\/p>\n<p data-start=\"1228\" data-end=\"1659\">Deux jours apr\u00e8s l\u2019\u00e9pisode, la Ville de La Valette-du-Var a organis\u00e9 une vaste op\u00e9ration de pr\u00e9vention et de remise en \u00e9tat. Cette op\u00e9ration a eu lieu le <strong data-start=\"1356\" data-end=\"1377\">24 septembre 2025<\/strong>. D\u00e8s 7h00, huit \u00e9quipes de <strong data-start=\"1405\" data-end=\"1421\">4 \u00e0 5 agents<\/strong>, chacune encadr\u00e9e par un responsable de secteur, se sont r\u00e9unies au CTM Sud pour un briefing. Leur mission : inspecter les zones sensibles (avaloirs, grilles, caniveaux, points de ruissellement) et proc\u00e9der au curage pluvial pr\u00e9ventif.<\/p>\n<p data-start=\"1661\" data-end=\"1912\">Le 24 septembre, les \u00e9quipes ont collect\u00e9 un volume impressionnant de d\u00e9chets charri\u00e9s par les inondations, remplissant des bennes enti\u00e8res. Ces actions visent \u00e0 pr\u00e9venir de nouveaux blocages et \u00e0 s\u00e9curiser les quartiers avant les prochaines pluies.<\/p>\n<p data-start=\"1914\" data-end=\"2274\">Au c\u0153ur de cette journ\u00e9e, <strong data-start=\"1940\" data-end=\"1950\">INFO83<\/strong> s\u2019est rendu sur le terrain aux c\u00f4t\u00e9s d\u2019\u00e9lus municipaux pour visiter un couple de sinistr\u00e9s. L\u2019\u00e9tat de leur logement, les d\u00e9g\u00e2ts mat\u00e9riels et l\u2019humidit\u00e9 persistante t\u00e9moignent des difficult\u00e9s \u00e0 venir. Les habitants ont exprim\u00e9 leurs inqui\u00e9tudes : d\u00e9marches d\u2019assurance, d\u00e9lais de remise en \u00e9tat, perte de biens essentiels.<\/p>\n<p><img loading=\"lazy\" decoding=\"async\" class=\" wp-image-56154\" src=\"https:\/\/www.europesays.com\/fr\/wp-content\/uploads\/2025\/09\/2_inondations_info83-300x169.jpg\" alt=\"2_inondations_info83\" width=\"708\" height=\"399\"  \/>Les d\u00e9chets se sont amoncel\u00e9s dans les bennes dispos\u00e9e par la collectivit\u00e9.<br \/>\nAccompagnement durable et perspective de r\u00e9silience<\/p>\n<p>Au-del\u00e0 de l\u2019urgence, la Ville de La Valette-du-Var s\u2019engage \u00e0 accompagner ses habitants dans la dur\u00e9e. Relogement, aide aux dossiers d\u2019assurance, suivi des travaux, soutien psychologique : la r\u00e9ponse municipale se veut humaine autant que technique. Cet \u00e9pisode confirme qu\u2019une v\u00e9ritable <strong data-start=\"2622\" data-end=\"2643\">r\u00e9silience locale<\/strong> repose autant sur la pr\u00e9paration que sur l\u2019\u00e9coute attentive des habitants.<\/p>\n<p>\u00a0<\/p>\n<p><strong><img decoding=\"async\" class=\"emoji\" role=\"img\" draggable=\"false\" src=\"https:\/\/s.w.org\/images\/core\/emoji\/13.1.0\/svg\/1f538.svg\" alt=\"\ud83d\udd38\" data-pin-no-hover=\"true\"\/>A voir aussi :\u00a0<\/strong><a href=\"https:\/\/www.info83.fr\/la-valette-du-var-inaugure-la-mairie-annexe-de-la-coupiane-des-services-de-proximite-au-coeur-du-quartier\/\" target=\"_blank\" rel=\"noopener\">La Valette-du-Var inaugure la mairie annexe de La Coupiane<\/a><\/p>\n<p><strong><img decoding=\"async\" class=\"emoji\" role=\"img\" draggable=\"false\" src=\"https:\/\/s.w.org\/images\/core\/emoji\/13.1.0\/svg\/1f538.svg\" alt=\"\ud83d\udd38\" data-pin-no-hover=\"true\"\/>Info83, le Var proche de vous<\/strong><\/p>\n","protected":false},"excerpt":{"rendered":"Un contexte r\u00e9gional dramatique Dans la nuit de dimanche 21 \u00e0 lundi 22 septembre 2025, un \u00e9pisode m\u00e9diterran\u00e9en&hellip;\n","protected":false},"author":2,"featured_media":420663,"comment_status":"","ping_status":"","sticky":false,"template":"","format":"standard","meta":{"footnotes":""},"categories":[9619],"tags":[1111,11,54991,1777,674,1011,27,54992,23763,54993,18323,12,54994,882,25,54995,54996,2310],"class_list":{"0":"post-420662","1":"post","2":"type-post","3":"status-publish","4":"format-standard","5":"has-post-thumbnail","7":"category-toulon","8":"tag-actu","9":"tag-actualites","10":"tag-curage-pluvial-24-septembre","11":"tag-eu","12":"tag-europe","13":"tag-fr","14":"tag-france","15":"tag-france-resilience","16":"tag-info83","17":"tag-inondations-var-2025","18":"tag-la-valette-du-var","19":"tag-news","20":"tag-plan-communal-de-sauvegarde","21":"tag-provence-alpes-cote-dazur","22":"tag-republique-francaise","23":"tag-sinistres-inondations","24":"tag-solidarite-municipale","25":"tag-toulon"},"share_on_mastodon":{"url":"https:\/\/pubeurope.com\/@fr\/115274605660620889","error":""},"_links":{"self":[{"href":"https:\/\/www.europesays.com\/fr\/wp-json\/wp\/v2\/posts\/420662","targetHints":{"allow":["GET"]}}],"collection":[{"href":"https:\/\/www.europesays.com\/fr\/wp-json\/wp\/v2\/posts"}],"about":[{"href":"https:\/\/www.europesays.com\/fr\/wp-json\/wp\/v2\/types\/post"}],"author":[{"embeddable":true,"href":"https:\/\/www.europesays.com\/fr\/wp-json\/wp\/v2\/users\/2"}],"replies":[{"embeddable":true,"href":"https:\/\/www.europesays.com\/fr\/wp-json\/wp\/v2\/comments?post=420662"}],"version-history":[{"count":0,"href":"https:\/\/www.europesays.com\/fr\/wp-json\/wp\/v2\/posts\/420662\/revisions"}],"wp:featuredmedia":[{"embeddable":true,"href":"https:\/\/www.europesays.com\/fr\/wp-json\/wp\/v2\/media\/420663"}],"wp:attachment":[{"href":"https:\/\/www.europesays.com\/fr\/wp-json\/wp\/v2\/media?parent=420662"}],"wp:term":[{"taxonomy":"category","embeddable":true,"href":"https:\/\/www.europesays.com\/fr\/wp-json\/wp\/v2\/categories?post=420662"},{"taxonomy":"post_tag","embeddable":true,"href":"https:\/\/www.europesays.com\/fr\/wp-json\/wp\/v2\/tags?post=420662"}],"curies":[{"name":"wp","href":"https:\/\/api.w.org\/{rel}","templated":true}]}}