{"id":420668,"date":"2025-09-27T05:29:16","date_gmt":"2025-09-27T05:29:16","guid":{"rendered":"https:\/\/www.europesays.com\/fr\/420668\/"},"modified":"2025-09-27T05:29:16","modified_gmt":"2025-09-27T05:29:16","slug":"montpellier-a-quelle-heure-et-sur-quelle-chaine-voir-le-match-de-la-8e-journee-de-ligue-2","status":"publish","type":"post","link":"https:\/\/www.europesays.com\/fr\/420668\/","title":{"rendered":"Montpellier. \u00c0 quelle heure et sur quelle cha\u00eene voir le match de la 8e journ\u00e9e de Ligue 2\u00a0? ."},"content":{"rendered":"<p>Laval- Montpellier. C\u2019est une affiche de revanchards que se profilent. Les Lavallois restent sur une d\u00e9faite 1-0 \u00e0 Pau. Et occupent une peu reluisante 14e place au classement. Les Mayennais auront \u00e0 c\u0153ur de rebondir. Mais leurs adversaires seront probablement anim\u00e9s du m\u00eame esprit de revanche apr\u00e8s avoir subi une d\u00e9route \u00e0 domicile contre Boulogne mardi (1-3). Ils d\u00e9barquent en Mayenne \u00e0 la 13e place du classement.<\/p>\n<p>Arriv\u00e9 cet \u00e9t\u00e9 \u00e0 Laval, <a href=\"https:\/\/laval.maville.com\/sport\/detail_-stade-lavallois.-je-ne-suis-pas-un-gueulard-cyril-mandouki-leader-calme-du-vestiaire-_11-6993831_actu.Htm\" target=\"_blank\" rel=\"noopener\">Cyril Mandouki<\/a> a rapidement et naturellement pris sa place de \u00ab\u00a0grand fr\u00e8re\u00a0\u00bb dans le vestiaire lavallois. Sans \u00e9lever la voix, le milieu de terrain de 34\u00a0ans apporte son \u00ab\u00a0caract\u00e8re de guerrier\u00a0\u00bb. Titulaire depuis quatre rencontres, il veut aider son club \u00e0 stopper la spirale n\u00e9gative d\u00e8s ce samedi 27\u00a0septembre, contre Montpellier.<\/p>\n<p>Pour ce match, sans surprise, les attaquants <a href=\"https:\/\/laval.maville.com\/sport\/detail_-stade-lavallois.-les-tango-prives-de-commaret-maddy-et-camara-contre-montpellier-_11-6992554_actu.Htm\" target=\"_blank\" rel=\"noopener\">Mamadou Camara et Eros Maddy<\/a> ne seront pas r\u00e9tablis. D\u00e9j\u00e0 absent \u00e0 Pau, Matt\u00e9o Commaret, qui tra\u00eene une douleur aux adducteurs, est \u00e9galement forfait.<\/p>\n<p>\u00c0 quelle heure aura lieu le match Stade lavallois &#8211; Montpellier HSC\u00a0?<\/p>\n<p>Le coup d\u2019envoi de la rencontre sera donn\u00e9 \u00e0 14\u00a0h, ce samedi 27\u00a0septembre au Stade Francis-Le Basser.<\/p>\n<p>Sur quelle cha\u00eene suivre le match Laval &#8211; Montpellier\u00a0?<\/p>\n<p>Le match sera diffus\u00e9 en direct sur beIN Sports 2. Vous pourrez \u00e9galement le suivre en direct comment\u00e9 sur notre site internet <a href=\"https:\/\/www.ouest-france.fr\/sport\/\" target=\"_blank\" rel=\"noopener\">ouest-france.fr<\/a><\/p>\n<p>\u00a0<\/p>\n","protected":false},"excerpt":{"rendered":"Laval- Montpellier. C\u2019est une affiche de revanchards que se profilent. Les Lavallois restent sur une d\u00e9faite 1-0 \u00e0&hellip;\n","protected":false},"author":2,"featured_media":420669,"comment_status":"","ping_status":"","sticky":false,"template":"","format":"standard","meta":{"footnotes":""},"categories":[9599],"tags":[1111,11,3809,1465,1777,674,63,1011,27,1792,1922,2208,12,2680,25,6689,479,517,1470,9693],"class_list":{"0":"post-420668","1":"post","2":"type-post","3":"status-publish","4":"format-standard","5":"has-post-thumbnail","7":"category-montpellier","8":"tag-actu","9":"tag-actualites","10":"tag-ball","11":"tag-basket","12":"tag-eu","13":"tag-europe","14":"tag-football","15":"tag-fr","16":"tag-france","17":"tag-handball","18":"tag-info","19":"tag-montpellier","20":"tag-news","21":"tag-occitanie","22":"tag-republique-francaise","23":"tag-roche","24":"tag-rugby","25":"tag-sport","26":"tag-volley","27":"tag-yon"},"share_on_mastodon":{"url":"https:\/\/pubeurope.com\/@fr\/115274616837272379","error":""},"_links":{"self":[{"href":"https:\/\/www.europesays.com\/fr\/wp-json\/wp\/v2\/posts\/420668","targetHints":{"allow":["GET"]}}],"collection":[{"href":"https:\/\/www.europesays.com\/fr\/wp-json\/wp\/v2\/posts"}],"about":[{"href":"https:\/\/www.europesays.com\/fr\/wp-json\/wp\/v2\/types\/post"}],"author":[{"embeddable":true,"href":"https:\/\/www.europesays.com\/fr\/wp-json\/wp\/v2\/users\/2"}],"replies":[{"embeddable":true,"href":"https:\/\/www.europesays.com\/fr\/wp-json\/wp\/v2\/comments?post=420668"}],"version-history":[{"count":0,"href":"https:\/\/www.europesays.com\/fr\/wp-json\/wp\/v2\/posts\/420668\/revisions"}],"wp:featuredmedia":[{"embeddable":true,"href":"https:\/\/www.europesays.com\/fr\/wp-json\/wp\/v2\/media\/420669"}],"wp:attachment":[{"href":"https:\/\/www.europesays.com\/fr\/wp-json\/wp\/v2\/media?parent=420668"}],"wp:term":[{"taxonomy":"category","embeddable":true,"href":"https:\/\/www.europesays.com\/fr\/wp-json\/wp\/v2\/categories?post=420668"},{"taxonomy":"post_tag","embeddable":true,"href":"https:\/\/www.europesays.com\/fr\/wp-json\/wp\/v2\/tags?post=420668"}],"curies":[{"name":"wp","href":"https:\/\/api.w.org\/{rel}","templated":true}]}}