{"id":420670,"date":"2025-09-27T05:32:00","date_gmt":"2025-09-27T05:32:00","guid":{"rendered":"https:\/\/www.europesays.com\/fr\/420670\/"},"modified":"2025-09-27T05:32:00","modified_gmt":"2025-09-27T05:32:00","slug":"concert-recital-dorgue-par-matti-vaakanainen-a-rouen-abbatiale-saint-ouen-places-billets-reservations","status":"publish","type":"post","link":"https:\/\/www.europesays.com\/fr\/420670\/","title":{"rendered":"Concert R\u00e9cital d&rsquo;orgue par Matti Vaakanainen \u00e0 Rouen, Abbatiale Saint-Ouen : places, billets, r\u00e9servations"},"content":{"rendered":"<p class=\"fw-bold font-size-16 my-1\"> Le 28\/09\/2025<\/p>\n<p class=\"fw-bold font-size-16 my-1\"> <a class=\"mr-2\" href=\"https:\/\/www.jds.fr\/rouen\/abbaye\/abbatiale-saint-ouen-19287_L\" rel=\"nofollow noopener\" target=\"_blank\">Abbatiale Saint-Ouen<\/a> | <a href=\"https:\/\/www.jds.fr\/rouen\/\" rel=\"nofollow noopener\" target=\"_blank\">Rouen<\/a><\/p>\n<p class=\"fw-bold font-size-16 my-1\"> Tarif plein : 10 \u20ac | Tarif r\u00e9duit : 7 \u20ac <\/p>\n<p>L\u2019abbatiale Saint-Ouen de Rouen accueille le jeune organiste finlandais Matti Vaakanainen pour un r\u00e9cital consacr\u00e9 aux grandes figures de l\u2019orgue fran\u00e7ais. Au clavier du monumental Cavaill\u00e9-Coll de 1890, il fera r\u00e9sonner un programme o\u00f9 se rencontrent lyrisme, spiritualit\u00e9 et \u00e9clat symphonique.<\/p>\n<p><a data-lightbox=\"article\" data-title=\"R\u00e9cital d&#039;orgue par Matti Vaakanainen   \u00a9 Anne Buch\" class=\"image detail fullwidth  position-relative d-block\" href=\"https:\/\/www.jds.fr\/medias\/image\/0-02347700-1758793737-729207-920-0-F.webp\" title=\"R\u00e9cital d&#039;orgue par Matti Vaakanainen   \u00a9 Anne Buch\" rel=\"nofollow noopener\" target=\"_blank\"><br \/>\n<img decoding=\"async\" loading=\"lazy\" src=\"https:\/\/www.europesays.com\/fr\/wp-content\/uploads\/2025\/09\/0-02347700-1758793737-729207-1200-0.webp.webp\"   width=\"685\" alt=\"R\u00e9cital d'orgue par Matti Vaakanainen  \" class=\"border\"\/><br \/>\n\u00a9 Anne Buch<br \/>\nR\u00e9cital d&rsquo;orgue par Matti Vaakanainen<br \/>\n<\/a><\/p>\n<p>Le concert s\u2019ouvre avec le Pr\u00e9lude de la Suite op. 5 de Maurice Durufl\u00e9, page d\u2019une intensit\u00e9 m\u00e9ditative o\u00f9 l\u2019\u00e9criture raffin\u00e9e et le chromatisme d\u00e9licat d\u00e9ploient une atmosph\u00e8re \u00e0 la fois recueillie et lumineuse.<\/p>\n<p>Suivent plusieurs \u0153uvres de Charles-Marie Widor, ma\u00eetre de la symphonie pour orgue\u00a0: l\u2019Andante sostenuto extrait de la Symphonie gothique op. 70, morceau empreint de douceur mystique, ainsi que trois pi\u00e8ces tardives issues de l\u2019opus 87 \u2014 Classique d\u2019hier, Mystique et Classique d\u2019aujourd\u2019hui. Ces pages, \u00e9crites \u00e0 la fin de la vie du compositeur, offrent un regard r\u00e9trospectif, o\u00f9 la tradition se m\u00eale \u00e0 une \u00e9criture plus personnelle et po\u00e9tique.<\/p>\n<p>Enfin, le r\u00e9cital s\u2019ach\u00e8ve dans la virtuosit\u00e9 flamboyante avec le Final de la 3e Symphonie op. 28 de Louis Vierne, chef-d\u2019\u0153uvre de puissance rythmique et d\u2019\u00e9clat sonore, v\u00e9ritable apoth\u00e9ose.<\/p>\n<p>Un programme qui met en valeur toute la richesse expressive de l\u2019\u00e9cole fran\u00e7aise et l\u2019ampleur incomparable de l\u2019orgue de Saint-Ouen.<\/p>\n<p>            Renseignements<\/p>\n<p><strong class=\"font-size-18\">O\u00f9\u00a0:<\/strong><br \/><a class=\"mt-1 d-block \" href=\"https:\/\/www.jds.fr\/rouen\/abbaye\/abbatiale-saint-ouen-19287_L\" rel=\"nofollow noopener\" target=\"_blank\"> Abbatiale Saint-Ouen &#8211; Rouen<\/a><a class=\"mt-1 d-block ps-4\" href=\"https:\/\/www.jds.fr\/rouen\/\" rel=\"nofollow noopener\" target=\"_blank\"> 76000 Rouen<\/a><\/p>\n<p>Dates et horaires\u00a0: <\/p>\n<ul class=\"liste-dates list-unstyled\" id=\"liste-dates-68d71457ecdb1\">\n<li>Dimanche 28 Septembre 2025 de 17h \u00e0 17h45<\/li>\n<\/ul>\n<p>Tarifs\u00a0: <\/p>\n<p>Tarif plein : 10 \u20ac<br \/>Tarif r\u00e9duit : 7 \u20ac<\/p>\n<p>Inscription, billetterie ou r\u00e9servation\u00a0: <\/p>\n<p>Dans la m\u00eame rubrique<\/p>\n<ul class=\"mt-3 list-unstyled list-articles-v2\">\n<li class=\"col-12 pt-4\" data-view-id-type=\"1\" data-view-id=\"983659\" data-view-bc=\"0\"><a class=\"d-block titre text-black mb-1 mb-md-2\" href=\"https:\/\/www.jds.fr\/rouen\/concerts\/reggae\/lettuce-983659_A\" rel=\"nofollow noopener\" target=\"_blank\">Lettuce<\/a>Le 02\/10\/2025<a href=\"https:\/\/www.jds.fr\/rouen\/salle-de-concert\/le-106-16700_L\" class=\"lieu font-size-14 text-gray-700 d-block lh-sm my-1\" rel=\"nofollow noopener\" target=\"_blank\"> Le 106 &#8211; Rouen<\/a>Lettuce en concert \u00e0 Rouen (Le 106 ), le 2 octobre 2025. Toutes les informations pratiques (tarifs, billetterie, plan de salle) pour ce concert sont \u00e0 retrouver sur cette page. [\u2026]<a class=\"image\" href=\"https:\/\/www.jds.fr\/rouen\/concerts\/reggae\/lettuce-983659_A\" rel=\"nofollow noopener\" target=\"_blank\"><img decoding=\"async\" loading=\"lazy\" src=\"https:\/\/www.europesays.com\/fr\/wp-content\/uploads\/2025\/09\/1758951111_225_\" width=\"180\" height=\"180\" alt=\"Lettuce\"\/><\/a><\/li>\n<li class=\"col-12 pt-4\" data-view-id-type=\"1\" data-view-id=\"934054\" data-view-bc=\"0\"><a class=\"d-block titre text-black mb-1 mb-md-2\" href=\"https:\/\/www.jds.fr\/rouen\/concerts\/jazz\/avishai-cohen-quartet-ben-lamar-gay-en-934054_A\" rel=\"nofollow noopener\" target=\"_blank\">Avishai Cohen Quartet + Ben Lamar Gay En<\/a>Le 08\/10\/2025<a href=\"https:\/\/www.jds.fr\/rouen\/salle-de-concert\/le-106-16700_L\" class=\"lieu font-size-14 text-gray-700 d-block lh-sm my-1\" rel=\"nofollow noopener\" target=\"_blank\"> Le 106 &#8211; Rouen<\/a>Avishai Cohen Quartet + Ben Lamar Gay En en concert \u00e0 Rouen (Le 106 ), le 8 octobre 2025. Toutes les informations pratiques (tarifs, billetterie, plan de salle) pour ce concert [\u2026]<a class=\"image\" href=\"https:\/\/www.jds.fr\/rouen\/concerts\/jazz\/avishai-cohen-quartet-ben-lamar-gay-en-934054_A\" rel=\"nofollow noopener\" target=\"_blank\"><img decoding=\"async\" loading=\"lazy\" src=\"https:\/\/www.europesays.com\/fr\/wp-content\/uploads\/2025\/09\/1758951111_948_\" width=\"180\" height=\"180\" alt=\"Avishai Cohen Quartet + Ben Lamar Gay En\"\/><\/a><\/li>\n<li class=\"li_gp_div\">\n<\/li>\n<li class=\"col-12 pt-4\" data-view-id-type=\"1\" data-view-id=\"1067154\" data-view-bc=\"0\"><a class=\"image\" href=\"https:\/\/www.jds.fr\/rouen\/concerts\/musique-classique\/shani-diluka-1067154_A\" rel=\"nofollow noopener\" target=\"_blank\"><img decoding=\"async\" loading=\"lazy\" src=\"https:\/\/www.europesays.com\/fr\/wp-content\/uploads\/2025\/07\/0-01183700-1751357251-663291-180-180.webp.webp\" width=\"180\" height=\"180\" alt=\"Shani Diluka\" class=\"border\"\/><\/a><\/li>\n<li class=\"col-12 pt-4\" data-view-id-type=\"1\" data-view-id=\"1129314\" data-view-bc=\"0\"><a class=\"d-block titre text-black mb-1 mb-md-2\" href=\"https:\/\/www.jds.fr\/rouen\/concerts\/candlelight-hommage-a-hans-zimmer-1129314_A\" rel=\"nofollow noopener\" target=\"_blank\">Candlelight\u00a0: Hommage \u00e0 Hans Zimmer<\/a>Du 10\/10\/2025 au 13\/02\/2026<a href=\"https:\/\/www.jds.fr\/rouen\/patrimoine-historique\/historial-jeanne-d-arc-23014_L\" class=\"lieu font-size-14 text-gray-700 d-block lh-sm my-1\" rel=\"nofollow noopener\" target=\"_blank\"> Historial Jeanne d\u2019Arc &#8211; Rouen<\/a>Candlelight, c&rsquo;est une exp\u00e9rience musicale magique dans de magnifiques lieux \u00e9clair\u00e9s \u00e0 la bougie. Ach\u00e8te tes billets d\u00e8s maintenant pour ce concert Candlelight\u00a0: [\u2026]<a class=\"image\" href=\"https:\/\/www.jds.fr\/rouen\/concerts\/candlelight-hommage-a-hans-zimmer-1129314_A\" rel=\"nofollow noopener\" target=\"_blank\"><img decoding=\"async\" loading=\"lazy\" src=\"https:\/\/www.europesays.com\/fr\/wp-content\/uploads\/2025\/08\/candlelight-hommage-a-hans-zimmer-695686-180-180.webp.webp\" width=\"180\" height=\"180\" alt=\"Candlelight : Hommage \u00e0 Hans Zimmer\" class=\"border\"\/><\/a><\/li>\n<li class=\"col-12 pt-4\" data-view-id-type=\"1\" data-view-id=\"1130283\" data-view-bc=\"0\"><a class=\"d-block titre text-black mb-1 mb-md-2\" href=\"https:\/\/www.jds.fr\/rouen\/concerts\/candlelight-coldplay-et-imagine-dragons-1130283_A\" rel=\"nofollow noopener\" target=\"_blank\">Candlelight: Coldplay &amp; Imagine Dragons<\/a>Du 10\/10\/2025 au 13\/02\/2026<a href=\"https:\/\/www.jds.fr\/rouen\/patrimoine-historique\/historial-jeanne-d-arc-23014_L\" class=\"lieu font-size-14 text-gray-700 d-block lh-sm my-1\" rel=\"nofollow noopener\" target=\"_blank\"> Historial Jeanne d\u2019Arc &#8211; Rouen<\/a><br \/>\nCandlelight, c&rsquo;est une exp\u00e9rience musicale magique dans de magnifiques lieux \u00e9clair\u00e9s \u00e0 la bougie. Ach\u00e8te tes billets d\u00e8s maintenant pour ce concert Candlelight\u00a0: [\u2026]<a class=\"image\" href=\"https:\/\/www.jds.fr\/rouen\/concerts\/candlelight-coldplay-et-imagine-dragons-1130283_A\" rel=\"nofollow noopener\" target=\"_blank\"><img decoding=\"async\" loading=\"lazy\" src=\"https:\/\/www.europesays.com\/fr\/wp-content\/uploads\/2025\/09\/candlelight-coldplay-et-imagine-dragons-696355-180-180.webp.webp\" width=\"180\" height=\"180\" alt=\"Candlelight: Coldplay &amp; Imagine Dragons\" class=\"border\"\/><\/a><\/li>\n<li class=\"li_gp_div li_gp_div_infeed\"\/>\n<li class=\"col-12 pt-4\" data-view-id-type=\"1\" data-view-id=\"983642\" data-view-bc=\"0\"><a class=\"d-block titre text-black mb-1 mb-md-2\" href=\"https:\/\/www.jds.fr\/rouen\/concerts\/electro\/mezerg-tournee-983642_A\" rel=\"nofollow noopener\" target=\"_blank\">Mezerg &#8211; Tourn\u00e9e<\/a>Le 11\/10\/2025<a href=\"https:\/\/www.jds.fr\/rouen\/salle-de-concert\/le-106-16700_L\" class=\"lieu font-size-14 text-gray-700 d-block lh-sm my-1\" rel=\"nofollow noopener\" target=\"_blank\"> Le 106 &#8211; Rouen<\/a>Mezerg &#8211; Tourn\u00e9e en concert \u00e0 Rouen (Le 106 ), le 11 octobre 2025. Toutes les informations pratiques (tarifs, billetterie, plan de salle) pour ce concert sont \u00e0 retrouver sur [\u2026]<a class=\"image\" href=\"https:\/\/www.jds.fr\/rouen\/concerts\/electro\/mezerg-tournee-983642_A\" rel=\"nofollow noopener\" target=\"_blank\"><img decoding=\"async\" loading=\"lazy\" src=\"https:\/\/www.europesays.com\/fr\/wp-content\/uploads\/2025\/09\/1758951114_584_\" width=\"180\" height=\"180\" alt=\"Mezerg - Tourn\u00e9e\"\/><\/a><\/li>\n<li class=\"col-12 pt-4\" data-view-id-type=\"1\" data-view-id=\"1129477\" data-view-bc=\"0\"><a class=\"d-block titre text-black mb-1 mb-md-2\" href=\"https:\/\/www.jds.fr\/rouen\/concerts\/candlelight-celine-dion-1129477_A\" rel=\"nofollow noopener\" target=\"_blank\">Candlelight: C\u00e9line Dion<\/a>Du 11\/10\/2025 au 30\/01\/2026<a href=\"https:\/\/www.jds.fr\/rouen\/patrimoine-historique\/historial-jeanne-d-arc-23014_L\" class=\"lieu font-size-14 text-gray-700 d-block lh-sm my-1\" rel=\"nofollow noopener\" target=\"_blank\"> Historial Jeanne d\u2019Arc &#8211; Rouen<\/a><br \/>\nCandlelight, c&rsquo;est une exp\u00e9rience musicale magique dans de magnifiques lieux \u00e9clair\u00e9s \u00e0 la bougie. Ach\u00e8te tes billets d\u00e8s maintenant pour ce concert Candlelight: C\u00e9line [\u2026]<a class=\"image\" href=\"https:\/\/www.jds.fr\/rouen\/concerts\/candlelight-celine-dion-1129477_A\" rel=\"nofollow noopener\" target=\"_blank\"><img decoding=\"async\" loading=\"lazy\" src=\"https:\/\/www.europesays.com\/fr\/wp-content\/uploads\/2025\/08\/candlelight-celine-dion-695774-180-180.webp.webp\" width=\"180\" height=\"180\" alt=\"Candlelight: C\u00e9line Dion\" class=\"border\"\/><\/a><\/li>\n<li class=\"col-12 pt-4\" data-view-id-type=\"1\" data-view-id=\"1067161\" data-view-bc=\"0\"><a class=\"image\" href=\"https:\/\/www.jds.fr\/rouen\/concerts\/musique-classique\/dans-les-pas-de-mozart-1067161_A\" rel=\"nofollow noopener\" target=\"_blank\"><img decoding=\"async\" loading=\"lazy\" src=\"https:\/\/www.europesays.com\/fr\/wp-content\/uploads\/2025\/07\/0-65579000-1751358411-663307-180-180.webp.webp\" width=\"180\" height=\"180\" alt=\"Dans les pas  de Mozart\" class=\"border\"\/><\/a><\/li>\n<li class=\"col-12 pt-4\" data-view-id-type=\"1\" data-view-id=\"1067165\" data-view-bc=\"0\"><a class=\"image\" href=\"https:\/\/www.jds.fr\/rouen\/concerts\/musique-classique\/amore-siciliano-1067165_A\" rel=\"nofollow noopener\" target=\"_blank\"><img decoding=\"async\" loading=\"lazy\" src=\"https:\/\/www.europesays.com\/fr\/wp-content\/uploads\/2025\/07\/0-29914700-1751358676-663312-180-180.webp.webp\" width=\"180\" height=\"180\" alt=\"Amore Siciliano\" class=\"border\"\/><\/a><\/li>\n<li class=\"li_gp_div li_gp_div_infeed\"\/>\n<li class=\"col-12 pt-4\" data-view-id-type=\"1\" data-view-id=\"1067169\" data-view-bc=\"0\"><a class=\"image\" href=\"https:\/\/www.jds.fr\/rouen\/concerts\/musique-classique\/beethoven-schumann-1067169_A\" rel=\"nofollow noopener\" target=\"_blank\"><img decoding=\"async\" loading=\"lazy\" src=\"https:\/\/www.europesays.com\/fr\/wp-content\/uploads\/2025\/07\/0-15746600-1751359318-663328-180-180.webp.webp\" width=\"180\" height=\"180\" alt=\"Beethoven,  Schumann\" class=\"border\"\/><\/a><\/li>\n<li class=\"col-12 pt-4\" data-view-id-type=\"1\" data-view-id=\"1067186\" data-view-bc=\"0\"><a class=\"image\" href=\"https:\/\/www.jds.fr\/rouen\/concerts\/musique-classique\/bachar-mar-khalife-1067186_A\" rel=\"nofollow noopener\" target=\"_blank\"><img decoding=\"async\" loading=\"lazy\" src=\"https:\/\/www.europesays.com\/fr\/wp-content\/uploads\/2025\/07\/0-37938800-1751363196-663353-180-180.webp.webp\" width=\"180\" height=\"180\" alt=\"Bachar  Mar-Khalif\u00e9\" class=\"border\"\/><\/a><\/li>\n<li class=\"col-12 pt-4\" data-view-id-type=\"1\" data-view-id=\"1067174\" data-view-bc=\"0\"><a class=\"image\" href=\"https:\/\/www.jds.fr\/rouen\/concerts\/musique-classique\/venus-1067174_A\" rel=\"nofollow noopener\" target=\"_blank\"><img decoding=\"async\" loading=\"lazy\" src=\"https:\/\/www.europesays.com\/fr\/wp-content\/uploads\/2025\/09\/0-42534900-1751359551-663334-180-180.webp.webp\" width=\"180\" height=\"180\" alt=\"V\u00e9nus\" class=\"border\"\/><\/a><\/li>\n<li class=\"col-12 pt-4\" data-view-id-type=\"1\" data-view-id=\"1067185\" data-view-bc=\"0\"><a class=\"image\" href=\"https:\/\/www.jds.fr\/rouen\/concerts\/musique-classique\/un-requiem-allemand-1067185_A\" rel=\"nofollow noopener\" target=\"_blank\"><img decoding=\"async\" loading=\"lazy\" src=\"https:\/\/www.europesays.com\/fr\/wp-content\/uploads\/2025\/09\/0-62988400-1751362991-663352-180-180.webp.webp\" width=\"180\" height=\"180\" alt=\"Un  requiem allemand\" class=\"border\"\/><\/a><\/li>\n<li class=\"li_gp_div li_gp_div_infeed\"\/>\n<li class=\"col-12 pt-4\" data-view-id-type=\"1\" data-view-id=\"1067175\" data-view-bc=\"0\"><a class=\"image\" href=\"https:\/\/www.jds.fr\/rouen\/concerts\/musique-classique\/voyage-d-hiver-1067175_A\" rel=\"nofollow noopener\" target=\"_blank\"><img decoding=\"async\" loading=\"lazy\" src=\"https:\/\/www.europesays.com\/fr\/wp-content\/uploads\/2025\/09\/0-65997100-1751359732-663335-180-180.webp.webp\" width=\"180\" height=\"180\" alt=\"Voyage d'hiver\" class=\"border\"\/><\/a><\/li>\n<li class=\"col-12 pt-4\" data-view-id-type=\"1\" data-view-id=\"1067190\" data-view-bc=\"0\"><a class=\"image\" href=\"https:\/\/www.jds.fr\/rouen\/concerts\/musique-classique\/les-variations-goldberg-1067190_A\" rel=\"nofollow noopener\" target=\"_blank\"><img decoding=\"async\" loading=\"lazy\" src=\"https:\/\/www.europesays.com\/fr\/wp-content\/uploads\/2025\/09\/0-33163700-1751363879-663359-180-180.webp.webp\" width=\"180\" height=\"180\" alt=\"Les Variations Goldberg\" class=\"border\"\/><\/a><\/li>\n<li class=\"col-12 pt-4\" data-view-id-type=\"1\" data-view-id=\"1067197\" data-view-bc=\"0\"><a class=\"image\" href=\"https:\/\/www.jds.fr\/rouen\/concerts\/musique-classique\/mendelssohn-tchaikovsky-1067197_A\" rel=\"nofollow noopener\" target=\"_blank\"><img decoding=\"async\" loading=\"lazy\" src=\"https:\/\/www.europesays.com\/fr\/wp-content\/uploads\/2025\/09\/0-68906700-1751364556-663368-180-180.webp.webp\" width=\"180\" height=\"180\" alt=\"Mendelssohn, Tcha\u00efkovsky\" class=\"border\"\/><\/a><\/li>\n<li class=\"col-12 pt-4\" data-view-id-type=\"1\" data-view-id=\"1067199\" data-view-bc=\"0\"><a class=\"image\" href=\"https:\/\/www.jds.fr\/rouen\/concerts\/musique-classique\/songs-of-passion-1067199_A\" rel=\"nofollow noopener\" target=\"_blank\"><img decoding=\"async\" loading=\"lazy\" src=\"https:\/\/www.europesays.com\/fr\/wp-content\/uploads\/2025\/09\/0-61852500-1751364952-663370-180-180.webp.webp\" width=\"180\" height=\"180\" alt=\"Songs of Passion\" class=\"border\"\/><\/a><\/li>\n<li class=\"li_gp_div li_gp_div_infeed\"\/>\n<li class=\"col-12 pt-4\" data-view-id-type=\"1\" data-view-id=\"1152232\" data-view-bc=\"0\"><a href=\"https:\/\/www.jds.fr\/rouen\/agenda\/musique-classique-89_B\" class=\"lh-sm\" rel=\"nofollow noopener\" target=\"_blank\">Musique classique \u00e0 Rouen<\/a><a class=\"d-block titre text-black mb-1 mb-md-2\" href=\"https:\/\/www.jds.fr\/rouen\/concerts\/musique-classique\/monroe-recital-de-chants-sacres-1152232_A\" rel=\"nofollow noopener\" target=\"_blank\">Monroe &#8211; R\u00e9cital de Chants Sacr\u00e9s<\/a>Le 31\/05\/2026<a href=\"https:\/\/www.jds.fr\/rouen\/patrimoine-religieux\/cathedrale-notre-dame-20345_L\" class=\"lieu font-size-14 text-gray-700 d-block lh-sm my-1\" rel=\"nofollow noopener\" target=\"_blank\"> Cath\u00e9drale Notre-Dame &#8211; Rouen<\/a>Monroe &#8211; R\u00e9cital de Chants Sacr\u00e9s en concert \u00e0 Rouen (Cath\u00e9drale Notre-Dame ), le 31 mai 2026. Toutes les informations pratiques (tarifs, billetterie, plan de salle) pour ce [\u2026]<a class=\"image\" href=\"https:\/\/www.jds.fr\/rouen\/concerts\/musique-classique\/monroe-recital-de-chants-sacres-1152232_A\" rel=\"nofollow noopener\" target=\"_blank\"><img decoding=\"async\" loading=\"lazy\" src=\"https:\/\/www.europesays.com\/fr\/wp-content\/uploads\/2025\/09\/1758951120_467_\" width=\"180\" height=\"180\" alt=\"Monroe - R\u00e9cital de Chants Sacr\u00e9s\"\/><\/a><\/li>\n<\/ul>\n<p class=\"font-size-30 fw-bold lh-1 mt-0 mb-4\">Je trouve les meilleures sorties dans ma ville<\/p>\n<p>Les actualit\u00e9s \u00e0  Rouen<\/p>\n<ul class=\"mt-3 list-unstyled list-articles-v2\">\n<li class=\"col-12 pt-4\" data-view-id-type=\"1\" data-view-id=\"1184027\" data-view-bc=\"0\"><a class=\"image\" href=\"https:\/\/www.jds.fr\/rouen\/magazine\/sorties-du-week-end\/on-fait-quoi-ce-week-end-a-rouen-3-idees-du-26-au-28-septembre-2025-1184027_A\" rel=\"nofollow noopener\" target=\"_blank\"><img decoding=\"async\" loading=\"lazy\" src=\"https:\/\/www.europesays.com\/fr\/wp-content\/uploads\/2025\/09\/candlelight-hommage-a-abba-727175-180-180.webp.webp\" width=\"180\" height=\"180\" alt=\"On fait quoi ce week-end \u00e0 Rouen ? 3 id\u00e9es du 26 au 28 septembre 2025\" class=\"border\"\/><\/a><\/li>\n<\/ul>\n<p><a href=\"https:\/\/www.jds.fr\/rouen\/magazine\/\" class=\"btn btn-outline-primary py-2 px-4\" rel=\"nofollow noopener\" target=\"_blank\">Voir toutes les actualit\u00e9s \u00e0  Rouen<\/a><\/p>\n<p class=\"mt-0 mb-3 h2\">Newsletter JDS Rouen<\/p>\n<p class=\"font-size-18 fw-normal lh-sm\">Pr\u00eat pour un week-end de folie\u00a0? Chaque jeudi tous les bons plans sorties<\/p>\n","protected":false},"excerpt":{"rendered":"Le 28\/09\/2025 Abbatiale Saint-Ouen | Rouen Tarif plein : 10 \u20ac | Tarif r\u00e9duit : 7 \u20ac L\u2019abbatiale&hellip;\n","protected":false},"author":2,"featured_media":420671,"comment_status":"","ping_status":"","sticky":false,"template":"","format":"standard","meta":{"footnotes":""},"categories":[9587],"tags":[1111,11,1777,674,1011,27,12,5161,25,9590],"class_list":{"0":"post-420670","1":"post","2":"type-post","3":"status-publish","4":"format-standard","5":"has-post-thumbnail","7":"category-rouen","8":"tag-actu","9":"tag-actualites","10":"tag-eu","11":"tag-europe","12":"tag-fr","13":"tag-france","14":"tag-news","15":"tag-normandie","16":"tag-republique-francaise","17":"tag-rouen"},"share_on_mastodon":{"url":"https:\/\/pubeurope.com\/@fr\/115274629750866690","error":""},"_links":{"self":[{"href":"https:\/\/www.europesays.com\/fr\/wp-json\/wp\/v2\/posts\/420670","targetHints":{"allow":["GET"]}}],"collection":[{"href":"https:\/\/www.europesays.com\/fr\/wp-json\/wp\/v2\/posts"}],"about":[{"href":"https:\/\/www.europesays.com\/fr\/wp-json\/wp\/v2\/types\/post"}],"author":[{"embeddable":true,"href":"https:\/\/www.europesays.com\/fr\/wp-json\/wp\/v2\/users\/2"}],"replies":[{"embeddable":true,"href":"https:\/\/www.europesays.com\/fr\/wp-json\/wp\/v2\/comments?post=420670"}],"version-history":[{"count":0,"href":"https:\/\/www.europesays.com\/fr\/wp-json\/wp\/v2\/posts\/420670\/revisions"}],"wp:featuredmedia":[{"embeddable":true,"href":"https:\/\/www.europesays.com\/fr\/wp-json\/wp\/v2\/media\/420671"}],"wp:attachment":[{"href":"https:\/\/www.europesays.com\/fr\/wp-json\/wp\/v2\/media?parent=420670"}],"wp:term":[{"taxonomy":"category","embeddable":true,"href":"https:\/\/www.europesays.com\/fr\/wp-json\/wp\/v2\/categories?post=420670"},{"taxonomy":"post_tag","embeddable":true,"href":"https:\/\/www.europesays.com\/fr\/wp-json\/wp\/v2\/tags?post=420670"}],"curies":[{"name":"wp","href":"https:\/\/api.w.org\/{rel}","templated":true}]}}