{"id":420672,"date":"2025-09-27T05:33:09","date_gmt":"2025-09-27T05:33:09","guid":{"rendered":"https:\/\/www.europesays.com\/fr\/420672\/"},"modified":"2025-09-27T05:33:09","modified_gmt":"2025-09-27T05:33:09","slug":"grenoble-des-voitures-radars-privees-vont-bientot-flasher-sur-les-routes-disere-voici-quand","status":"publish","type":"post","link":"https:\/\/www.europesays.com\/fr\/420672\/","title":{"rendered":"Grenoble. Des voitures radars priv\u00e9es vont bient\u00f4t flasher sur les routes d&rsquo;Is\u00e8re, voici quand"},"content":{"rendered":"<p>            Par<br \/>\n        <strong><br \/>\n            <a href=\"https:\/\/actu.fr\/auteur\/julien-sournies\" title=\"Consulter tous les articles de Julien Sournies\" rel=\"nofollow noopener\" target=\"_blank\">Julien Sournies<\/a><br \/>\n        <\/strong><\/p>\n<p>        Publi\u00e9 le<\/p>\n<p>            27 sept. 2025 \u00e0 6h34        <\/p>\n<p>C\u2019est au tour de l\u2019<a href=\"https:\/\/actu.fr\/auvergne-rhone-alpes\/isere_38\" rel=\"nofollow noopener\" target=\"_blank\">Is\u00e8re<\/a> de s\u2019\u00e9quiper de mettre en circulation les fameuses voitures radars priv\u00e9es.<\/p>\n<p class=\" wall-content\">Le dispositif, appel\u00e9 \u00ab\u2009Dexter\u2009\u00bb, lequel est d\u00e9j\u00e0 pr\u00e9sent depuis plusieurs mois dans certains d\u00e9partements de la r\u00e9gion Auvergne-Rh\u00f4ne-Alpes, sera d\u00e9ploy\u00e9 \u00e0 partir du<strong> samedi 4\u00a0octobre<\/strong> prochain en Is\u00e8re, annonce la pr\u00e9fecture dans un communiqu\u00e9.<\/p>\n<p>Le fonctionnement des voitures-radar<\/p>\n<p class=\" wall-content\">Dans le d\u00e9tail, les voitures radars\u00a0sont des appareils embarqu\u00e9s \u00e0 bord de voitures banalis\u00e9es et sont conduites par des gendarmes, des policiers en uniforme ou par des salari\u00e9s d\u2019entreprises priv\u00e9es retenues par l\u2019\u00c9tat dans le cadre de march\u00e9s publics.<\/p>\n<p class=\" wall-content\">Les voitures radars contr\u00f4lent les v\u00e9hicules qu\u2019elles croisent (sauf en cas de pr\u00e9sence d\u2019un s\u00e9parateur central) et ceux qui les doublent (jusqu\u2019\u00e0 trois voies sur sa gauche). Elles peuvent par ailleurs \u00eatre utilis\u00e9es \u00e0 l\u2019arr\u00eat, sur le bord des axes routiers.<\/p>\n<p class=\" wall-content\">Concernant la marge technique de ces radars, celle-ci est de <strong>10\u00a0km\/h<\/strong> pour les limitations de vitesse inf\u00e9rieures \u00e0 100\u00a0km\/h et de<strong> 10\u2009%<\/strong> pour les limitations de vitesse sup\u00e9rieure \u00e0 100\u00a0km\/h (contre 5\u00a0km\/h et 5\u2009% pour les autres radars de contr\u00f4le de la vitesse), soit le double de celle des radars fixes.<\/p>\n<p>Multiplier les contr\u00f4les de vitesse sur les routes<\/p>\n<p class=\" wall-content\">Ainsi, le programme a donc pour objectif de faire respecter les limitations de vitesse dans la dur\u00e9e en<strong> allongeant les plages horaires<\/strong> de circulation des voitures radars sur les routes les plus accidentog\u00e8nes.<\/p>\n<p class=\" wall-content\">Il permet par ailleurs de lib\u00e9rer du temps que les forces de l\u2019ordre pourront consacrer \u00e0 leurs missions d\u2019intervention, d\u2019enqu\u00eate et de pr\u00e9vention, tout en renfor\u00e7ant la protection des usagers de la route.<\/p>\n<p class=\" wall-content\">Personnalisez votre actualit\u00e9 en ajoutant vos villes et m\u00e9dias en favori avec <a href=\"https:\/\/moncompte.actu.fr\" title=\"D\u00e9couvez Mon Actu\" rel=\"nofollow noopener\" data-trk=\"{&quot;cta&quot;:{&quot;action&quot;:&quot;https:\\\/\\\/moncompte.actu.fr&quot;,&quot;category&quot;:&quot;mon compte&quot;,&quot;from&quot;:&quot;article footer&quot;,&quot;name&quot;:&quot;Mon actu&quot;,&quot;type&quot;:&quot;cta&quot;}}\" target=\"_blank\">Mon Actu<\/a>.<\/p>\n","protected":false},"excerpt":{"rendered":"Par Julien Sournies Publi\u00e9 le 27 sept. 2025 \u00e0 6h34 C\u2019est au tour de l\u2019Is\u00e8re de s\u2019\u00e9quiper de&hellip;\n","protected":false},"author":2,"featured_media":420673,"comment_status":"","ping_status":"","sticky":false,"template":"","format":"standard","meta":{"footnotes":""},"categories":[9566],"tags":[1111,11,2430,1777,674,1011,27,2731,12,6957,25,5009,104],"class_list":{"0":"post-420672","1":"post","2":"type-post","3":"status-publish","4":"format-standard","5":"has-post-thumbnail","7":"category-grenoble","8":"tag-actu","9":"tag-actualites","10":"tag-auvergne-rhone-alpes","11":"tag-eu","12":"tag-europe","13":"tag-fr","14":"tag-france","15":"tag-grenoble","16":"tag-news","17":"tag-radars","18":"tag-republique-francaise","19":"tag-securite-routiere","20":"tag-societe"},"share_on_mastodon":{"url":"https:\/\/pubeurope.com\/@fr\/115274632742983114","error":""},"_links":{"self":[{"href":"https:\/\/www.europesays.com\/fr\/wp-json\/wp\/v2\/posts\/420672","targetHints":{"allow":["GET"]}}],"collection":[{"href":"https:\/\/www.europesays.com\/fr\/wp-json\/wp\/v2\/posts"}],"about":[{"href":"https:\/\/www.europesays.com\/fr\/wp-json\/wp\/v2\/types\/post"}],"author":[{"embeddable":true,"href":"https:\/\/www.europesays.com\/fr\/wp-json\/wp\/v2\/users\/2"}],"replies":[{"embeddable":true,"href":"https:\/\/www.europesays.com\/fr\/wp-json\/wp\/v2\/comments?post=420672"}],"version-history":[{"count":0,"href":"https:\/\/www.europesays.com\/fr\/wp-json\/wp\/v2\/posts\/420672\/revisions"}],"wp:featuredmedia":[{"embeddable":true,"href":"https:\/\/www.europesays.com\/fr\/wp-json\/wp\/v2\/media\/420673"}],"wp:attachment":[{"href":"https:\/\/www.europesays.com\/fr\/wp-json\/wp\/v2\/media?parent=420672"}],"wp:term":[{"taxonomy":"category","embeddable":true,"href":"https:\/\/www.europesays.com\/fr\/wp-json\/wp\/v2\/categories?post=420672"},{"taxonomy":"post_tag","embeddable":true,"href":"https:\/\/www.europesays.com\/fr\/wp-json\/wp\/v2\/tags?post=420672"}],"curies":[{"name":"wp","href":"https:\/\/api.w.org\/{rel}","templated":true}]}}