{"id":420674,"date":"2025-09-27T05:34:16","date_gmt":"2025-09-27T05:34:16","guid":{"rendered":"https:\/\/www.europesays.com\/fr\/420674\/"},"modified":"2025-09-27T05:34:16","modified_gmt":"2025-09-27T05:34:16","slug":"pres-de-grenoble-ce-restaurant-de-montagne-tres-connu-menace-de-fermer-ca-nous-inquiete","status":"publish","type":"post","link":"https:\/\/www.europesays.com\/fr\/420674\/","title":{"rendered":"Pr\u00e8s de Grenoble. Ce restaurant de montagne tr\u00e8s connu menac\u00e9 de fermer : \u00ab\u00a0\u00c7a nous inqui\u00e8te\u00a0\u00bb"},"content":{"rendered":"<p>            Par<br \/>\n        <strong><br \/>\n            <a href=\"https:\/\/actu.fr\/auteur\/lisa-rodrigues\" title=\"Consulter tous les articles de Lisa Rodrigues\" target=\"_blank\" rel=\"noopener\">Lisa Rodrigues<\/a><br \/>\n        <\/strong><\/p>\n<p>        Publi\u00e9 le<\/p>\n<p>            27 sept. 2025 \u00e0 7h12        <\/p>\n<p>C\u2019est un appel au secours qu\u2019a lanc\u00e9 il y a quelques jours La G\u00e9linotte, le bar-restaurant au bord du lac de Freydi\u00e8res situ\u00e9 sur les hauteurs de la commune de Revel, pr\u00e8s de <a href=\"https:\/\/actu.fr\/auvergne-rhone-alpes\/grenoble_38185\" target=\"_blank\" rel=\"noopener\">Grenoble<\/a>. L\u2019\u00e9tablissement est tout bonnement <strong>menac\u00e9 de fermeture<\/strong>.<br \/>\u00ab\u00a0On est \u00e0 1 150 m\u00e8tres, tout au bout de la route. On g\u00e8re le lieu depuis 11 ans, on travaille avec un r\u00e9seau de producteurs locaux. On fait tr\u00e8s attention \u00e0 ce qu\u2019on fait. On est devenu un point de rep\u00e8re sur les Balcons de Belledonne\u00a0\u00bb, explique Fr\u00e9di Meignan, l\u2019un des deux associ\u00e9s.<br \/>Le probl\u00e8me : il est <strong>financier<\/strong>\u2026 mais c\u2019est surtout un conflit sur le bail et la v\u00e9tust\u00e9 du b\u00e2timent, opposant les restaurateurs locataires des lieux et la propri\u00e9taire, qui met en p\u00e9ril le futur de La G\u00e9linotte. \u00c0 tel point que la situation est arriv\u00e9e dans les tribunaux.<\/p>\n<p>    <a href=\"https:\/\/www.facebook.com\/plugins\/post.php?href=https%3A%2F%2Fwww.facebook.com%2Flagelinottebelledonne%2Fposts%2Fpfbid0NyuEjeaDhtsFjbMNk3sxbvg2koRLGjAmNPB7zor51saiRrB346AhJ7u8oiXogywvl&amp;show_text=true&amp;width=350\" title=\"Ouvrie le lien\" target=\"_blank\" rel=\"noopener\">Cliquez ici pour visualiser le contenu<\/a><\/p>\n<p>Un b\u00e2timent v\u00e9tuste<\/p>\n<p class=\" wall-content\">En 2014, les deux associ\u00e9s s\u2019installent \u00e0 La G\u00e9linotte. \u00ab\u00a0L\u2019\u00e9tat du b\u00e2timent \u00e9tait d\u00e9j\u00e0 mauvais, relate Fr\u00e9di Meignan. Mais on comptait sur le bon sens et l\u2019envie de faire vivre le lieu\u00a0\u00bb pour que la propri\u00e9taire engage les travaux n\u00e9cessaires.<\/p>\n<p class=\" wall-content\">Car on ne parle pas de petites r\u00e9parations : plafond rong\u00e9 par l\u2019humidit\u00e9, rev\u00eatement des sols non conforme, plomberie \u00e0 refaire presque enti\u00e8rement\u2026 \u00ab\u00a0C\u2019est une mise en danger pour les clients et pour l\u2019\u00e9quipe.\u00a0\u00bb\u00a0<\/p>\n<p><a class=\"jo-module-caroussel__img-container\" href=\"https:\/\/static.actu.fr\/uploads\/2025\/09\/gelinotte-chaudiere.png\" title=\"Agrandir la photo La chaudi\u00e8re au fioul du restaurant est trop vieille pour \u00eatre r\u00e9par\u00e9e. (\u00a9 Document remis \u00e0 actu Grenoble)\" data-idx=\"1\" target=\"_blank\" rel=\"noopener\"><br \/>\n    <img decoding=\"async\" class=\"jo-module-caroussel__img\" loading=\"lazy\" src=\"https:\/\/www.europesays.com\/fr\/wp-content\/uploads\/2025\/09\/gelinotte-chaudiere-640x427.png\" alt=\"La chaudi\u00e8re au fioul du restaurant est trop vieille pour \u00eatre r\u00e9par\u00e9e. (\u00a9 Document remis \u00e0 actu Grenoble)\" width=\"640\" height=\"427\"\/><\/a><a class=\"jo-module-caroussel__img-container\" href=\"https:\/\/static.actu.fr\/uploads\/2025\/09\/gelinotte-plomberie.jpg\" title=\"Agrandir la photo La plomberie du b\u00e2timent est en partie rong\u00e9e par les moisissures et les fuites sont r\u00e9currentes. (\u00a9 Document remis \u00e0 actu Grenoble)\" data-idx=\"2\" target=\"_blank\" rel=\"noopener\"><br \/>\n    <img decoding=\"async\" class=\"jo-module-caroussel__img\" loading=\"lazy\" src=\"https:\/\/www.europesays.com\/fr\/wp-content\/uploads\/2025\/09\/gelinotte-plomberie-640x427.jpg\" alt=\"La plomberie du b\u00e2timent est en partie rong\u00e9e par les moisissures et les fuites sont r\u00e9currentes. (\u00a9 Document remis \u00e0 actu Grenoble)\" width=\"640\" height=\"427\"\/><\/a><\/p>\n<blockquote class=\"ac-article-quote wall-content\">\n<p>Il y a l&rsquo;\u00e9lectricit\u00e9 qui n&rsquo;a plus rien de conforme. Notre chaudi\u00e8re est au fioul et a 80 ans. Le r\u00e9parateur ne savait m\u00eame pas comment la r\u00e9parer !<\/p>\n<p>    <strong>Fr\u00e9di Meignan<\/strong><br \/>\n        Associ\u00e9 du restaurant La G\u00e9linotte    <\/p><\/blockquote>\n<p class=\" wall-content\">Les locataires ont donc <strong>poursuivi en justice leur propri\u00e9taire<\/strong>, qui donne raison aux restaurateurs en janvier 2024. \u00ab\u00a0Le juge a list\u00e9 des chantiers \u00e0 r\u00e9aliser d\u2019urgence, souffle Fr\u00e9di Meignan. Il lui donnait six mois pour les r\u00e9aliser. Nous sommes en septembre 2025 et <strong>rien n\u2019a \u00e9t\u00e9 fait<\/strong>\u2026\u00a0\u00bb<\/p>\n<p>Votre r\u00e9gion, votre actu !<\/p>\n<p>Recevez chaque jour les infos qui comptent pour vous.<\/p>\n<p>\t<a href=\"https:\/\/actu.fr\/newsletter\" class=\"ac-btn ac-btn--corner ac-btn--medium ac-btn--blue800\" target=\"_blank\" rel=\"noopener\">S&rsquo;incrire<\/a><br \/>\nUne \u00ab\u00a0hausse intenable\u00a0\u00bb du loyer<\/p>\n<p class=\" wall-content\">Comme un probl\u00e8me n\u2019arrive jamais seul, la propri\u00e9taire a demand\u00e9 dans la foul\u00e9e une hausse du loyer <strong>de 2 400 \u00e0 3 500 euros<\/strong> mensuels, avec cinq ann\u00e9es de rattrapage r\u00e9troactif, soit <strong>50 000 euros \u00e0 verser en suppl\u00e9ment<\/strong>. Une demande qui repose sur l\u2019argument qu\u2019aucune augmentation de loyer n\u2019a \u00e9t\u00e9 r\u00e9alis\u00e9e depuis 2014.<\/p>\n<p class=\" wall-content\">\u00ab\u00a0La G\u00e9linotte tourne tr\u00e8s bien en \u00e9t\u00e9, mais les huit mois d\u2019hiver, c\u2019est compliqu\u00e9 comme on n\u2019est pas dans le village. <strong>On arrive tout juste \u00e0 \u00e9quilibrer l\u2019ann\u00e9e<\/strong> avec les quatre mois d\u2019\u00e9t\u00e9, plaide Fr\u00e9di Meignant. La hausse est intenable, on la refuse.\u00a0\u00bb D\u2019autant plus que les travaux exig\u00e9s par la justice n\u2019ont pas \u00e9t\u00e9 r\u00e9alis\u00e9s.<\/p>\n<p>    <a href=\"https:\/\/www.google.com\/maps\/embed?pb=!1m18!1m12!1m3!1d18917.189477678894!2d5.869644846928547!3d45.18594157461409!2m3!1f0!2f0!3f0!3m2!1i1024!2i768!4f13.1!3m3!1m2!1s0x478a5c34ad983995%3A0xcf7ff0fb7ede9b29!2sLa%20G%C3%A9linotte%20de%20Freydi%C3%A8res!5e0!3m2!1sfr!2sfr!4v1758895638946!5m2!1sfr!2sfr\" title=\"Ouvrie le lien\" target=\"_blank\" rel=\"noopener\">Cliquez ici pour visualiser le contenu<\/a><\/p>\n<p class=\" wall-content\">Surtout, il ne comprend pas la d\u00e9cision de sa propri\u00e9taire, avec qui \u00ab\u00a0le dialogue est rompu\u00a0\u00bb. \u00ab\u00a0Elle sait tr\u00e8s bien la r\u00e9alit\u00e9 \u00e9conomique du restaurant et ses difficult\u00e9s, elle l\u2019a g\u00e9r\u00e9e il y a 20 ans\u2026\u00a0\u00bb<\/p>\n<p class=\" wall-content\">Contact\u00e9e, la propri\u00e9taire n\u2019a pas r\u00e9pondu aux sollicitations de la r\u00e9daction.<\/p>\n<p>Soutien des habitants<\/p>\n<p class=\" wall-content\">Une<a href=\"https:\/\/www.change.org\/p\/pour-que-vive-la-g%C3%A9linotte-de-freydi%C3%A8res-90ac1cf7-903b-4afc-888b-afa733e2f664?recruiter=1388757197&amp;recruited_by_id=bd22c380-93d3-11f0-99e9-0b68d05fa5a2&amp;utm_source=share_petition&amp;utm_campaign=share_petition&amp;utm_term=share_petition&amp;utm_medium=copylink&amp;utm_content=cl_sharecopy_490782267_fr-FR%3A7\" target=\"_blank\" rel=\"noopener\"> p\u00e9tition en ligne<\/a> a \u00e9t\u00e9 lanc\u00e9e pour soutenir La G\u00e9linotte et a d\u00e9j\u00e0 recueilli pr\u00e8s de 2 000 signatures au moment d\u2019\u00e9crire ces lignes, en majorit\u00e9 des habitu\u00e9s et des riverains.<\/p>\n<p class=\" wall-content\">En attendant, La G\u00e9linotte <strong>reste ouverte<\/strong>, mais en effectif r\u00e9duit. Les deux salari\u00e9s permanents de la saison d\u2019hiver (ils sont 10 en \u00e9t\u00e9) n\u2019ont pas reconduit leur contrat, face \u00e0 la situation pr\u00e9caire du restaurant. \u00ab\u00a0On va travailler, mais dans des conditions difficiles. Tout \u00e7a, \u00e7a nous inqui\u00e8te.\u00a0\u00bb\u00a0<\/p>\n<p class=\" wall-content\">Personnalisez votre actualit\u00e9 en ajoutant vos villes et m\u00e9dias en favori avec <a href=\"https:\/\/moncompte.actu.fr\" title=\"D\u00e9couvez Mon Actu\" rel=\"nofollow noopener\" data-trk=\"{&quot;cta&quot;:{&quot;action&quot;:&quot;https:\\\/\\\/moncompte.actu.fr&quot;,&quot;category&quot;:&quot;mon compte&quot;,&quot;from&quot;:&quot;article footer&quot;,&quot;name&quot;:&quot;Mon actu&quot;,&quot;type&quot;:&quot;cta&quot;}}\" target=\"_blank\">Mon Actu<\/a>.<\/p>\n","protected":false},"excerpt":{"rendered":"Par Lisa Rodrigues Publi\u00e9 le 27 sept. 2025 \u00e0 7h12 C\u2019est un appel au secours qu\u2019a lanc\u00e9 il&hellip;\n","protected":false},"author":2,"featured_media":420675,"comment_status":"","ping_status":"","sticky":false,"template":"","format":"standard","meta":{"footnotes":""},"categories":[9566],"tags":[1111,11,2430,1777,674,1011,27,2731,303,5324,12,25,1340,104],"class_list":{"0":"post-420674","1":"post","2":"type-post","3":"status-publish","4":"format-standard","5":"has-post-thumbnail","7":"category-grenoble","8":"tag-actu","9":"tag-actualites","10":"tag-auvergne-rhone-alpes","11":"tag-eu","12":"tag-europe","13":"tag-fr","14":"tag-france","15":"tag-grenoble","16":"tag-justice","17":"tag-montagne","18":"tag-news","19":"tag-republique-francaise","20":"tag-restaurant","21":"tag-societe"},"share_on_mastodon":{"url":"https:\/\/pubeurope.com\/@fr\/115274637800459926","error":""},"_links":{"self":[{"href":"https:\/\/www.europesays.com\/fr\/wp-json\/wp\/v2\/posts\/420674","targetHints":{"allow":["GET"]}}],"collection":[{"href":"https:\/\/www.europesays.com\/fr\/wp-json\/wp\/v2\/posts"}],"about":[{"href":"https:\/\/www.europesays.com\/fr\/wp-json\/wp\/v2\/types\/post"}],"author":[{"embeddable":true,"href":"https:\/\/www.europesays.com\/fr\/wp-json\/wp\/v2\/users\/2"}],"replies":[{"embeddable":true,"href":"https:\/\/www.europesays.com\/fr\/wp-json\/wp\/v2\/comments?post=420674"}],"version-history":[{"count":0,"href":"https:\/\/www.europesays.com\/fr\/wp-json\/wp\/v2\/posts\/420674\/revisions"}],"wp:featuredmedia":[{"embeddable":true,"href":"https:\/\/www.europesays.com\/fr\/wp-json\/wp\/v2\/media\/420675"}],"wp:attachment":[{"href":"https:\/\/www.europesays.com\/fr\/wp-json\/wp\/v2\/media?parent=420674"}],"wp:term":[{"taxonomy":"category","embeddable":true,"href":"https:\/\/www.europesays.com\/fr\/wp-json\/wp\/v2\/categories?post=420674"},{"taxonomy":"post_tag","embeddable":true,"href":"https:\/\/www.europesays.com\/fr\/wp-json\/wp\/v2\/tags?post=420674"}],"curies":[{"name":"wp","href":"https:\/\/api.w.org\/{rel}","templated":true}]}}