{"id":420678,"date":"2025-09-27T05:37:21","date_gmt":"2025-09-27T05:37:21","guid":{"rendered":"https:\/\/www.europesays.com\/fr\/420678\/"},"modified":"2025-09-27T05:37:21","modified_gmt":"2025-09-27T05:37:21","slug":"etre-rennais-en-2025-ca-veut-dire-quoi","status":"publish","type":"post","link":"https:\/\/www.europesays.com\/fr\/420678\/","title":{"rendered":"\u00catre Rennais en 2025 : \u00e7a veut dire quoi ?"},"content":{"rendered":"<p>D\u00e9code la Bretagne<\/p>\n<p>Le 27 septembre 2025 \u00e0 07h07<\/p>\n<p class=\"tlg-h5\">En plein boum d\u00e9mographique, Rennes a depuis longtemps perdu son image d\u2019aust\u00e8re ville de province. Mais existe-t-il vraiment un \u00ab esprit rennais \u00bb, comme l\u2019\u00e9voque souvent Nathalie App\u00e9r\u00e9 ? La capitale bretonne s\u2019est offert une nouvelle image de marque, mais entre clich\u00e9s tenaces et identit\u00e9 revendiqu\u00e9e, la \u00ab rennitude \u00bb reste une notion difficile \u00e0 d\u00e9terminer. Voici un dossier pour y voir plus clair. Plus d&rsquo;articles \u00e0 venir&#8230;<\/p>\n","protected":false},"excerpt":{"rendered":"D\u00e9code la Bretagne Le 27 septembre 2025 \u00e0 07h07 En plein boum d\u00e9mographique, Rennes a depuis longtemps perdu&hellip;\n","protected":false},"author":2,"featured_media":420679,"comment_status":"","ping_status":"","sticky":false,"template":"","format":"standard","meta":{"footnotes":""},"categories":[2821],"tags":[1111,11,34929,829,41440,1777,674,1011,27,12,584,25],"class_list":{"0":"post-420678","1":"post","2":"type-post","3":"status-publish","4":"format-standard","5":"has-post-thumbnail","7":"category-rennes","8":"tag-actu","9":"tag-actualites","10":"tag-bloc-dossier-rennes","11":"tag-bretagne","12":"tag-decode-la-bretagne","13":"tag-eu","14":"tag-europe","15":"tag-fr","16":"tag-france","17":"tag-news","18":"tag-rennes","19":"tag-republique-francaise"},"share_on_mastodon":{"url":"https:\/\/pubeurope.com\/@fr\/115274648368162982","error":""},"_links":{"self":[{"href":"https:\/\/www.europesays.com\/fr\/wp-json\/wp\/v2\/posts\/420678","targetHints":{"allow":["GET"]}}],"collection":[{"href":"https:\/\/www.europesays.com\/fr\/wp-json\/wp\/v2\/posts"}],"about":[{"href":"https:\/\/www.europesays.com\/fr\/wp-json\/wp\/v2\/types\/post"}],"author":[{"embeddable":true,"href":"https:\/\/www.europesays.com\/fr\/wp-json\/wp\/v2\/users\/2"}],"replies":[{"embeddable":true,"href":"https:\/\/www.europesays.com\/fr\/wp-json\/wp\/v2\/comments?post=420678"}],"version-history":[{"count":0,"href":"https:\/\/www.europesays.com\/fr\/wp-json\/wp\/v2\/posts\/420678\/revisions"}],"wp:featuredmedia":[{"embeddable":true,"href":"https:\/\/www.europesays.com\/fr\/wp-json\/wp\/v2\/media\/420679"}],"wp:attachment":[{"href":"https:\/\/www.europesays.com\/fr\/wp-json\/wp\/v2\/media?parent=420678"}],"wp:term":[{"taxonomy":"category","embeddable":true,"href":"https:\/\/www.europesays.com\/fr\/wp-json\/wp\/v2\/categories?post=420678"},{"taxonomy":"post_tag","embeddable":true,"href":"https:\/\/www.europesays.com\/fr\/wp-json\/wp\/v2\/tags?post=420678"}],"curies":[{"name":"wp","href":"https:\/\/api.w.org\/{rel}","templated":true}]}}