{"id":420688,"date":"2025-09-27T05:42:26","date_gmt":"2025-09-27T05:42:26","guid":{"rendered":"https:\/\/www.europesays.com\/fr\/420688\/"},"modified":"2025-09-27T05:42:26","modified_gmt":"2025-09-27T05:42:26","slug":"theatre-de-rue-concert-et-lectures-animees-a-ce-marche-aux-livres-pres-de-nantes","status":"publish","type":"post","link":"https:\/\/www.europesays.com\/fr\/420688\/","title":{"rendered":"Th\u00e9\u00e2tre de rue, concert et lectures anim\u00e9es \u00e0 ce march\u00e9 aux livres pr\u00e8s de Nantes"},"content":{"rendered":"<p>Ce samedi 27\u00a0septembre, de 14\u00a0h \u00e0 18\u00a0h\u00a030, la Ville d\u2019Orvault propose un march\u00e9 aux livres anim\u00e9 par des lectures, du th\u00e9\u00e2tre de rue et un concert, sur l\u2019esplanade de la m\u00e9diath\u00e8que Orm\u00e9do, dans le Bourg.<\/p>\n<p>\u00c0 proximit\u00e9 et au m\u00eame moment, des associations locales organisent \u00ab\u00a0Le Cens de la f\u00eate\u00a0\u00bb, un \u00e9v\u00e9nement festif\u00a0! La promesse d\u2019un bel apr\u00e8s-midi \u00e0 Orvault.<\/p>\n<p><a href=\"https:\/\/nantes.maville.com\/actu\/actudet_-le-petit-bar-d-orvault-tire-sa-reverence-ce-samedi-27-septembre-avec-un-grand-concert-_8-6992415_actu.Htm\" target=\"_blank\" rel=\"noopener\">##\u00a0Lire aussi Le Petit Bar d\u2019Orvault tire sa r\u00e9v\u00e9rence ce samedi 27\u00a0septembre avec un grand concert<\/a><\/p>\n<p>Le march\u00e9 aux livres\u00a0: de 14\u00a0h \u00e0 18\u00a0h\u00a030, le parvis d\u2019Orm\u00e9do se transformera donc en march\u00e9 aux livres. Des romans, documentaires, BD et albums jeunesses seront mis en vente au prix de 1\u00a0\u20ac. Ces livres sortent tout droit de d\u00e9stockages des trois biblioth\u00e8ques municipales\u00a0: Orm\u00e9do, Tulitujou et Le Petit ChantiLire.<\/p>\n<p>De plus, les agents des biblioth\u00e8ques et des b\u00e9n\u00e9voles conteront des histoires sous forme d\u2019un kamishiba\u00ef, dans le camion L\u2019Explorateur. Le march\u00e9 aux livres s\u2019accompagnera d\u2019autres animations\u00a0: lecture, th\u00e9\u00e2tre de rue et concert.<\/p>\n<p>Th\u00e9\u00e2tre, concert, bal,<br \/>animations, jeux en bois<\/p>\n<p>\u00c0 15\u00a0h\u00a030, la compagnie Proscenia donnera vie au roman Nuit de noces, \u00e9crit par Violaine B\u00e9rot et racontant l\u2019histoire d\u2019amour infini de ses parents.<\/p>\n<p>\u00c0 17\u00a0h, la compagnie New Rancard mettra en sc\u00e8ne une fantaisie sur le th\u00e8me du couple. Puis, \u00e0 17\u00a0h\u00a030, SuperMarket proposera un concert loufoque, adapt\u00e9 aux petits comme aux grands. Le Cens de la f\u00eate\u00a0: Un collectif d\u2019associations du Bourg et de la Bugalli\u00e8re organise la premi\u00e8re \u00e9dition d\u2019un \u00e9v\u00e9nement dans le Bourg\u00a0: \u00ab\u00a0Le Cens de la F\u00eate\u00a0\u00bb. De 15\u00a0h \u00e0 18\u00a0h, les associations proposeront des animations vari\u00e9es telles que des jeux en bois, des balades en triporteur, des d\u00e9monstrations de hip-hop\u2026 La soir\u00e9e se poursuivra, \u00e0 partir de 19\u00a0h, par un bal populaire anim\u00e9 par l\u2019orchestre \u201cL\u2019Art Sc\u00e8ne\u201d.<\/p>\n<p>\u00a0<\/p>\n","protected":false},"excerpt":{"rendered":"Ce samedi 27\u00a0septembre, de 14\u00a0h \u00e0 18\u00a0h\u00a030, la Ville d\u2019Orvault propose un march\u00e9 aux livres anim\u00e9 par des&hellip;\n","protected":false},"author":2,"featured_media":420689,"comment_status":"","ping_status":"","sticky":false,"template":"","format":"standard","meta":{"footnotes":""},"categories":[2818],"tags":[1111,11,42733,1697,1777,674,1011,27,10803,1380,2089,766,12,2636,3762,25,3640,1347],"class_list":{"0":"post-420688","1":"post","2":"type-post","3":"status-publish","4":"format-standard","5":"has-post-thumbnail","7":"category-nantes","8":"tag-actu","9":"tag-actualites","10":"tag-animees","11":"tag-concert","12":"tag-eu","13":"tag-europe","14":"tag-fr","15":"tag-france","16":"tag-lectures","17":"tag-livres","18":"tag-marche","19":"tag-nantes","20":"tag-news","21":"tag-pays-de-la-loire","22":"tag-pres","23":"tag-republique-francaise","24":"tag-rue","25":"tag-theatre"},"share_on_mastodon":{"url":"https:\/\/pubeurope.com\/@fr\/115274668059921728","error":""},"_links":{"self":[{"href":"https:\/\/www.europesays.com\/fr\/wp-json\/wp\/v2\/posts\/420688","targetHints":{"allow":["GET"]}}],"collection":[{"href":"https:\/\/www.europesays.com\/fr\/wp-json\/wp\/v2\/posts"}],"about":[{"href":"https:\/\/www.europesays.com\/fr\/wp-json\/wp\/v2\/types\/post"}],"author":[{"embeddable":true,"href":"https:\/\/www.europesays.com\/fr\/wp-json\/wp\/v2\/users\/2"}],"replies":[{"embeddable":true,"href":"https:\/\/www.europesays.com\/fr\/wp-json\/wp\/v2\/comments?post=420688"}],"version-history":[{"count":0,"href":"https:\/\/www.europesays.com\/fr\/wp-json\/wp\/v2\/posts\/420688\/revisions"}],"wp:featuredmedia":[{"embeddable":true,"href":"https:\/\/www.europesays.com\/fr\/wp-json\/wp\/v2\/media\/420689"}],"wp:attachment":[{"href":"https:\/\/www.europesays.com\/fr\/wp-json\/wp\/v2\/media?parent=420688"}],"wp:term":[{"taxonomy":"category","embeddable":true,"href":"https:\/\/www.europesays.com\/fr\/wp-json\/wp\/v2\/categories?post=420688"},{"taxonomy":"post_tag","embeddable":true,"href":"https:\/\/www.europesays.com\/fr\/wp-json\/wp\/v2\/tags?post=420688"}],"curies":[{"name":"wp","href":"https:\/\/api.w.org\/{rel}","templated":true}]}}