{"id":420694,"date":"2025-09-27T05:45:15","date_gmt":"2025-09-27T05:45:15","guid":{"rendered":"https:\/\/www.europesays.com\/fr\/420694\/"},"modified":"2025-09-27T05:45:15","modified_gmt":"2025-09-27T05:45:15","slug":"une-semaine-dechos-politiques-en-gironde-5","status":"publish","type":"post","link":"https:\/\/www.europesays.com\/fr\/420694\/","title":{"rendered":"une semaine d\u2019\u00e9chos politiques en Gironde"},"content":{"rendered":"<p>            Sarkozy \u00e0 l\u2019ap\u00e9ro<\/p>\n<p>Petit moment de flottement pour Philippe Poutou, vendredi matin, en tout d\u00e9but de conseil de Bordeaux M\u00e9tropole. L\u2019\u00e9lu bordelais cherche ses notes et, jamais \u00e0 court de boutades grin\u00e7antes, s\u2019excuse au micro\u00a0: \u00ab\u00a0Y avait soir\u00e9e ap\u00e9ro hier, on a f\u00eat\u00e9 la condamnation de l\u2019ex-pr\u00e9sident malfaiteur\u2026\u00a0\u00bb Pour cet ap\u00e9ro, pas de suspension possible, c\u2019est une autre forme d\u2019ex\u00e9cution provisoire\u00a0: on y va tout de suite.<\/p>\n<p>Fumeux<\/p>\n<p>L\u2019\u00e9conomiste m\u00e9diatique d\u00e9sormais candidat \u00e0 la mairie de Bordeaux, Philippe Dessertine, a ouvert sa permanence de campagne cours d\u2019Alsace-et-Lorraine, dans le centre-ville. Pur hasard, elle sera situ\u00e9e juste \u00e0 c\u00f4t\u00e9 d\u2019une boutique sp\u00e9cialis\u00e9e dans les articles li\u00e9s au cannabis. S\u2019il y a trop de tension pendant la campagne, le candidat n\u2019aura pas loin \u00e0 aller pour go\u00fbter aux vertus apaisantes du CBD. En esp\u00e9rant qu\u2019elle ne prendra pas quand m\u00eame un tour trop fumeux.<\/p>\n<p>        <img decoding=\"async\" id=\"26099407\" src=\"https:\/\/www.europesays.com\/fr\/wp-content\/uploads\/2025\/09\/img-1459.jpeg\" itemprop=\"contentURL\"\/><\/p>\n<p>Visant<\/p>\n<p>    \u00c0 Soulac, Pintat sort du lot<\/p>\n<p>En attirant Jean Dujardin \u00e0 Soulac, Xavier Pintat, ancien s\u00e9nateur LR et maire ind\u00e9boulonnable depuis le 14\u00a0juillet 1990, a r\u00e9ussi un grand coup. Voil\u00e0 Lacanau, Arcachon et m\u00eame le Cap Ferret rel\u00e9gu\u00e9s dans l\u2019ombre de sa station baln\u00e9aire. Soulac a le vent en poupe, tout le monde le dit. Lors d\u2019un \u00e9change avec la presse, le maire soulacais, qui partage des bi\u00e8res avec l\u2019acteur oscaris\u00e9 sur le front de mer, a confi\u00e9 que son nouvel ami avait pour voisine \u00e0 Paris la chanteuse Myl\u00e8ne Farmer. Un signe\u00a0? Une nouvelle recrue\u00a0? L\u2019\u00e9t\u00e9 prochain, il faudra guetter les serviettes sur la plage centrale. En attendant, Pintat, lui, tient d\u00e9j\u00e0 son meilleur sc\u00e9nario\u00a0: sa r\u00e9\u00e9lection. A ce niveau de casting, il ne devrait pas y avoir grand suspens \u00e0 la sortie des urnes. Tout un art\u2026<\/p>\n<p>Sondage<\/p>\n<p>Quelques acteurs de gauche commencent \u00e0 s\u2019agacer de voir le maire \u00e9cologiste sortant de Bordeaux faire sa future liste un peu trop en solo. Pierre Hurmic a pr\u00e9venu\u00a0: il veut renouveler la moiti\u00e9 de la liste victorieuse de 2020 et conserver une moiti\u00e9 d\u2019\u00e9lus dits de la \u00ab\u00a0soci\u00e9t\u00e9 civile\u00a0\u00bb. Certains, au PS ou au PC, aimeraient un peu plus de consid\u00e9ration. Quitte \u00e0 faire une liste concurrente\u00a0? En tout cas, le sondage Ifop de d\u00e9but septembre \u00e0 Strasbourg n\u2019est pas pass\u00e9 inaper\u00e7u\u00a0: la maire \u00e9colo sortante, Jeanne Barseghian, n\u2019arriverait qu\u2019en troisi\u00e8me position avec 19\u00a0%, devant LFI et RN donn\u00e9s chacun \u00e0 13\u00a0%, mais loin derri\u00e8re LR et le PS, avec 28\u00a0% et 27\u00a0%. \u00c0 bon entendeur.<\/p>\n<p>Riner<\/p>\n<p><a href=\"https:\/\/www.sudouest.fr\/sport\/judo\/teddy-riner-le-meilleur-des-roles-ce-serait-president-le-judoka-ne-cache-plus-ses-ambitions-politiques-25918484.php\" target=\"_blank\" rel=\"follow nofollow noopener\">\u00ab\u00a0Pour moi, le meilleur r\u00f4le serait d\u2019\u00eatre pr\u00e9sident\u00a0\u00bb<\/a>, a d\u00e9clar\u00e9 le judoka Teddy Riner, levant un coin de tatami sur ses suppos\u00e9es ambitions politiques. Mais selon Philippe Dessertine, le g\u00e9ant m\u00e9daill\u00e9 olympique se trompe de combat. \u00ab\u00a0Il veut \u00eatre pr\u00e9sident, mais il se fait des fantasmes sur les capacit\u00e9s d\u2019action d\u2019un pr\u00e9sident\u00a0\u00bb, estime-t-il. Trump\u00a0? C\u2019est pareil, fausse route\u00a0: \u00ab\u00a0Il a fait la synth\u00e8se entre les gilets jaunes et la Manif pour tous, mais ce n\u2019est pas \u00e7a qu\u2019il faut faire, on ne peut pas s\u2019appuyer sur la col\u00e8re et l\u2019angoisse\u00a0\u00bb, estime le d\u00e9sormais candidat \u00e0 la mairie de Bordeaux. Le vrai pouvoir, selon lui, est dans les villes, pas au niveau de l\u2019\u00c9tat. Maire, il n\u2019y a que \u00e7a de vrai.<\/p>\n<p>Com\u00e8te<\/p>\n<p>Toujours se m\u00e9fier du maniement de bonnes vieilles expressions quand vous prenez la parole en public. Intervenant au micro de Bordeaux M\u00e9tropole, \u00e0 nouveau vendredi matin, sur le sort du Parc des expos de Bordeaux-Lac, Anne Fahmy, conseill\u00e8re d\u2019opposition macroniste, s\u2019est risqu\u00e9e \u00e0 lancer\u00a0: \u00ab\u00a0On ne va pas faire de v\u0153ux sur le com\u00e8te.\u00a0\u00bb Ni tirer de plans en regardant une \u00e9toile filante.<\/p>\n<p>Muet<\/p>\n<p>Le d\u00e9put\u00e9 Renaissance Thomas Cazenave n\u2019a pas pu prendre la parole lors du conseil de Bordeaux M\u00e9tropole, qui s\u2019est tenu le 26\u00a0septembre, \u00e0 cause d\u2019une s\u00e9v\u00e8re extinction de voix. Lors de l\u2019hommage \u00e0 l\u2019ancien pr\u00e9sident de la M\u00e9tropole, Alain Anziani, d\u00e9c\u00e9d\u00e9 durant l\u2019\u00e9t\u00e9, c\u2019est sa colisti\u00e8re Anne Fahmy qui a lu l\u2019intervention qu\u2019avait pr\u00e9vu Cazenave. Qu\u2019on se rassure tout de m\u00eame, l\u2019\u00e9lu n\u2019est pas totalement r\u00e9duit au silence. Un peu plus tard, il s\u2019est \u00e9clips\u00e9 pour avoir un long \u00e9change avec la ministre d\u00e9missionnaire du Tourisme, Nathalie Delattre, comme lui candidate aux \u00e9lections municipales de 2026 \u00e0 Bordeaux. Et ils n\u2019utilisaient pas le langage des signes. Quand des voix sont en jeu, il n\u2019y a plus d\u2019extinction de voix.<\/p>\n<p>Sortir les poubelles<\/p>\n<p>C\u2019est peu dire que les relations entre le maire de Libourne et pr\u00e9sident de la l\u2019agglom\u00e9ration (Cali), Philippe Buisson, et le pr\u00e9sident du Smicval, Sylvain Guinaudie, se sont d\u00e9grad\u00e9es. Les deux hommes sont en conflit dans l\u2019\u00e9pineux dossier de la r\u00e9forme de la collecte des d\u00e9chets m\u00e9nagers dans le Libournais et la Haute Gironde. Un protocole qui les lie jusqu\u2019en 2026 les contraint cependant \u00e0 rester relativement discrets et courtois dans le dossier. Il reste qu\u2019\u00e0 la faveur d\u2019un renouvellement de l\u2019ex\u00e9cutif de Tizac-de-Lapouyade, Philippe Buisson a r\u00e9cup\u00e9r\u00e9 une d\u00e9l\u00e9gation afin de si\u00e9ger lui-m\u00eame au conseil d\u2019administration du Smicval, et y porter la voix du \u00ab\u00a0principal financeur\u00a0\u00bb du syndicat mixte. La courtoisie devrait toujours \u00eatre de rigueur. La discr\u00e9tion, par contre\u2026<\/p>\n","protected":false},"excerpt":{"rendered":"Sarkozy \u00e0 l\u2019ap\u00e9ro Petit moment de flottement pour Philippe Poutou, vendredi matin, en tout d\u00e9but de conseil de&hellip;\n","protected":false},"author":2,"featured_media":420695,"comment_status":"","ping_status":"","sticky":false,"template":"","format":"standard","meta":{"footnotes":""},"categories":[2817],"tags":[1111,11,1997,1777,674,1011,27,12,2219,25],"class_list":{"0":"post-420694","1":"post","2":"type-post","3":"status-publish","4":"format-standard","5":"has-post-thumbnail","7":"category-bordeaux","8":"tag-actu","9":"tag-actualites","10":"tag-bordeaux","11":"tag-eu","12":"tag-europe","13":"tag-fr","14":"tag-france","15":"tag-news","16":"tag-nouvelle-aquitaine","17":"tag-republique-francaise"},"share_on_mastodon":{"url":"https:\/\/pubeurope.com\/@fr\/115274679899795069","error":""},"_links":{"self":[{"href":"https:\/\/www.europesays.com\/fr\/wp-json\/wp\/v2\/posts\/420694","targetHints":{"allow":["GET"]}}],"collection":[{"href":"https:\/\/www.europesays.com\/fr\/wp-json\/wp\/v2\/posts"}],"about":[{"href":"https:\/\/www.europesays.com\/fr\/wp-json\/wp\/v2\/types\/post"}],"author":[{"embeddable":true,"href":"https:\/\/www.europesays.com\/fr\/wp-json\/wp\/v2\/users\/2"}],"replies":[{"embeddable":true,"href":"https:\/\/www.europesays.com\/fr\/wp-json\/wp\/v2\/comments?post=420694"}],"version-history":[{"count":0,"href":"https:\/\/www.europesays.com\/fr\/wp-json\/wp\/v2\/posts\/420694\/revisions"}],"wp:featuredmedia":[{"embeddable":true,"href":"https:\/\/www.europesays.com\/fr\/wp-json\/wp\/v2\/media\/420695"}],"wp:attachment":[{"href":"https:\/\/www.europesays.com\/fr\/wp-json\/wp\/v2\/media?parent=420694"}],"wp:term":[{"taxonomy":"category","embeddable":true,"href":"https:\/\/www.europesays.com\/fr\/wp-json\/wp\/v2\/categories?post=420694"},{"taxonomy":"post_tag","embeddable":true,"href":"https:\/\/www.europesays.com\/fr\/wp-json\/wp\/v2\/tags?post=420694"}],"curies":[{"name":"wp","href":"https:\/\/api.w.org\/{rel}","templated":true}]}}