{"id":420700,"date":"2025-09-27T05:48:12","date_gmt":"2025-09-27T05:48:12","guid":{"rendered":"https:\/\/www.europesays.com\/fr\/420700\/"},"modified":"2025-09-27T05:48:12","modified_gmt":"2025-09-27T05:48:12","slug":"lille-cette-celebre-enseigne-de-la-grande-distribution-debarque-place-de-bethune-louverture-est-imminente","status":"publish","type":"post","link":"https:\/\/www.europesays.com\/fr\/420700\/","title":{"rendered":"Lille. Cette c\u00e9l\u00e8bre enseigne de la grande distribution d\u00e9barque place de B\u00e9thune : l&rsquo;ouverture est imminente"},"content":{"rendered":"<p>            Par<br \/>\n        <strong><br \/>\n            <a href=\"https:\/\/actu.fr\/auteur\/nicolas-demollien\" title=\"Consulter tous les articles de Nicolas Demollien\" target=\"_blank\" rel=\"noopener\">Nicolas Demollien<\/a><br \/>\n        <\/strong><\/p>\n<p>        Publi\u00e9 le<\/p>\n<p>            27 sept. 2025 \u00e0 7h34        <\/p>\n<p>L\u2019attente a \u00e9t\u00e9 longue mais \u00e7a y est ! <b>Place de B\u00e9thune<\/b>, en plein <b>centre-ville<\/b> de Lille (Nord), une <b>enseigne de la grande distribution<\/b> va <b>ouvrir un magasin<\/b>. Il prendra place dans le <b>b\u00e2timent qu\u2019occupait auparavant Monoprix<\/b>. Cinq ans apr\u00e8s, il va reprendre vie.<\/p>\n<p>Intermarch\u00e9 d\u00e9barque sur la place de B\u00e9thune \u00e0 Lille<\/p>\n<p class=\" wall-content\">Cette enseigne qui va s\u2019installer, c\u2019est <a href=\"https:\/\/actu.fr\/tag\/intermarche\" target=\"_blank\" rel=\"noopener\">Intermarch\u00e9<\/a> express. Et l\u2019ouverture est imminente puisqu\u2019elle sera <b>effective mardi 30 septembre 2025<\/b>, annonce Samuel Vescovo, directeur de l\u2019Intermarch\u00e9 de la rue Nationale, \u00e0 Lille Actu.<\/p>\n<p class=\" wall-content\">Sur deux \u00e9tages, l\u2019\u00e9tablissement est plus pr\u00e9cis\u00e9ment situ\u00e9 au 8, place de B\u00e9thune, juste \u00e0 c\u00f4t\u00e9 du McDonald\u2019s et \u00e0 <b>deux pas du m\u00e9tro R\u00e9publique Beaux-Arts<\/b>.<\/p>\n<p class=\" wall-content\">De quoi le rendre particuli\u00e8rement pratique pour faire ses courses d\u2019appoint et lui promettre un joli succ\u00e8s. Et ce d\u2019autant que des prix particuli\u00e8rement comp\u00e9titifs y sont promis.<\/p>\n<p class=\" wall-content\">Pour le centre-ville lillois, c\u2019est quoiqu\u2019il arrive une <b>excellente nouvelle<\/b> alors que de nombreux locaux restent vides dans le secteur.<\/p>\n<p class=\" wall-content\">Personnalisez votre actualit\u00e9 en ajoutant vos villes et m\u00e9dias en favori avec <a href=\"https:\/\/moncompte.actu.fr\" title=\"D\u00e9couvez Mon Actu\" rel=\"nofollow noopener\" data-trk=\"{&quot;cta&quot;:{&quot;action&quot;:&quot;https:\\\/\\\/moncompte.actu.fr&quot;,&quot;category&quot;:&quot;mon compte&quot;,&quot;from&quot;:&quot;article footer&quot;,&quot;name&quot;:&quot;Mon actu&quot;,&quot;type&quot;:&quot;cta&quot;}}\" target=\"_blank\">Mon Actu<\/a>.<\/p>\n","protected":false},"excerpt":{"rendered":"Par Nicolas Demollien Publi\u00e9 le 27 sept. 2025 \u00e0 7h34 L\u2019attente a \u00e9t\u00e9 longue mais \u00e7a y est&hellip;\n","protected":false},"author":2,"featured_media":420701,"comment_status":"","ping_status":"","sticky":false,"template":"","format":"standard","meta":{"footnotes":""},"categories":[2815],"tags":[1111,11,33,1777,674,1011,27,811,2529,1307,12,3147,25],"class_list":{"0":"post-420700","1":"post","2":"type-post","3":"status-publish","4":"format-standard","5":"has-post-thumbnail","7":"category-lille","8":"tag-actu","9":"tag-actualites","10":"tag-economie","11":"tag-eu","12":"tag-europe","13":"tag-fr","14":"tag-france","15":"tag-hauts-de-france","16":"tag-intermarche","17":"tag-lille","18":"tag-news","19":"tag-nouveaux-commerces","20":"tag-republique-francaise"},"share_on_mastodon":{"url":"https:\/\/pubeurope.com\/@fr\/115274691593475861","error":""},"_links":{"self":[{"href":"https:\/\/www.europesays.com\/fr\/wp-json\/wp\/v2\/posts\/420700","targetHints":{"allow":["GET"]}}],"collection":[{"href":"https:\/\/www.europesays.com\/fr\/wp-json\/wp\/v2\/posts"}],"about":[{"href":"https:\/\/www.europesays.com\/fr\/wp-json\/wp\/v2\/types\/post"}],"author":[{"embeddable":true,"href":"https:\/\/www.europesays.com\/fr\/wp-json\/wp\/v2\/users\/2"}],"replies":[{"embeddable":true,"href":"https:\/\/www.europesays.com\/fr\/wp-json\/wp\/v2\/comments?post=420700"}],"version-history":[{"count":0,"href":"https:\/\/www.europesays.com\/fr\/wp-json\/wp\/v2\/posts\/420700\/revisions"}],"wp:featuredmedia":[{"embeddable":true,"href":"https:\/\/www.europesays.com\/fr\/wp-json\/wp\/v2\/media\/420701"}],"wp:attachment":[{"href":"https:\/\/www.europesays.com\/fr\/wp-json\/wp\/v2\/media?parent=420700"}],"wp:term":[{"taxonomy":"category","embeddable":true,"href":"https:\/\/www.europesays.com\/fr\/wp-json\/wp\/v2\/categories?post=420700"},{"taxonomy":"post_tag","embeddable":true,"href":"https:\/\/www.europesays.com\/fr\/wp-json\/wp\/v2\/tags?post=420700"}],"curies":[{"name":"wp","href":"https:\/\/api.w.org\/{rel}","templated":true}]}}