{"id":420705,"date":"2025-09-27T05:52:19","date_gmt":"2025-09-27T05:52:19","guid":{"rendered":"https:\/\/www.europesays.com\/fr\/420705\/"},"modified":"2025-09-27T05:52:19","modified_gmt":"2025-09-27T05:52:19","slug":"la-foire-de-marseille-a-lheure-du-jeu-ce-week-end","status":"publish","type":"post","link":"https:\/\/www.europesays.com\/fr\/420705\/","title":{"rendered":"la Foire de Marseille \u00e0 l\u2019heure du jeu ce week-end"},"content":{"rendered":"<p>Une partie d\u2019\u00e9checs, la d\u00e9couverte du jeu de r\u00f4le, ou pour les plus nostalgiques, s\u2019amuser sur des consoles \u00ab\u00a0r\u00e9trogaming\u00a0\u00bb dont certaines sont tr\u00e8s rares. Sans oublier les parties de cartes\u2026 Pour <a href=\"https:\/\/www.laprovence.com\/article\/region\/91653058039336\/foire-de-marseille-palais-des-jeux-stands-100-marseillais-les-nouveautes-pour-les-100-ans\" target=\"_blank\" rel=\"noopener\">son centenaire, la Foire de Marseille<\/a> a confi\u00e9, le temps de ce premier week-end, les clefs du Palais des Congr\u00e8s aux <a href=\"https:\/\/www.laprovence.com\/article\/culture-loisirs\/87387187361192\/l-acteur-christopher-judge-tealc-dans-stargate-sg-1-invite-du-herofestival-de-marseille\" target=\"_blank\" rel=\"noopener\">organisateurs du HeroFestival<\/a> pour y installer un \u00ab\u00a0Palais des jeux\u00a0\u00bb. \u00ab\u00a0C\u2019est in\u00e9dit d\u2019avoir un tel espace d\u00e9di\u00e9, s\u2019enthousiasme Annabelle Fouques, programmatrice de l\u2019\u00e9v\u00e9nement. On a 400 places de jeu, r\u00e9parties en 4 univers\u00a0\u00bb.<\/p>\n<p>La pop-culture est partout<\/p>\n<p>La fl\u00e2nerie dans ce hall de\u00a01500 m\u00b2 vous transportera tout d\u2019abord dans un espace \u00ab\u00a0jeux de soci\u00e9t\u00e9\u00a0\u00bb. Diff\u00e9rentes r\u00e9f\u00e9rences sont pr\u00e9sent\u00e9es gratuitement et notamment celles du d\u00e9veloppeur marseillais Rose Noire. \u00ab\u00a0On propose nos diff\u00e9rents jeux, pour les faire d\u00e9couvrir et permettre aux visiteurs de passer un bon moment\u00a0\u00bb.<\/p>\n<p>Dans les couloirs, la \u00ab\u00a0pop-culture\u00a0\u00bb est partout avec des produits d\u00e9riv\u00e9s de l\u2019univers Pok\u00e9mon (cartes, peluches, goodies) mais aussi de ceux de Marvel ou des mangas comme ces \u00ab\u00a0Diorama\u00a0\u00bb pens\u00e9es et fabriqu\u00e9es \u00e0 la main, dans un atelier \u00e0 Aubagne par Mini Sphere World.<\/p>\n<p>Un Motchus ce samedi apr\u00e8s-midi<\/p>\n<p>Au fond du Palais, l\u2019espace est r\u00e9serv\u00e9 aux jeux de cartes. <strong>L\u2019incontournable contr\u00e9e<\/strong> &#8211; dont des tournois sont organis\u00e9s &#8211; et le <strong>classique Poker<\/strong>, avec plusieurs initiations au fil de la journ\u00e9e, ont une place centrale. Des parties de <strong>cartes TCG<\/strong> (jeux de cartes \u00e0 collectionner, NDLR) sur diff\u00e9rents th\u00e8mes sont \u00e9galement pr\u00e9vues.<\/p>\n<p>Et pour les amoureux de la culture proven\u00e7ale, le linguiste <a href=\"https:\/\/www.laprovence.com\/article\/region\/25648922557748\/motchus-le-jeu-du-parler-marseillais-aouf-et-tarpin-degaine-fete-ses-deux-ans\" target=\"_blank\" rel=\"noopener\"><strong>M\u00e9d\u00e9ric Gasquet-Cyrus animera un \u00ab\u00a0Motchus\u00a0\u00bb<\/strong><\/a> ce samedi 27\u00a0septembre apr\u00e8s-midi.<\/p>\n<p>Du FC26, du Tekken\u2026 et de la Sega Saturn<\/p>\n<p>Sur les ailes, une salle est r\u00e9serv\u00e9e <strong>aux jeux de r\u00f4le<\/strong> et autres \u00ab\u00a0escape game\u00a0\u00bb. Cr\u00e9ateurs et d\u00e9veloppeurs initient \u00e0 cet univers en pleine expansion. \u00ab\u00a0Un ma\u00eetre du jeu donne un sc\u00e9nario et le joueur interpr\u00e8te un r\u00f4le, un personnage, pour faire \u00e9voluer l\u2019histoire jusqu\u2019\u00e0 un but fix\u00e9\u00a0\u00bb, d\u00e9taille une membre du HeroFestival.<\/p>\n<p>Et pour celles et ceux dont l\u2019imagination est moins d\u00e9bordante, l\u2019autre aile est consacr\u00e9e aux jeux vid\u00e9o. Les stars du moment <a href=\"https:\/\/www.laprovence.com\/article\/sortie-loisirs\/91632747920729\/ea-sport-fc26-gameplay-nouveautes-un-nouvel-opus-qui-pourrait-faire-grincer-des-dents\" target=\"_blank\" rel=\"noopener\">comme FC26<\/a> et Smash Bros sont en acc\u00e8s libre. Sur une table, des t\u00e9l\u00e9s \u00ab\u00a0vintage\u00a0\u00bb attirent l\u2019\u0153il. \u00ab\u00a0Il y a la Sega Saturn, la N64 mais aussi la Philips CD-i avec diff\u00e9rents jeux\u00a0\u00bb, sourit Doud, animateur et sp\u00e9cialiste du r\u00e9trogaming \u00e0 Marseille.<\/p>\n<p>Sur un immense mur, les combats de l\u2019<a href=\"https:\/\/x.com\/tekkenmarseille?lang=fr\" target=\"_blank\">association \u00ab\u00a0Tekken Marseille<\/a>\u00a0\u00bb sont diffus\u00e9s avec l\u00e0 encore la possibilit\u00e9 de s\u2019exercer mais aussi de se familiariser avec l\u2019univers de l\u2019esport.<\/p>\n<p>De quoi s\u2019amuser gratuitement jusqu\u2019\u00e0 dimanche.<\/p>\n<p>\u00c0 la d\u00e9couverte du jeu de r\u00f4le<\/p>\n<p>Dans une des ailes de ce palais des Congr\u00e8s devenu jusqu\u2019\u00e0 ce samedi 27\u00a0septembre le \u00ab\u00a0Palais des Jeux\u00a0\u00bb, \u00ab\u00a0La Nef des Premiers Ohms\u00a0\u00bb tiendra une conf\u00e9rence autour du jeu de r\u00f4le. \u00c0 mi-chemin entre le jeu de soci\u00e9t\u00e9 et le th\u00e9\u00e2tre, le \u00ab\u00a0role play\u00a0\u00bb propose aux joueurs de laisser aller son imagination dans un univers d\u00e9fini par un ma\u00eetre du jeu. \u00e0 partir d\u2019un sc\u00e9nario born\u00e9, le joueur doit faire \u00e9voluer l\u2019histoire en agissant lui-m\u00eame tel un com\u00e9dien.<\/p>\n<p>Dans la matin\u00e9e<\/p>\n<p>Un quiz \u00ab\u00a0culture-jeux\u00a0\u00bb<\/p>\n<p>C\u2019est bien beau de jouer, mais connaissez-vous ces diff\u00e9rents univers\u00a0? C\u2019est dans ce cadre qu\u2019un \u00ab\u00a0Quiz sur les jeux\u00a0\u00bb sera propos\u00e9 aux visiteurs orchestr\u00e9 par \u00ab\u00a0La Bastid\u2019o\u2019Jeux.<\/p>\n<p>Dimanche \u00e0 14h<\/p>\n<p>D\u00e9bat et analyse<\/p>\n<p>Pour clore cet espace d\u00e9di\u00e9 aux jeux sous toutes ses formes, la Guilde des ludop\u00e9dagogues francophones invite au d\u00e9bat et \u00e0 la r\u00e9flexion sur le th\u00e8me \u00ab\u00a0Mais au fait, c\u2019est quoi un jeu\u00a0?\u00a0\u00bb avec forc\u00e9ment de nombreux exemples.<\/p>\n<p>Dimanche \u00e0 16h<\/p>\n<p>Plusieurs tournois organis\u00e9s\u00a0!<\/p>\n<p>\u00ab\u00a0Doud dans le r\u00e9tro\u00a0\u00bb pour le r\u00e9trogaming, \u00ab\u00a0pxl-lan\u00a0\u00bb pour du Smash Bros ou encore \u00ab\u00a0Association Tekken Marseille\u00a0\u00bb proposent toute la journ\u00e9e de s\u2019affronter dans des parties endiabl\u00e9es manette en main. Avec m\u00eame une ambiance \u00ab\u00a0esport\u00a0\u00bb pour les participants sur Tekken o\u00f9 les animateurs casteront les parties comme dans un vrai tournoi de pros.<\/p>\n<p>Toute la journ\u00e9e samedi et dimanche<\/p>\n","protected":false},"excerpt":{"rendered":"Une partie d\u2019\u00e9checs, la d\u00e9couverte du jeu de r\u00f4le, ou pour les plus nostalgiques, s\u2019amuser sur des consoles&hellip;\n","protected":false},"author":2,"featured_media":420706,"comment_status":"","ping_status":"","sticky":false,"template":"","format":"standard","meta":{"footnotes":""},"categories":[2814],"tags":[17,1111,11,9490,1777,674,4434,1011,27,2831,884,12,17572,882,25,39551,20363,104],"class_list":{"0":"post-420705","1":"post","2":"type-post","3":"status-publish","4":"format-standard","5":"has-post-thumbnail","7":"category-marseille","8":"tag-17","9":"tag-actu","10":"tag-actualites","11":"tag-esport","12":"tag-eu","13":"tag-europe","14":"tag-foire","15":"tag-fr","16":"tag-france","17":"tag-loisirs-traditions","18":"tag-marseille","19":"tag-news","20":"tag-play","21":"tag-provence-alpes-cote-dazur","22":"tag-republique-francaise","23":"tag-retrogaming","24":"tag-role","25":"tag-societe"},"share_on_mastodon":{"url":"https:\/\/pubeurope.com\/@fr\/115274707342453315","error":""},"_links":{"self":[{"href":"https:\/\/www.europesays.com\/fr\/wp-json\/wp\/v2\/posts\/420705","targetHints":{"allow":["GET"]}}],"collection":[{"href":"https:\/\/www.europesays.com\/fr\/wp-json\/wp\/v2\/posts"}],"about":[{"href":"https:\/\/www.europesays.com\/fr\/wp-json\/wp\/v2\/types\/post"}],"author":[{"embeddable":true,"href":"https:\/\/www.europesays.com\/fr\/wp-json\/wp\/v2\/users\/2"}],"replies":[{"embeddable":true,"href":"https:\/\/www.europesays.com\/fr\/wp-json\/wp\/v2\/comments?post=420705"}],"version-history":[{"count":0,"href":"https:\/\/www.europesays.com\/fr\/wp-json\/wp\/v2\/posts\/420705\/revisions"}],"wp:featuredmedia":[{"embeddable":true,"href":"https:\/\/www.europesays.com\/fr\/wp-json\/wp\/v2\/media\/420706"}],"wp:attachment":[{"href":"https:\/\/www.europesays.com\/fr\/wp-json\/wp\/v2\/media?parent=420705"}],"wp:term":[{"taxonomy":"category","embeddable":true,"href":"https:\/\/www.europesays.com\/fr\/wp-json\/wp\/v2\/categories?post=420705"},{"taxonomy":"post_tag","embeddable":true,"href":"https:\/\/www.europesays.com\/fr\/wp-json\/wp\/v2\/tags?post=420705"}],"curies":[{"name":"wp","href":"https:\/\/api.w.org\/{rel}","templated":true}]}}