{"id":420711,"date":"2025-09-27T05:57:14","date_gmt":"2025-09-27T05:57:14","guid":{"rendered":"https:\/\/www.europesays.com\/fr\/420711\/"},"modified":"2025-09-27T05:57:14","modified_gmt":"2025-09-27T05:57:14","slug":"ile-de-france-voici-pourquoi-la-lutte-contre-la-pollution-de-lair-a-permis-de-faire-des-economies","status":"publish","type":"post","link":"https:\/\/www.europesays.com\/fr\/420711\/","title":{"rendered":"\u00cele-de-France : voici pourquoi la lutte contre la pollution de l&rsquo;air a permis de faire des \u00e9conomies"},"content":{"rendered":"<ul class=\"jsx-862013697 ArticleChapo__List\">\n<li class=\"jsx-862013697 ArticleChapo__List_Item flex\">Selon une \u00e9tude d\u2019Airparif, la pollution de l\u2019air en \u00cele-de-France co\u00fbte 28 milliards d\u2019euros chaque ann\u00e9e notamment en raison des impacts sur la sant\u00e9.<\/li>\n<li class=\"jsx-862013697 ArticleChapo__List_Item flex\">Un co\u00fbt exorbitant, pourtant diminu\u00e9 par les actions mises en place pour am\u00e9liorer la qualit\u00e9 de l\u2019air.<\/li>\n<li class=\"jsx-862013697 ArticleChapo__List_Item flex\">Entre 2010 et 2019, elles ont permis d\u2019\u00e9conomiser 61 milliards, et co\u00fbtent dix fois moins cher que le co\u00fbt sanitaire du statu quo.<\/li>\n<\/ul>\n<p><a href=\"https:\/\/www.tf1info.fr\/actualite\/notre-planete-l-offre-environnement-de-tf1-lci-pour-la-transition-ecologique-13098\/\" rel=\"noopener\" class=\"jsx-484472199 Link jsx-1428418400 jsx-1797245342\" target=\"_blank\"><\/p>\n<p style=\"font-weight:400\" class=\"jsx-1837267516\">Suivez la couverture compl\u00e8te<\/p>\n<p style=\"font-weight:800\" class=\"jsx-1837267516\">Notre plan\u00e8te<\/p>\n<p><\/a><\/p>\n<p data-module=\"article-paragraph\" class=\"jsx-3046738180 Paragraph\"><a href=\"https:\/\/www.tf1info.fr\/environnement-ecologie\/zfe-apres-le-vote-des-deputes-les-zones-a-faibles-emissions-sont-elles-definitivement-supprimees-2373778.html\" target=\"_blank\" rel=\"noopener\">Dans le d\u00e9bat sur les zones \u00e0 faibles (ZFE) \u00a0au printemps dernier<\/a>, dans le cadre d\u2019un projet de loi toujours en cours d\u2019examen et pr\u00e9voyant de les supprimer, la bataille a oppos\u00e9 pro et anti-\u00e9colo, pourtant, la mesure est avant tout sanitaire. Une \u00e9tude publi\u00e9e par Airparif vendredi vient le confirmer : le co\u00fbt sanitaire de la pollution de l\u2019air est \u00e9lev\u00e9, et agir pour am\u00e9liorer la qualit\u00e9 de l\u2019air co\u00fbte moins cher que traiter les pathologies associ\u00e9es \u00e0 la pollution.<\/p>\n<p data-module=\"article-paragraph\" class=\"jsx-3046738180 Paragraph Paragraph__End\">Concr\u00e8tement, la pollution de l\u2019air en \u00cele-de-France co\u00fbte 28 milliards d\u2019euros chaque ann\u00e9e. C\u2019est beaucoup : \u00ab\u00a0plus de 2.200 euros par Francilien et par an\u00a0\u00bb, calcule l\u2019association de surveillance de la qualit\u00e9 de l\u2019air de la r\u00e9gion.<\/p>\n<p>D\u00e9c\u00e8s pr\u00e9matur\u00e9s et maladies <\/p>\n<p data-module=\"article-paragraph\" class=\"jsx-3046738180 Paragraph\">Un chiffre qui s\u2019explique avant tout par les cons\u00e9quences sanitaires, dont le traitement repr\u00e9sente 93% des d\u00e9penses en raison des d\u00e9c\u00e8s pr\u00e9matur\u00e9s et des maladies li\u00e9es \u00e0 cette mauvaise qualit\u00e9 de l\u2019air.<\/p>\n<p data-module=\"article-paragraph\" class=\"jsx-3046738180 Paragraph\">L\u2019\u00e9tude a balay\u00e9 les co\u00fbts li\u00e9s aux consultations m\u00e9dicales, aux traitements, aux hospitalisations, aux besoins d\u2019accompagnement, aux am\u00e9nagements des domiciles, mais aussi les absences au travail qui ont un impact \u00e9conomique sur les entreprises, la baisse de productivit\u00e9 au travail, les retraites anticip\u00e9es et un acc\u00e8s \u00e0 l\u2019emploi rendu plus difficile. Le spectre est large.\u00a0<\/p>\n<p data-module=\"article-paragraph\" class=\"jsx-3046738180 Paragraph Paragraph__End\">En dehors de la sant\u00e9, les auteurs rel\u00e8vent aussi des co\u00fbts li\u00e9s \u00e0 la d\u00e9gradation des b\u00e2timents et \u00e0 la perte de rendements agricoles en raison de cette pollution. Mais selon Airparif, ils \u00ab\u00a0sont aujourd\u2019hui largement sous-\u00e9valu\u00e9s ne prenant pas en compte l\u2019\u00e9rosion de la biodiversit\u00e9, la contribution au changement climatique ou la d\u00e9pr\u00e9ciation du patrimoine immobilier\u00a0\u00bb. L\u2019association \u00e9voque une estimation de 327 millions d\u2019euros par an.<\/p>\n<p>5 milliards de d\u00e9penses font \u00e9conomiser 61 milliards d&rsquo;euros<\/p>\n<p data-module=\"article-paragraph\" class=\"jsx-3046738180 Paragraph\">Enfin, l\u2019\u00e9valuation du co\u00fbt de la pollution prend aussi en compte son traitement : toutes les politiques publiques de r\u00e9duction du trafic routier, les aides pour changer les modes de chauffage chez les particuliers et dans les entreprises ainsi que les dispositifs de surveillance et d\u2019information.<\/p>\n<p data-module=\"article-paragraph\" class=\"jsx-3046738180 Paragraph\">Mais ces co\u00fbts post-pollution sont bien moins \u00e9lev\u00e9s que le statu quo. Ainsi, Airparif a calcul\u00e9 que les actions d&rsquo;am\u00e9lioration de la qualit\u00e9 de l&rsquo;air sur les dix ann\u00e9es de 2010 \u00e0 2019 ont \u00ab\u00a0permis d&rsquo;\u00e9viter un impact \u00e9conomique de 61 milliards d&rsquo;euros\u00a0\u00bb, tout en co\u00fbtant dix fois moins cher.\u00a0<\/p>\n<p data-module=\"article-paragraph\" class=\"jsx-3046738180 Paragraph Paragraph__End\">Concr\u00e8tement, les politiques publiques pour surveiller la qualit\u00e9 de l\u2019air et l\u2019am\u00e9liorer ont co\u00fbt\u00e9 5 milliards d\u2019euros et ont donc permis d\u2019\u00e9conomiser 61 milliards d\u2019euros.<\/p>\n<p data-module=\"article-paragraph\" class=\"jsx-3046738180 Paragraph\">\u00ab\u00a0Les politiques publiques de diminution de la pollution sur cette p\u00e9riode ont \u00e9t\u00e9 particuli\u00e8rement efficientes sur le plan \u00e9conomique\u00a0\u00bb, insiste l\u2019association. Ainsi, entre 2010 et 2019, avec la mise en place de mesures sp\u00e9cifiques (restrictions de circulation en p\u00e9riode de pics de pollution, mise en place de la ZFE, etc), le nombre de d\u00e9c\u00e8s pr\u00e9matur\u00e9s attribuables aux particules fines est pass\u00e9 de 10 350 en 2010 \u00e0 6 220 en 2019.<\/p>\n<p data-module=\"article-paragraph\" class=\"jsx-3046738180 Paragraph Paragraph__End\">Alors qu\u2019en France l\u2019avenir des ZFE doit encore \u00eatre tranch\u00e9 par le Parlement, une r\u00e9glementation europ\u00e9enne, adopt\u00e9e en 2024, pr\u00e9voit un renforcement, en 2030, des valeurs limites pour plusieurs polluants afin de mieux prot\u00e9ger la sant\u00e9 des populations. \u00ab\u00a0Une part significative du territoire francilien se situe encore au-dessus de ces futurs seuils\u00a0\u00bb, rappelle Airparif. ZFE ou pas ZFE, il faudra donc des outils pour se conformer \u00e0 la r\u00e9glementation europ\u00e9enne.<\/p>\n<p>Marianne ENAULT<\/p>\n","protected":false},"excerpt":{"rendered":"Selon une \u00e9tude d\u2019Airparif, la pollution de l\u2019air en \u00cele-de-France co\u00fbte 28 milliards d\u2019euros chaque ann\u00e9e notamment en&hellip;\n","protected":false},"author":2,"featured_media":12490,"comment_status":"","ping_status":"","sticky":false,"template":"","format":"standard","meta":{"footnotes":""},"categories":[1592],"tags":[1111,11,1921,4734,1777,674,1011,27,662,1922,12,5736,626,1800,5735,25,71,133,5737],"class_list":{"0":"post-420711","1":"post","2":"type-post","3":"status-publish","4":"format-standard","5":"has-post-thumbnail","7":"category-ile-de-france","8":"tag-actu","9":"tag-actualites","10":"tag-article-video","11":"tag-changement-climatique","12":"tag-eu","13":"tag-europe","14":"tag-fr","15":"tag-france","16":"tag-ile-de-france","17":"tag-info","18":"tag-news","19":"tag-notre-planete","20":"tag-paris","21":"tag-pollution","22":"tag-protection-de-lenvironnement","23":"tag-republique-francaise","24":"tag-sante","25":"tag-video","26":"tag-video-environnement"},"share_on_mastodon":{"url":"https:\/\/pubeurope.com\/@fr\/115274727042333718","error":""},"_links":{"self":[{"href":"https:\/\/www.europesays.com\/fr\/wp-json\/wp\/v2\/posts\/420711","targetHints":{"allow":["GET"]}}],"collection":[{"href":"https:\/\/www.europesays.com\/fr\/wp-json\/wp\/v2\/posts"}],"about":[{"href":"https:\/\/www.europesays.com\/fr\/wp-json\/wp\/v2\/types\/post"}],"author":[{"embeddable":true,"href":"https:\/\/www.europesays.com\/fr\/wp-json\/wp\/v2\/users\/2"}],"replies":[{"embeddable":true,"href":"https:\/\/www.europesays.com\/fr\/wp-json\/wp\/v2\/comments?post=420711"}],"version-history":[{"count":0,"href":"https:\/\/www.europesays.com\/fr\/wp-json\/wp\/v2\/posts\/420711\/revisions"}],"wp:featuredmedia":[{"embeddable":true,"href":"https:\/\/www.europesays.com\/fr\/wp-json\/wp\/v2\/media\/12490"}],"wp:attachment":[{"href":"https:\/\/www.europesays.com\/fr\/wp-json\/wp\/v2\/media?parent=420711"}],"wp:term":[{"taxonomy":"category","embeddable":true,"href":"https:\/\/www.europesays.com\/fr\/wp-json\/wp\/v2\/categories?post=420711"},{"taxonomy":"post_tag","embeddable":true,"href":"https:\/\/www.europesays.com\/fr\/wp-json\/wp\/v2\/tags?post=420711"}],"curies":[{"name":"wp","href":"https:\/\/api.w.org\/{rel}","templated":true}]}}