{"id":420712,"date":"2025-09-27T05:58:09","date_gmt":"2025-09-27T05:58:09","guid":{"rendered":"https:\/\/www.europesays.com\/fr\/420712\/"},"modified":"2025-09-27T05:58:09","modified_gmt":"2025-09-27T05:58:09","slug":"deux-enquetes-apres-des-menaces-contre-la-presidente-du-tribunal-de-paris","status":"publish","type":"post","link":"https:\/\/www.europesays.com\/fr\/420712\/","title":{"rendered":"deux enqu\u00eates apr\u00e8s des menaces contre la pr\u00e9sidente du tribunal de Paris"},"content":{"rendered":"<p>            Par<br \/>\n        <strong><br \/>\n            <a href=\"https:\/\/actu.fr\/auteur\/thomas-martin\" title=\"Consulter tous les articles de Thomas Martin\" target=\"_blank\" rel=\"noopener\">Thomas Martin<\/a><br \/>\n        <\/strong><\/p>\n<p>        Publi\u00e9 le<\/p>\n<p>            27 sept. 2025 \u00e0 7h31        <\/p>\n<p>Le parquet de Paris a ouvert vendredi soir deux enqu\u00eates \u00e0 la suite de <a href=\"https:\/\/actu.fr\/ile-de-france\/paris_75056\/paris-condamnation-de-nicolas-sarkozy-la-presidente-du-tribunal-menacee-de-mort-et-d-agression-violente_63222273.html\" target=\"_blank\" rel=\"noopener\">\u00ab\u00a0messages mena\u00e7ants\u00a0\u00bb<\/a> visant la pr\u00e9sidente du <a href=\"https:\/\/actu.fr\/tag\/tribunal-de-paris\" target=\"_blank\" rel=\"noopener\">tribunal correctionnel de Paris<\/a> qui a condamn\u00e9 jeudi 25 septembre <a href=\"https:\/\/actu.fr\/tag\/nicolas-sarkozy\" target=\"_blank\" rel=\"noopener\">Nicolas Sarkozy<\/a> \u00e0 <a href=\"https:\/\/actu.fr\/politique\/financement-libyen-condamne-a-5-ans-ferme-nicolas-sarkozy-va-bientot-dormir-en-prison_63212665.html\" target=\"_blank\" rel=\"noopener\">cinq ans de prison<\/a> et ordonn\u00e9 son incarc\u00e9ration prochaine. Dans l\u2019apr\u00e8s-midi, l\u2019Union syndicale des magistrats (USM) avait annonc\u00e9 avoir fait des signalements \u00e0 la justice, \u00e9voquant des \u00ab\u00a0menaces de mort ou de violences graves\u00a0\u00bb.<\/p>\n<p>Ce que risque les auteurs de menaces<\/p>\n<p class=\" wall-content\">Des investigations ont \u00e9t\u00e9 confi\u00e9es au P\u00f4le national de lutte contre la haine en ligne, a indiqu\u00e9 le parquet de Paris, sollicit\u00e9 par l\u2019AFP, sans donner plus de d\u00e9tails sur les deux enqu\u00eates \u00ab\u00a0distinctes\u00a0\u00bb ouvertes.<\/p>\n<p class=\" wall-content\">Le parquet rappelle toutefois que les \u00ab\u00a0menaces de mort \u00e0 l\u2019encontre des personnes d\u00e9positaires de l\u2019autorit\u00e9 publiques\u00a0\u00bb font \u00ab\u00a0encourir une peine de 5 ans d\u2019emprisonnement\u00a0\u00bb.<\/p>\n<p class=\" wall-content\">Le cyberharc\u00e8lement \u2014 \u00ab\u00a0propos ou comportement r\u00e9p\u00e9t\u00e9s, par une ou plusieurs personnes, ayant pour objet ou effet une d\u00e9gradation des conditions de vie\u00a0\u00bb \u2014 est r\u00e9prim\u00e9 de 2 ans d\u2019emprisonnement et 30 000 euros d\u2019amende, expose encore le minist\u00e8re public.<\/p>\n<p>\u00ab\u00a0On est attentifs et inquiets\u00a0\u00bb\u00a0<\/p>\n<p class=\" wall-content\">Divulguer des informations personnelles permettant \u00ab\u00a0d\u2019identifier ou localiser une personne d\u00e9positaire de l\u2019autorit\u00e9 publique et l\u2019exposant \u00e0 un risque d\u2019atteinte \u00e0 sa personne ou \u00e0 ses biens est une infraction faisant encourir la peine de 5 ans et 75 000 euros\u00a0\u00bb, d\u00e9veloppe \u00e9galement le parquet.<\/p>\n<p class=\" wall-content\">Selon le secr\u00e9taire g\u00e9n\u00e9ral adjoint de l\u2019USM Aur\u00e9lien Martini, la magistrate est vis\u00e9e par des menaces de mort et d\u2019agression violente sur les r\u00e9seaux sociaux, o\u00f9 sa photo est publi\u00e9e. \u00ab\u00a0On est attentifs et inquiets\u00a0\u00bb, a-t-il d\u00e9clar\u00e9 \u00e0 l\u2019AFP.<\/p>\n<p class=\" wall-content\">Le parquet rappelle enfin \u00ab\u00a0qu\u2019il est fondamental, dans toute soci\u00e9t\u00e9 d\u00e9mocratique, que le d\u00e9bat judiciaire demeure encadr\u00e9 par la proc\u00e9dure p\u00e9nale\u00a0\u00bb.<br \/>\u00ab\u00a0L\u2019appel est la voie l\u00e9gitime pour contester une d\u00e9cision de justice. Par ailleurs la libert\u00e9 de parole, y compris en ligne, a pour limite la mise en danger des personnes\u00a0\u00bb, conclut le parquet.<\/p>\n<p>Votre r\u00e9gion, votre actu !<\/p>\n<p>Recevez chaque jour les infos qui comptent pour vous.<\/p>\n<p>\t<a href=\"https:\/\/actu.fr\/newsletter\" class=\"ac-btn ac-btn--corner ac-btn--medium ac-btn--blue800\" target=\"_blank\" rel=\"noopener\">S&rsquo;incrire<\/a><\/p>\n<p class=\" wall-content\">Le tribunal correctionnel de Paris a condamn\u00e9 jeudi Nicolas Sarkozy \u00e0 cinq ans d\u2019emprisonnement avec incarc\u00e9ration prochaine pour avoir \u00ab\u00a0laiss\u00e9 ses plus proches\u00a0\u00bb d\u00e9marcher la Libye de Mouammar Kadhafi pour financer sa campagne victorieuse de 2007, une lourde peine inflig\u00e9e par \u00ab\u00a0haine\u00a0\u00bb selon l\u2019ancien chef de l\u2019Etat.<\/p>\n<p class=\" wall-content\">Le Syndicat de la magistrature (SM) a de son c\u00f4t\u00e9 d\u00e9nonc\u00e9 les attaques d&rsquo;\u00a0\u00bbune partie de la classe politique\u00a0\u00bb qui estime que la condamnation de l\u2019ex-pr\u00e9sident \u00e9tait \u00ab\u00a0le fruit d\u2019un \u2018acharnement\u2019, voire d\u2019une \u2018vengeance+ de la justice&rsquo;\u00a0\u00bb.<\/p>\n<p>Pr\u00e9c\u00e9dents apr\u00e8s le proc\u00e8s Le Pen\u00a0<\/p>\n<p class=\" wall-content\">Cette ann\u00e9e, deux autres enqu\u00eates de ce type ont d\u00e9j\u00e0 \u00e9t\u00e9 ouvertes apr\u00e8s des menaces ayant vis\u00e9 les magistrats du tribunal correctionnel de Paris ayant condamn\u00e9, cette fois, Marine Le Pen \u00e0 une peine de cinq ans d\u2019in\u00e9ligibilit\u00e9 avec application imm\u00e9diate.<\/p>\n<p class=\" wall-content\">En avril, le tribunal correctionnel de Bobigny a condamn\u00e9 \u00e0 huit mois de prison avec sursis un <a href=\"https:\/\/actu.fr\/ile-de-france\/bobigny_93008\/proces-de-marine-le-pen-un-homme-de-76-ans-condamne-a-de-la-prison-pour-avoir-menace-de-mort-la-juge_62489223.html\" target=\"_blank\" rel=\"noopener\">internaute de 76 ans<\/a> pour outrage et provocation au meurtre pour un message en ligne contre la pr\u00e9sidente du tribunal au proc\u00e8s du Rassemblement national (RN) et de Marine Le Pen.<\/p>\n<p class=\" wall-content\">Le 31 mars, la cheffe de file de l\u2019extr\u00eame droite avait \u00e9t\u00e9 condamn\u00e9e \u00e0 quatre ans d\u2019emprisonnement, dont deux ferme am\u00e9nag\u00e9s sous bracelet \u00e9lectronique, et \u00e0 une amende de 100.000 euros, ainsi qu\u2019\u00e0 une in\u00e9ligibilit\u00e9 imm\u00e9diate de cinq ans qui compromet sa candidature \u00e0 la pr\u00e9sidentielle de 2027. Le proc\u00e8s en appel se tiendra du 13 janvier au 12 f\u00e9vrier 2026 dans cette affaire de paiement de salari\u00e9s du parti avec l\u2019argent du Parlement europ\u00e9en.<\/p>\n<p class=\" wall-content\">Apr\u00e8s le d\u00e9lib\u00e9r\u00e9 du 31 mars, les magistrats ayant rendu la d\u00e9cision, notamment la pr\u00e9sidente de la chambre concern\u00e9e, ont \u00e9t\u00e9 la cible de menaces tr\u00e8s virulentes ayant men\u00e9 au placement sous protection polici\u00e8re de cette derni\u00e8re.<\/p>\n<p class=\" wall-content\">Le 1er avril, une enqu\u00eate visant \u00ab\u00a0les propos r\u00e9pr\u00e9hensibles prof\u00e9r\u00e9s \u00e0 l\u2019encontre des magistrats qui ont rendu coll\u00e9gialement la d\u00e9cision\u00a0\u00bb avait \u00e9t\u00e9 lanc\u00e9e.<\/p>\n<p class=\" wall-content\">Une autre enqu\u00eate avait d\u00e9j\u00e0 \u00e9t\u00e9 ouverte en d\u00e9but d\u2019ann\u00e9e apr\u00e8s des menaces de mort post\u00e9es sur le site d\u2019extr\u00eame droite Riposte la\u00efque, apr\u00e8s les r\u00e9quisitions du minist\u00e8re public.<\/p>\n<p class=\" wall-content\">Apr\u00e8s la demande de d\u00e9paysement du parquet de Paris, c\u2019est celui de Bobigny qui a \u00e9t\u00e9 charg\u00e9 des investigations sur les deux enqu\u00eates.\u00a0<\/p>\n<p class=\" wall-content\"><strong>AFP<\/strong><\/p>\n<p class=\" wall-content\">Personnalisez votre actualit\u00e9 en ajoutant vos villes et m\u00e9dias en favori avec <a href=\"https:\/\/moncompte.actu.fr\" title=\"D\u00e9couvez Mon Actu\" rel=\"nofollow noopener\" data-trk=\"{&quot;cta&quot;:{&quot;action&quot;:&quot;https:\\\/\\\/moncompte.actu.fr&quot;,&quot;category&quot;:&quot;mon compte&quot;,&quot;from&quot;:&quot;article footer&quot;,&quot;name&quot;:&quot;Mon actu&quot;,&quot;type&quot;:&quot;cta&quot;}}\" target=\"_blank\">Mon Actu<\/a>.<\/p>\n","protected":false},"excerpt":{"rendered":"Par Thomas Martin Publi\u00e9 le 27 sept. 2025 \u00e0 7h31 Le parquet de Paris a ouvert vendredi soir&hellip;\n","protected":false},"author":2,"featured_media":420713,"comment_status":"","ping_status":"","sticky":false,"template":"","format":"standard","meta":{"footnotes":""},"categories":[1888],"tags":[1111,1928,11,1927,1777,674,118,1011,27,303,12,1926,3091,626,1925,25,4595],"class_list":{"0":"post-420712","1":"post","2":"type-post","3":"status-publish","4":"format-standard","5":"has-post-thumbnail","7":"category-paris","8":"tag-actu","9":"tag-actu-paris","10":"tag-actualites","11":"tag-actualites-paris","12":"tag-eu","13":"tag-europe","14":"tag-faits-divers","15":"tag-fr","16":"tag-france","17":"tag-justice","18":"tag-news","19":"tag-news-paris","20":"tag-nicolas-sarkozy","21":"tag-paris","22":"tag-paris-news","23":"tag-republique-francaise","24":"tag-tribunal-de-paris"},"share_on_mastodon":{"url":"https:\/\/pubeurope.com\/@fr\/115274731251311136","error":""},"_links":{"self":[{"href":"https:\/\/www.europesays.com\/fr\/wp-json\/wp\/v2\/posts\/420712","targetHints":{"allow":["GET"]}}],"collection":[{"href":"https:\/\/www.europesays.com\/fr\/wp-json\/wp\/v2\/posts"}],"about":[{"href":"https:\/\/www.europesays.com\/fr\/wp-json\/wp\/v2\/types\/post"}],"author":[{"embeddable":true,"href":"https:\/\/www.europesays.com\/fr\/wp-json\/wp\/v2\/users\/2"}],"replies":[{"embeddable":true,"href":"https:\/\/www.europesays.com\/fr\/wp-json\/wp\/v2\/comments?post=420712"}],"version-history":[{"count":0,"href":"https:\/\/www.europesays.com\/fr\/wp-json\/wp\/v2\/posts\/420712\/revisions"}],"wp:featuredmedia":[{"embeddable":true,"href":"https:\/\/www.europesays.com\/fr\/wp-json\/wp\/v2\/media\/420713"}],"wp:attachment":[{"href":"https:\/\/www.europesays.com\/fr\/wp-json\/wp\/v2\/media?parent=420712"}],"wp:term":[{"taxonomy":"category","embeddable":true,"href":"https:\/\/www.europesays.com\/fr\/wp-json\/wp\/v2\/categories?post=420712"},{"taxonomy":"post_tag","embeddable":true,"href":"https:\/\/www.europesays.com\/fr\/wp-json\/wp\/v2\/tags?post=420712"}],"curies":[{"name":"wp","href":"https:\/\/api.w.org\/{rel}","templated":true}]}}