{"id":420714,"date":"2025-09-27T05:59:11","date_gmt":"2025-09-27T05:59:11","guid":{"rendered":"https:\/\/www.europesays.com\/fr\/420714\/"},"modified":"2025-09-27T05:59:11","modified_gmt":"2025-09-27T05:59:11","slug":"a-paris-la-candidature-de-sophia-chikirou-relance-la-bataille-des-gauches","status":"publish","type":"post","link":"https:\/\/www.europesays.com\/fr\/420714\/","title":{"rendered":"\u00e0 Paris, la candidature de Sophia Chikirou relance la bataille des gauches"},"content":{"rendered":"<p class=\"mb-4 text-lg md:leading-8 break-words\">POLITIQUE &#8211; Un caillou dans la chaussure du PS\u00a0? La d\u00e9put\u00e9e de La France insoumise Sophia Chikirou, \u00e9lue dans le XIe arrondissement de Paris, se lance <a href=\"https:\/\/fr.news.yahoo.com\/municipales-2026-candidats-pr%C3%AAts-%C3%A0-102543016.html\" data-ylk=\"slk:dans la course \u00e0 l\u2019H\u00f4tel de Ville;elm:context_link;itc:0;sec:content-canvas;outcm:mb_qualified_link;_E:mb_qualified_link;ct:story;\" class=\"link  yahoo-link\" target=\"_blank\" rel=\"noopener\">dans la course \u00e0 l\u2019H\u00f4tel de Ville<\/a>, esp\u00e9rant ainsi d\u00e9loger les socialistes qui y r\u00e8gnent depuis vingt-cinq ans.<\/p>\n<p class=\"mb-4 text-lg md:leading-8 break-words\">Selon <a href=\"https:\/\/www.leparisien.fr\/politique\/municipales-a-paris-sophia-chikirou-sera-bien-la-candidate-de-lfi-26-09-2025-UHRNHQQIFFBJDNFK26LTYBG76U.php\" rel=\"nofollow noopener\" target=\"_blank\" data-ylk=\"slk:le Parisien;elm:context_link;itc:0;sec:content-canvas\" class=\"link \">le Parisien<\/a>, la d\u00e9cision a \u00e9t\u00e9 prise en interne et devrait \u00eatre officialis\u00e9e d\u2019ici le mois de novembre. Ce n\u2019est pas une surprise, tant son nom circulait ces derni\u00e8res semaines. Elle a d\u00e9j\u00e0 commenc\u00e9 \u00e0 jeter les bases de sa campagne, aupr\u00e8s des militants notamment, installant l\u2019id\u00e9e d\u2019une rupture avec l\u2019\u00e8re-Hidalgo. <a href=\"https:\/\/fr.news.yahoo.com\/lfi-utilise-frustration-syndicats-mettre-142328874.html\" data-ylk=\"slk:Sophia Chikirou;elm:context_link;itc:0;sec:content-canvas;outcm:mb_qualified_link;_E:mb_qualified_link;ct:story;\" class=\"link  yahoo-link\" target=\"_blank\" rel=\"noopener\">Sophia Chikirou<\/a>, proche parmi les proches de <a href=\"https:\/\/fr.news.yahoo.com\/france-insoumise-cible-bruno-retailleau-143441186.html\" data-ylk=\"slk:Jean-Luc M\u00e9lenchon;elm:context_link;itc:0;sec:content-canvas;outcm:mb_qualified_link;_E:mb_qualified_link;ct:story;\" class=\"link  yahoo-link\" target=\"_blank\" rel=\"noopener\">Jean-Luc M\u00e9lenchon<\/a>, est cr\u00e9dit\u00e9e dans les sondages de 14\u00a0\u00e0 17\u00a0% d\u2019intentions de vote selon les configurations. Une pr\u00e9vision tr\u00e8s haute, loin des 5\u00a0% recueillis en 2020\u00a0par Danielle Simonnet.<\/p>\n<p class=\"mb-4 text-lg md:leading-8 break-words\"><a href=\"https:\/\/fr.news.yahoo.com\/flottille-gaza-l-ex%C3%A9cutif-fran%C3%A7ais-164039666.html\" data-ylk=\"slk:Flottille pour Gaza\u00a0: l\u2019ex\u00e9cutif fran\u00e7ais mis sous pression pour prot\u00e9ger les bateaux qui font \u00e9tat d\u2019attaques d\u2019Isra\u00ebl;elm:context_link;itc:0;sec:content-canvas;outcm:mb_qualified_link;_E:mb_qualified_link;ct:story;\" class=\"link  yahoo-link\" target=\"_blank\" rel=\"noopener\"> Flottille pour Gaza\u00a0: l\u2019ex\u00e9cutif fran\u00e7ais mis sous pression pour prot\u00e9ger les bateaux qui font \u00e9tat d\u2019attaques d\u2019Isra\u00ebl <\/a><\/p>\n<p class=\"mb-4 text-lg md:leading-8 break-words\">Ce lancement de candidature rebat les cartes \u00e0 gauche. Sophia Chikirou rejoint Emmanuel Gr\u00e9goire (PS), <a href=\"https:\/\/fr.news.yahoo.com\/david-belliard-choisi-%C3%A9colos-candidat-201510018.html\" data-ylk=\"slk:David Belliard;elm:context_link;itc:0;sec:content-canvas;outcm:mb_qualified_link;_E:mb_qualified_link;ct:story;\" class=\"link  yahoo-link\" target=\"_blank\" rel=\"noopener\">David Belliard<\/a> (Les \u00c9cologistes) et Ian Brossat (PCF) sur la ligne de d\u00e9part. Toute la question est maintenant de savoir s\u2019il y aura union au premier tour, au second, ou pas d\u2019union du tout. Des discussions ont lieu entre partenaires, notamment socialistes, \u00e9cologistes et communistes, habitu\u00e9s \u00e0 travailler ensemble depuis un quart de si\u00e8cle.<\/p>\n<p class=\"mb-4 text-lg md:leading-8 break-words\">Les relations entre La France insoumise et le reste de la gauche sont plus tumultueuses. D\u2019abord parce que le mouvement ne s\u2019inscrit pas dans l\u2019h\u00e9ritage de <a href=\"https:\/\/fr.news.yahoo.com\/municipales-2026-%C3%A0-paris-bertrand-101803643.html\" data-ylk=\"slk:Bertrand Delano\u00eb;elm:context_link;itc:0;sec:content-canvas;outcm:mb_qualified_link;_E:mb_qualified_link;ct:story;\" class=\"link  yahoo-link\" target=\"_blank\" rel=\"noopener\">Bertrand Delano\u00eb<\/a> (2001-2014) et d\u2019Anne Hidalgo (2014-2026). \u00ab\u00a0On va faire une campagne de rupture totale avec le bilan Hidalgo, on va taper fort\u00a0\u00bb, pr\u00e9vient d\u00e9j\u00e0 un cadre LFI dans le Parisien. Pas \u00e9vident de construire l\u2019unit\u00e9 ensuite. Mais aussi parce que le PS local nourrit une d\u00e9testation \u00e0 l\u2019\u00e9gard des insoumis. Outre la pr\u00e9sidente de la f\u00e9d\u00e9ration de Paris Lamia El-Aaraje, qui n\u2019a pas de mots assez durs pour exprimer son rejet de La France insoumise, Emmanuel Gr\u00e9goire a pr\u00e9venu qu\u2019il n\u2019y aurait d\u2019alliance ni au premier ni au second tour avec les troupes de Jean-Luc M\u00e9lenchon. Contrairement \u00e0 David Belliard qui, lui, esp\u00e8re toujours pouvoir r\u00e9unir les forces du NFP autour d\u2019une m\u00eame candidature.<\/p>\n<p>Des prises de position contest\u00e9es<\/p>\n<p class=\"mb-4 text-lg md:leading-8 break-words\">Sophia Chikirou nourrit de grandes ambitions. Selon l\u2019un de ses proches, cit\u00e9 par le Parisien, \u00ab\u00a0elle est ultra-pr\u00e9par\u00e9e sur le programme et les \u00e9quipes, et peut aller au second tour\u00a0\u00bb. Aupr\u00e8s du HuffPost, son entourage confirme \u00ab\u00a0qu\u2019elle peut remporter l\u2019H\u00f4tel de Ville\u00a0\u00bb, notamment \u00ab\u00a0si elle est en t\u00eate de la gauche au premier tour. Au second, tout sera alors possible \u00bb. Les insoumis esp\u00e8rent aussi pouvoir d\u00e9crocher plusieurs mairies d\u2019arrondissement aujourd\u2019hui dirig\u00e9es par le PS. \u00ab\u00a0En se basant sur les r\u00e9sultats des derni\u00e8res \u00e9lections, on devrait pouvoir remporter plusieurs mairies\u00a0d\u2019arrondissement \u00bb, acquiesce un cadre, citant notamment les populaires XVIIIe, XIXe et XXe arrondissements.<\/p>\n<p class=\"mb-4 text-lg md:leading-8 break-words\">Sophia Chikirou devra faire la d\u00e9monstration que sa personnalit\u00e9 clivante et que certaines de ses prises de position contest\u00e9es (<a href=\"https:\/\/fr.news.yahoo.com\/d%C3%A9put%C3%A9e-lfi-sophia-chikirou-affirme-072622353.html\" data-ylk=\"slk:comme derni\u00e8rement sur la Chine;elm:context_link;itc:0;sec:content-canvas;outcm:mb_qualified_link;_E:mb_qualified_link;ct:story;\" class=\"link  yahoo-link\" target=\"_blank\" rel=\"noopener\">comme derni\u00e8rement sur la Chine<\/a>) ne sont pas un obstacle \u00e0 une victoire \u00e9ventuelle. D\u2019autant qu\u2019elle pourrait \u00eatre rattrap\u00e9e par des ennuis judiciaires puisqu\u2019elle est <a href=\"https:\/\/fr.news.yahoo.com\/sophia-chikirou-mise-examen-escroquerie-103436450.html\" data-ylk=\"slk:mise en examen;elm:context_link;itc:0;sec:content-canvas;outcm:mb_qualified_link;_E:mb_qualified_link;ct:story;\" class=\"link  yahoo-link\" target=\"_blank\" rel=\"noopener\">mise en examen<\/a> depuis septembre 2024 pour\u00a0\u00ab\u00a0escroquerie aggrav\u00e9e\u00a0\u00bb\u00a0dans l\u2019affaire des comptes de campagne de Jean-Luc M\u00e9lenchon de 2017. La France insoumise a pr\u00e9vu d\u2019organiser fin novembre une grande convention nationale pour introniser officiellement ses candidats aux municipales et les propulser dans la campagne.<\/p>\n<p class=\"mb-4 text-lg md:leading-8 break-words\"><a href=\"https:\/\/fr.news.yahoo.com\/apr%C3%A8s-condamnation-nicolas-sarkozy-pourquoi-120632318.html\" data-ylk=\"slk:Apr\u00e8s la condamnation de Nicolas Sarkozy, pourquoi les indignations en \u00ab\u00a0proc\u00e8s politique\u00a0\u00bb ne tiennent pas;elm:context_link;itc:0;sec:content-canvas;outcm:mb_qualified_link;_E:mb_qualified_link;ct:story;\" class=\"link  yahoo-link\" target=\"_blank\" rel=\"noopener\"> Apr\u00e8s la condamnation de Nicolas Sarkozy, pourquoi les indignations en \u00ab\u00a0proc\u00e8s politique\u00a0\u00bb ne tiennent pas <\/a><\/p>\n<p class=\"mb-4 text-lg md:leading-8 break-words\"><a href=\"https:\/\/fr.news.yahoo.com\/macron-propose-castex-diriger-sncf-143334260.html\" data-ylk=\"slk:Macron propose Castex pour diriger la SNCF (mais il faudra convaincre les d\u00e9put\u00e9s);elm:context_link;itc:0;sec:content-canvas;outcm:mb_qualified_link;_E:mb_qualified_link;ct:story;\" class=\"link  yahoo-link\" target=\"_blank\" rel=\"noopener\"> Macron propose Castex pour diriger la SNCF (mais il faudra convaincre les d\u00e9put\u00e9s) <\/a><\/p>\n","protected":false},"excerpt":{"rendered":"POLITIQUE &#8211; Un caillou dans la chaussure du PS\u00a0? La d\u00e9put\u00e9e de La France insoumise Sophia Chikirou, \u00e9lue&hellip;\n","protected":false},"author":2,"featured_media":420715,"comment_status":"","ping_status":"","sticky":false,"template":"","format":"standard","meta":{"footnotes":""},"categories":[1888],"tags":[1111,1928,11,1927,30253,1777,674,1011,27,3081,2338,5553,12,1926,626,1925,25,18834,54997],"class_list":{"0":"post-420714","1":"post","2":"type-post","3":"status-publish","4":"format-standard","5":"has-post-thumbnail","7":"category-paris","8":"tag-actu","9":"tag-actu-paris","10":"tag-actualites","11":"tag-actualites-paris","12":"tag-david-belliard","13":"tag-eu","14":"tag-europe","15":"tag-fr","16":"tag-france","17":"tag-jean-luc-melenchon","18":"tag-la-france-insoumise","19":"tag-le-parisien","20":"tag-news","21":"tag-news-paris","22":"tag-paris","23":"tag-paris-news","24":"tag-republique-francaise","25":"tag-sophia-chikirou","26":"tag-xie-arrondissement-de-paris"},"share_on_mastodon":{"url":"https:\/\/pubeurope.com\/@fr\/115274735039388899","error":""},"_links":{"self":[{"href":"https:\/\/www.europesays.com\/fr\/wp-json\/wp\/v2\/posts\/420714","targetHints":{"allow":["GET"]}}],"collection":[{"href":"https:\/\/www.europesays.com\/fr\/wp-json\/wp\/v2\/posts"}],"about":[{"href":"https:\/\/www.europesays.com\/fr\/wp-json\/wp\/v2\/types\/post"}],"author":[{"embeddable":true,"href":"https:\/\/www.europesays.com\/fr\/wp-json\/wp\/v2\/users\/2"}],"replies":[{"embeddable":true,"href":"https:\/\/www.europesays.com\/fr\/wp-json\/wp\/v2\/comments?post=420714"}],"version-history":[{"count":0,"href":"https:\/\/www.europesays.com\/fr\/wp-json\/wp\/v2\/posts\/420714\/revisions"}],"wp:featuredmedia":[{"embeddable":true,"href":"https:\/\/www.europesays.com\/fr\/wp-json\/wp\/v2\/media\/420715"}],"wp:attachment":[{"href":"https:\/\/www.europesays.com\/fr\/wp-json\/wp\/v2\/media?parent=420714"}],"wp:term":[{"taxonomy":"category","embeddable":true,"href":"https:\/\/www.europesays.com\/fr\/wp-json\/wp\/v2\/categories?post=420714"},{"taxonomy":"post_tag","embeddable":true,"href":"https:\/\/www.europesays.com\/fr\/wp-json\/wp\/v2\/tags?post=420714"}],"curies":[{"name":"wp","href":"https:\/\/api.w.org\/{rel}","templated":true}]}}