{"id":420722,"date":"2025-09-27T06:03:16","date_gmt":"2025-09-27T06:03:16","guid":{"rendered":"https:\/\/www.europesays.com\/fr\/420722\/"},"modified":"2025-09-27T06:03:16","modified_gmt":"2025-09-27T06:03:16","slug":"le-kremlin-juge-dangereuse-lidee-de-trump-dabattre-des-avions-russes","status":"publish","type":"post","link":"https:\/\/www.europesays.com\/fr\/420722\/","title":{"rendered":"Le Kremlin juge \u00ab\u00a0dangereuse\u00a0\u00bb l\u2019id\u00e9e de Trump d\u2019abattre des avions russes"},"content":{"rendered":"<p>Ce live est termin\u00e9<\/p>\n<p>Merci de l\u2019avoir suivi avec nous.<\/p>\n<p>La Su\u00e8de bien \u00e9quip\u00e9e contre les drones<\/p>\n<p>La Su\u00e8de a massivement investi ces derniers mois dans l\u2019acquisition de syst\u00e8mes de d\u00e9fense anti-a\u00e9rienne. \u00ab\u00a0Nous avons command\u00e9, pour plus de 10\u00a0milliards de couronnes rien que ces derniers mois, des syst\u00e8mes de d\u00e9fense a\u00e9rienne capables de combattre \u00e0 la fois les drones et les avions, et nous investissons dans de nouvelles capacit\u00e9s anti-drones\u00a0\u00bb, a indiqu\u00e9 de son c\u00f4t\u00e9 dans un message \u00e0 l\u2019AFP le ministre de la D\u00e9fense Pal Jonson.<\/p>\n<p>Il cite notamment le projet Loke, un syst\u00e8me mobile de radar et de lutte anti-drones d\u00e9velopp\u00e9 en 84 jours par l\u2019industrie de l\u2019armement, dont Saab, en collaboration avec les forces arm\u00e9es su\u00e9doises.<\/p>\n<p>La Su\u00e8de va pr\u00eater ses syst\u00e8mes anti-drones au Danemark<\/p>\n<p>Le Danemark accepte les capacit\u00e9s de lutte anti-drones propos\u00e9es par son voisin su\u00e9dois en vue du sommet de l\u2019Union europ\u00e9enne qui aura lieu \u00e0 Copenhague la semaine prochaine, a annonc\u00e9 vendredi le minist\u00e8re danois de la D\u00e9fense.<\/p>\n<p>Le Danemark, qui pr\u00e9side l\u2019Union europ\u00e9enne jusqu\u2019\u00e0 la fin de l\u2019ann\u00e9e, accueille mercredi et jeudi une r\u00e9union informelle des chefs d\u2019\u00c9tat ou de gouvernement europ\u00e9ens et un sommet de la Communaut\u00e9 politique europ\u00e9enne (CPE). \u00ab\u00a0Nous avons propos\u00e9 au Danemark de les aider avec les capacit\u00e9s militaires su\u00e9doises de lutte anti-drones afin de garantir que les r\u00e9unions puissent se tenir\u00a0\u00bb, avait indiqu\u00e9 Ulf Kristersson, le Premier ministre su\u00e9dois, sur la cha\u00eene su\u00e9doise TV4.<\/p>\n<p>L\u2019UE veut aller \u00ab\u00a0vite\u00a0\u00bb pour son mur anti-drones et s\u2019inspirer de l\u2019Ukraine<\/p>\n<p>L\u2019Europe doit apprendre de l\u2019Ukraine et d\u00e9velopper rapidement un v\u00e9ritable syst\u00e8me de d\u00e9fense contre les drones face \u00e0 la menace russe, a affirm\u00e9 vendredi le commissaire europ\u00e9en \u00e0 la D\u00e9fense Andrius Kubilius dans un entretien \u00e0 l\u2019AFP. \u00ab\u00a0Nous devons agir et nous devons agir rapidement\u00a0\u00bb, a-t-il d\u00e9clar\u00e9. \u00ab\u00a0Nous devons agir en tirant toutes les le\u00e7ons de l\u2019Ukraine et en construisant ce mur anti-drones ensemble avec l\u2019Ukraine\u00a0\u00bb, a-t-il poursuivi.<\/p>\n<p>L\u2019Ukraine, qui a d\u00e9velopp\u00e9 une s\u00e9rie de capacit\u00e9s pour d\u00e9tecter et abattre les essaims de drones russes \u00e0 moindre co\u00fbt, a \u00e9galement particip\u00e9 et soulign\u00e9 vouloir \u00eatre partie prenante du projet. \u00ab\u00a0L\u2019Ukraine a construit un syst\u00e8me de capteurs acoustiques d\u00e8s le d\u00e9but de la guerre, en un laps de temps tr\u00e8s court\u00a0\u00bb, souligne Andrius Kubilius. \u00ab\u00a0Je pense que nous aussi pouvons faire cela assez rapidement\u00a0\u00bb, a-t-il ajout\u00e9, pr\u00e9cisant qu\u2019il souhaitait que Kiev soit \u00ab\u00a0un v\u00e9ritable partenaire\u00a0\u00bb dans le d\u00e9veloppement de ce \u00ab\u00a0mur\u00a0\u00bb.<\/p>\n<p>Le Kremlin juge \u00ab\u00a0dangereuse\u00a0\u00bb l\u2019id\u00e9e de Trump d\u2019abattre des avions russes<\/p>\n<p>Le Kremlin a jug\u00e9 vendredi \u00ab\u00a0dangereuse\u00a0\u00bb et \u00ab\u00a0irresponsable\u00a0\u00bb l\u2019id\u00e9e d\u2019abattre des avions russes en cas de violation de l\u2019espace a\u00e9rien de pays de l\u2019Otan, \u00e9voqu\u00e9e quelques jours plus t\u00f4t par le pr\u00e9sident am\u00e9ricain Donald Trump.<\/p>\n<p>Le porte-parole du Kremlin, Dmitri Peskov, a critiqu\u00e9 \u00ab\u00a0des d\u00e9clarations irresponsables sur la n\u00e9cessit\u00e9 d\u2019abattre des avions russes, qui sont, au minimum, imprudentes, irresponsables et entra\u00eenent des cons\u00e9quences dangereuses\u00a0\u00bb, dans une interview accord\u00e9e \u00e0 la t\u00e9l\u00e9vision d\u2019\u00c9tat russe.<\/p>\n<p>L\u2019UE estime que la mise en \u0153uvre d\u2019un \u00ab\u00a0mur anti-drones\u00a0\u00bb est une \u00ab\u00a0priorit\u00e9\u00a0\u00bb<\/p>\n<p>La mise en \u0153uvre d\u2019un \u00ab\u00a0mur anti-drones\u00a0\u00bb en Europe face \u00e0 la menace russe est vue comme une \u00ab\u00a0priorit\u00e9\u00a0\u00bb pour plusieurs pays de l\u2019UE, a indiqu\u00e9 vendredi \u00e0 Helsinki le commissaire europ\u00e9en \u00e0 la D\u00e9fense Andrius Kubilius.<\/p>\n<p>Ce syst\u00e8me devra \u00eatre dot\u00e9 de capacit\u00e9s \u00ab\u00a0de d\u00e9tection, de tra\u00e7age et d\u2019interception\u00a0\u00bb, a soulign\u00e9 Andrius Kubilius depuis Helsinki \u00e0 l\u2019issue d\u2019une r\u00e9union par vid\u00e9o avec les ministres de dix pays de l\u2019UE, dont les pays baltes, la Pologne, la Finlande ou encore le Danemark.<\/p>\n<p>L\u2019Ukraine soup\u00e7onne la Hongrie d\u2019avoir envoy\u00e9 des drones de reconnaissance dans son espace a\u00e9rien<\/p>\n<p>Voil\u00e0 qui complexifie encore plus le feuilleton des drones intempestifs. L\u2019Ukraine soup\u00e7onne la Hongrie d\u2019avoir effectu\u00e9 des vols de drones de reconnaissance dans son espace a\u00e9rien, a d\u00e9clar\u00e9 vendredi le pr\u00e9sident Volodymyr Zelensky.<\/p>\n<p>\u00ab\u00a0Les forces ukrainiennes ont enregistr\u00e9 des violations de notre espace a\u00e9rien par des drones de reconnaissance, qui sont probablement hongrois\u00a0\u00bb, a d\u00e9clar\u00e9 le pr\u00e9sident ukrainien sur les r\u00e9seaux sociaux.<\/p>\n<p>La Russie juge \u00ab\u00a0irresponsable\u00a0\u00bb les \u00ab\u00a0menaces\u00a0\u00bb de Zelensky de frapper le Kremlin<\/p>\n<p>Le porte-parole de la pr\u00e9sidence russe a jug\u00e9 vendredi \u00ab irresponsable \u00bb les \u00ab menaces \u00bb de frappes contre le Kremlin formul\u00e9es par le pr\u00e9sident ukrainien Volodymyr Zelensky, dans une interview diffus\u00e9e la veille.<\/p>\n<p>Le dirigeant ukrainien \u00ab balance des menaces \u00e0 tout va, ce qui para\u00eet assez irresponsable \u00bb, a r\u00e9agi Dmitri Peskov, questionn\u00e9 \u00e0 ce sujet lors de son briefing quotidien auquel participait notamment l&rsquo;AFP.<\/p>\n<p>Plusieurs pays europ\u00e9ens examinent ce vendredi l&rsquo;id\u00e9e d&rsquo;une sorte de \u00ab\u00a0mur anti-drones\u00a0\u00bb<\/p>\n<p>Les pays de l&rsquo;UE d\u00e9battent pour la premi\u00e8re fois ce vendredi des propositions visant \u00e0 \u00e9riger un \u00ab mur \u00bb de d\u00e9fenses anti-drones pour le bloc, \u00e9labor\u00e9es \u00e0 la h\u00e2te apr\u00e8s plusieurs incursions a\u00e9riennes de la Russie. Les vols de drones au-dessus d&rsquo;a\u00e9roports au Danemark placent \u00e9galement le Vieux continent sous pression.<\/p>\n<p>La pr\u00e9sidente de la Commission europ\u00e9enne Ursula von der Leyen a \u00e9voqu\u00e9 l&rsquo;id\u00e9e d&rsquo;un \u00ab mur anti-drones \u00bb europ\u00e9en la premi\u00e8re lors d&rsquo;un discours mi-septembre. \u00ab Ce n&rsquo;est pas une ambition abstraite. C&rsquo;est le fondement d&rsquo;une d\u00e9fense cr\u00e9dible \u00bb, a-t-elle plaid\u00e9, quelques heures apr\u00e8s l&rsquo;incursion d&rsquo;une vingtaine de drones russes dans l&rsquo;espace a\u00e9rien polonais.<\/p>\n<p>La cheffe de l&rsquo;ex\u00e9cutif europ\u00e9en a plaid\u00e9 en faveur d&rsquo;une \u00ab capacit\u00e9 europ\u00e9enne d\u00e9velopp\u00e9e, d\u00e9ploy\u00e9e et entretenue conjointement, r\u00e9active en temps r\u00e9el \u00bb. Le commissaire charg\u00e9 des questions de d\u00e9fense, Andrius Kubilius, tentera d&rsquo;approfondir ces propositions lors d&rsquo;une visioconf\u00e9rence vendredi avec une dizaine d&rsquo;Etats membres de l&rsquo;UE. Les pays concern\u00e9s sont pour la plupart voisins de la Russie, bien que le Danemark ait \u00e9t\u00e9 ajout\u00e9 \u00e0 la liste apr\u00e8s les survols r\u00e9p\u00e9t\u00e9s de drones \u00e0 l&rsquo;origine non identifi\u00e9e.<\/p>\n<p>Les premi\u00e8res \u00e9tapes devraient probablement consister \u00e0 d\u00e9ployer davantage de capteurs le long de la longue fronti\u00e8re que l&rsquo;UE partage avec la Russie. Le d\u00e9veloppement d&rsquo;un syst\u00e8me int\u00e9gr\u00e9 capable d&rsquo;abattre les drones prendrait sans doute beaucoup plus de temps.<\/p>\n<p>La Russie utilise une tactique d&rsquo;assaut par petits groupes, selon le chef des arm\u00e9es ukrainiennes<\/p>\n<p>Les troupes russes utilisent une nouvelle strat\u00e9gie consistant \u00e0 mener de nombreux assauts avec de tr\u00e8s petits groupes de soldats afin de p\u00e9n\u00e9trer les d\u00e9fenses ukrainiennes en utilisant moins d&rsquo;hommes, a affirm\u00e9 le commandant en chef des arm\u00e9es ukrainiennes, Oleksandre Syrsky. \u00ab Depuis le d\u00e9but de l&rsquo;\u00e9t\u00e9, les tactiques de l&rsquo;ennemi ont chang\u00e9 \u00bb, a-t-il dit \u00e0 un groupe de journalistes, dont l&rsquo;AFP jeudi, ses commentaires \u00e9tant plac\u00e9s sous embargo jusqu&rsquo;\u00e0 vendredi.<\/p>\n<p>Leur nouvelle strat\u00e9gie, utilis\u00e9e sur le front Est, consiste \u00e0 utiliser \u00ab un grand nombre de petits groupes d&rsquo;assaut \u00bb de 4 \u00e0 6 soldats charg\u00e9s d&rsquo;avancer aussi loin que possible sans \u00eatre rep\u00e9r\u00e9s, a-t-il expliqu\u00e9. Objectif: \u00ab paralyser \u00bb la logistique ukrainienne et \u00ab conqu\u00e9rir des territoires sans utiliser un grand nombre de soldats \u00bb, a estim\u00e9 le g\u00e9n\u00e9ral Syrsky.<\/p>\n<p>Cette strat\u00e9gie sert aussi, selon lui, \u00e0 \u00ab d\u00e9clarer leur pr\u00e9sence \u00bb et planter leur drapeau, revendiquant ainsi des avanc\u00e9es m\u00eame si elles ne sont le fait que d&rsquo;un petit groupe.<\/p>\n<p>Un bombardier russe abattu par l&rsquo;arm\u00e9e de l&rsquo;air ukrainienne<\/p>\n<p>Un avion de chasse russe de type Su34 aurait \u00e9t\u00e9 abattu par l&rsquo;arm\u00e9e de l&rsquo;air ukrainienne, rapporte-elle. L&rsquo;attaque est survenue dans la nuit de mercredi \u00e0 jeudi dans la r\u00e9gion de Zaporijia, indique le journal Kyiv Independant. L&rsquo;appareil russe s&rsquo;appr\u00eatait \u00e0 bombarder la ville de Zaporijia au moment de la frappe.<\/p>\n<p>Les Ukrainiens de Pologne menac\u00e9s de pr\u00e9carisation malgr\u00e9 leur apport \u00e0 la croissance<\/p>\n<p>Economistes et entrepreneurs sont d&rsquo;accord: les r\u00e9fugi\u00e9s ayant fui l&rsquo;invasion russe en Ukraine ont largement favoris\u00e9 la croissance polonaise, mais leur contribution est aujourd&rsquo;hui menac\u00e9e.<\/p>\n<p>La loi r\u00e9gissant le statut prot\u00e9g\u00e9 des ressortissants ukrainiens expire \u00e0 la fin du mois et le pr\u00e9sident Karol Nawrocki doit signer un projet de loi pour qu&rsquo;elle soit renouvel\u00e9e. Or le dirigeant nationaliste a d\u00e9j\u00e0 rejet\u00e9 une pr\u00e9c\u00e9dente version, trop g\u00e9n\u00e9reuse, selon lui, aux yeux d&rsquo;une partie de l&rsquo;\u00e9lectorat.<\/p>\n<p>Ses atermoiements plongent les Ukrainiens dans l&rsquo;angoisse et de nombreuses entreprises dans l&rsquo;incertitude.<\/p>\n<p>Le Danemark encore confront\u00e9 \u00e0 un survol de drones, la Russie suspect\u00e9e<\/p>\n<p>Un nouvel a\u00e9roport danois a d\u00fb fermer dans la nuit de jeudi \u00e0 vendredi \u00e0 la suite d&rsquo;une deuxi\u00e8me alerte aux drones en deux nuits, Copenhague disant faire l&rsquo;objet d&rsquo;une \u00ab attaque hybride \u00bb d&rsquo;origine inconnue depuis le d\u00e9but de la semaine.<\/p>\n<p>L&rsquo;espace a\u00e9rien au-dessus de l&rsquo;a\u00e9roport d&rsquo;Aalborg, dans le nord du Danemark, a d\u00fb \u00eatre ferm\u00e9 jeudi soir en raison d&rsquo;une alerte aux drones avant de rouvrir vers 0h35, a indiqu\u00e9 la police danoise.<\/p>\n<p>La fermeture de l&rsquo;a\u00e9roport a contraint un vol KLM en provenance d&rsquo;Amsterdam \u00e0 faire demi-tour et a entra\u00een\u00e9 l&rsquo;annulation d&rsquo;un vol Scandinavian Airlines au d\u00e9part de Copenhague, selon les sites de suivi des vols et les sites web des compagnies a\u00e9riennes.<\/p>\n<p>Les autorit\u00e9s danoises n&rsquo;ont \u00e0 cette heure pas identifi\u00e9 l&rsquo;origine de ces appareils. Mais \u00ab il existe principalement un pays qui repr\u00e9sente une menace pour la s\u00e9curit\u00e9 de l&rsquo;Europe, \u00e0 savoir la Russie \u00bb, a relev\u00e9 Mme Frederiksen.<\/p>\n<p>Barrot met en garde contre le \u00ab\u00a0danger\u00a0\u00bb qui p\u00e8se sur la d\u00e9mocratie<\/p>\n<p>Le ministre fran\u00e7ais des Affaires \u00e9trang\u00e8res, Jean-No\u00ebl Barrot, a mis en garde jeudi contre le \u00ab\u00a0danger\u00a0\u00bb qui p\u00e8se sur la d\u00e9mocratie lors d\u2019un discours \u00e0 la Harvard Kennedy School.<\/p>\n<p>\u00c9voquant la guerre en Ukraine, il a rappel\u00e9 que \u00ab\u00a0la d\u00e9mocratie ne peut \u00eatre vaincue par la force\u00a0\u00bb, soulignant qu&rsquo; \u00ab\u00a0une id\u00e9e ne peut pas \u00eatre bombard\u00e9e, elle ne peut pas \u00eatre d\u00e9truite avec des drones Shahed\u00a0\u00bb.<\/p>\n<p>Accusations d\u2019ing\u00e9rences russes \u00e0 l\u2019approche des l\u00e9gislatives en Moldavie ce dimanche<\/p>\n<p>\u00c0 trois jours d\u2019\u00e9lections l\u00e9gislatives cruciales, l\u2019Union europ\u00e9enne a d\u00e9nonc\u00e9 jeudi une \u00ab\u00a0campagne de d\u00e9sinformation sans pr\u00e9c\u00e9dent\u00a0\u00bb men\u00e9e par la Russie en Moldavie.<\/p>\n<p>Selon la porte-parole de la Commission europ\u00e9enne, Anitta Hipper, Moscou \u00ab\u00a0s\u2019ing\u00e8re profond\u00e9ment dans le processus \u00e9lectoral\u00a0\u00bb en d\u00e9ployant des tactiques de manipulation in\u00e9dites pour influencer le scrutin.<\/p>\n<p>Le Kremlin a rejet\u00e9 ces accusations, affirmant que ce sont au contraire les autorit\u00e9s moldaves qui \u00ab\u00a0entravent la nomination des candidats et l\u2019observation du vote\u00a0\u00bb.<\/p>\n<p>La Moldavie, coinc\u00e9e entre l\u2019Ukraine et la Roumanie, est tiraill\u00e9e entre un rapprochement avec l\u2019UE et un retour dans l\u2019orbite russe.<\/p>\n<p>\u00ab\u00a0Un mur de drones\u00a0\u00bb pour l\u2019Union Europ\u00e9enne<\/p>\n<p>L\u2019UE va d\u00e9battre ce vendredi d\u2019un projet de \u00ab\u00a0mur de drones\u00a0\u00bb pour prot\u00e9ger ses fronti\u00e8res face \u00e0 la menace russe.<\/p>\n<p>M\u00eame si l\u2019id\u00e9e, lanc\u00e9e par Ursula von\u00a0der\u00a0Leyen, est encore un peu floue, elle vise \u00e0 mieux d\u00e9tecter et intercepter les drones apr\u00e8s des survols en Pologne et au Danemark.<\/p>\n<p>\u00ab\u00a0Ce n\u2019est pas une ambition abstraite. C\u2019est le fondement d\u2019une d\u00e9fense cr\u00e9dible\u00a0\u00bb, a plaid\u00e9 la pr\u00e9sidente de la Commission europ\u00e9enne.<\/p>\n<p>L\u2019Ukraine participera aux discussions pour partager son expertise.<\/p>\n<p>Trump presse Erdogan d\u2019arr\u00eater les achats de p\u00e9trole russe<\/p>\n<p>Jeudi soir, en recevant Recep Tayyip Erdogan \u00e0 la Maison-Blanche, Donald Trump a appel\u00e9 la Turquie \u00e0 cesser ses achats de p\u00e9trole \u00e0 la Russie.<\/p>\n<p>La France est pr\u00eate \u00e0 aider \u00e0 \u00ab\u00a0s\u00e9curiser l\u2019espace a\u00e9rien\u00a0\u00bb danois, selon Macron<\/p>\n<p>Le chef de l\u2019\u00c9tat a propos\u00e9 jeudi l\u2019aide de la France apr\u00e8s plusieurs survols de drones non identifi\u00e9s qui ont perturb\u00e9 des a\u00e9roports et une base militaire au Danemark.<\/p>\n<p>La Premi\u00e8re ministre danoise, Mette Frederiksen, a d\u00e9nonc\u00e9 des \u00ab\u00a0attaques hybrides\u00a0\u00bb et point\u00e9 la Russie du doigt. Moscou a cependant \u00ab\u00a0fermement\u00a0\u00bb d\u00e9menti toute implication.<\/p>\n<blockquote class=\"twitter-tweet\" align=\"center\" data-lang=\"fr_FR\">\n<p lang=\"fr\" dir=\"ltr\">Je viens de m\u2019entretenir avec la Premi\u00e8re ministre danoise, Mette Frederiksen.<\/p>\n<p>Je lui ai fait part de la pleine solidarit\u00e9 de la France avec le Danemark apr\u00e8s la r\u00e9p\u00e9tition d\u2019intrusions de drones non identifi\u00e9s affectant le fonctionnement de l\u2019a\u00e9roport de Copenhague.\u2026<\/p>\n<p>\u2014 Emmanuel Macron (@EmmanuelMacron) <a href=\"https:\/\/twitter.com\/EmmanuelMacron\/status\/1971322083553472611?ref_src=twsrc%5Etfw\" target=\"_blank\" rel=\"noopener\">September 25, 2025<\/a><\/p><\/blockquote>\n<p class=\"mb-xxl@xs color-ultramarine font-weight-semi-bold@xs font-source-serif-pro heading-s@xs\">L\u2019acc\u00e8s \u00e0 ce contenu a \u00e9t\u00e9 bloqu\u00e9 afin de respecter votre choix de consentement<\/p>\n<p class=\"mb-m@xs text-l@xs\">En cliquant sur\u00ab J\u2019accepte \u00bb, vous acceptez le d\u00e9p\u00f4t de cookies par des services externes et aurez ainsi acc\u00e8s aux contenus de nos partenaires.<\/p>\n<p class=\"mb-xl@xs text-s@xs\">Plus d\u2019informations sur la page<a href=\"https:\/\/www.20minutes.fr\/gestion-cookies\" class=\"mx-xxs@xs color-ultramarine\" target=\"_blank\" rel=\"noopener\">Politique de gestion des cookies<\/a><\/p>\n<p>J\u2019accepteBonjour \u00e0 tous<\/p>\n<p>Bienvenue dans ce nouveau Live !<\/p>\n<p>Bonjour \u00e0 toutes et \u00e0 tous. Comme chaque jour, la r\u00e9daction de 20 Minutes est mobilis\u00e9e pour vous donner l\u2019ensemble des informations sur le conflit entre Kiev et Moscou.<\/p>\n<p><script async src=\"https:\/\/platform.twitter.com\/widgets.js\" charset=\"utf-8\"><\/script><\/p>\n","protected":false},"excerpt":{"rendered":"Ce live est termin\u00e9 Merci de l\u2019avoir suivi avec nous. La Su\u00e8de bien \u00e9quip\u00e9e contre les drones La&hellip;\n","protected":false},"author":2,"featured_media":420723,"comment_status":"","ping_status":"","sticky":false,"template":"","format":"standard","meta":{"footnotes":""},"categories":[1590],"tags":[47,11,145,1073,1777,674,131,11095,74,12,2437,132,220,555,2544],"class_list":{"0":"post-420722","1":"post","2":"type-post","3":"status-publish","4":"format-standard","5":"has-post-thumbnail","7":"category-ukraine","8":"tag-actualite","9":"tag-actualites","10":"tag-danemark","11":"tag-emmanuel-macron","12":"tag-eu","13":"tag-europe","14":"tag-guerre-en-ukraine","15":"tag-moldavie","16":"tag-monde","17":"tag-news","18":"tag-pologne","19":"tag-russie","20":"tag-ukraine","21":"tag-union-europeenne-ue","22":"tag-ursula-von-der-leyen"},"share_on_mastodon":{"url":"https:\/\/pubeurope.com\/@fr\/115274750609625011","error":""},"_links":{"self":[{"href":"https:\/\/www.europesays.com\/fr\/wp-json\/wp\/v2\/posts\/420722","targetHints":{"allow":["GET"]}}],"collection":[{"href":"https:\/\/www.europesays.com\/fr\/wp-json\/wp\/v2\/posts"}],"about":[{"href":"https:\/\/www.europesays.com\/fr\/wp-json\/wp\/v2\/types\/post"}],"author":[{"embeddable":true,"href":"https:\/\/www.europesays.com\/fr\/wp-json\/wp\/v2\/users\/2"}],"replies":[{"embeddable":true,"href":"https:\/\/www.europesays.com\/fr\/wp-json\/wp\/v2\/comments?post=420722"}],"version-history":[{"count":0,"href":"https:\/\/www.europesays.com\/fr\/wp-json\/wp\/v2\/posts\/420722\/revisions"}],"wp:featuredmedia":[{"embeddable":true,"href":"https:\/\/www.europesays.com\/fr\/wp-json\/wp\/v2\/media\/420723"}],"wp:attachment":[{"href":"https:\/\/www.europesays.com\/fr\/wp-json\/wp\/v2\/media?parent=420722"}],"wp:term":[{"taxonomy":"category","embeddable":true,"href":"https:\/\/www.europesays.com\/fr\/wp-json\/wp\/v2\/categories?post=420722"},{"taxonomy":"post_tag","embeddable":true,"href":"https:\/\/www.europesays.com\/fr\/wp-json\/wp\/v2\/tags?post=420722"}],"curies":[{"name":"wp","href":"https:\/\/api.w.org\/{rel}","templated":true}]}}