{"id":420728,"date":"2025-09-27T06:06:38","date_gmt":"2025-09-27T06:06:38","guid":{"rendered":"https:\/\/www.europesays.com\/fr\/420728\/"},"modified":"2025-09-27T06:06:38","modified_gmt":"2025-09-27T06:06:38","slug":"liran-rappelle-ses-ambassadeurs-en-allemagne-france-et-royaume-uni-pour-consultations-2","status":"publish","type":"post","link":"https:\/\/www.europesays.com\/fr\/420728\/","title":{"rendered":"l&rsquo;Iran rappelle ses ambassadeurs en Allemagne, France et Royaume-Uni pour consultations"},"content":{"rendered":"<p>Des sanctions internationales pourraient \u00eatre r\u00e9tablies contre T\u00e9h\u00e9ran si aucun accord n\u2019est trouv\u00e9 sur son programme nucl\u00e9aire.<\/p>\n<p class=\"fig-paragraph\">L&rsquo;Iran a rappel\u00e9 samedi pour consultations ses ambassadeurs en France, en Allemagne et au Royaume-Uni, \u00e0 l&rsquo;approche\u00a0<a href=\"http:\/\/www.lefigaro.fr\/flash-actu\/nucleaire-le-retablissement-des-sanctions-est-legalement-nul-et-non-avenu-selon-le-ministre-des-affaires-etrangeres-iranien-20250926\" data-fig-type=\"NewsFlash\" data-gtm-custom-categorie=\"navigation\" data-gtm-custom-action=\"crossclick\" data-gtm-custom-label=\"Contextuel\" data-gtm-event=\"customEventSPE\" data-fig-domain=\"LEFIGARO\" rel=\"nofollow noopener\" target=\"_blank\">du r\u00e9tablissement des sanctions contre T\u00e9h\u00e9ran<\/a>\u00a0apr\u00e8s l&rsquo;\u00e9chec de n\u00e9gociations avec ces trois pays sur le programme nucl\u00e9aire iranien, selon un m\u00e9dia d&rsquo;Etat.<\/p>\n<p class=\"fig-paragraph\">\u00abSuite \u00e0 l&rsquo;action irresponsable de trois pays europ\u00e9ens (de) r\u00e9tablir des r\u00e9solutions abrog\u00e9es du Conseil de s\u00e9curit\u00e9 de l&rsquo;ONU, les ambassadeurs de l&rsquo;Iran en Allemagne, en France et au Royaume-Uni ont \u00e9t\u00e9 rappel\u00e9s \u00e0 T\u00e9h\u00e9ran pour consultations\u00bb, a indiqu\u00e9 la t\u00e9l\u00e9vision d&rsquo;Etat.<\/p>\n<p>                                    <a class=\"fig-a11y-skip a11y-hidden\" href=\"#fig-a11y-skip-main-inarticle\"><br \/>\n        Passer la publicit\u00e9<br \/>\n    <\/a><\/p>\n<p class=\"fig-paragraph\">Plus d\u2019informations \u00e0 venir&#8230;<\/p>\n","protected":false},"excerpt":{"rendered":"Des sanctions internationales pourraient \u00eatre r\u00e9tablies contre T\u00e9h\u00e9ran si aucun accord n\u2019est trouv\u00e9 sur son programme nucl\u00e9aire. L&rsquo;Iran&hellip;\n","protected":false},"author":2,"featured_media":420729,"comment_status":"","ping_status":"","sticky":false,"template":"","format":"standard","meta":{"footnotes":""},"categories":[1587],"tags":[11,672,1903,1804,1805,1803,1777,674,1801,3019,12,3020,1802],"class_list":{"0":"post-420728","1":"post","2":"type-post","3":"status-publish","4":"format-standard","5":"has-post-thumbnail","7":"category-allemagne","8":"tag-actualites","9":"tag-allemagne","10":"tag-ambassadeur","11":"tag-bundesrepublik-deutschland","12":"tag-de","13":"tag-deutschland","14":"tag-eu","15":"tag-europe","16":"tag-germany","17":"tag-iran","18":"tag-news","19":"tag-nucleaire-iranien","20":"tag-republique-federale-dallemagne"},"share_on_mastodon":{"url":"https:\/\/pubeurope.com\/@fr\/115274762325471331","error":""},"_links":{"self":[{"href":"https:\/\/www.europesays.com\/fr\/wp-json\/wp\/v2\/posts\/420728","targetHints":{"allow":["GET"]}}],"collection":[{"href":"https:\/\/www.europesays.com\/fr\/wp-json\/wp\/v2\/posts"}],"about":[{"href":"https:\/\/www.europesays.com\/fr\/wp-json\/wp\/v2\/types\/post"}],"author":[{"embeddable":true,"href":"https:\/\/www.europesays.com\/fr\/wp-json\/wp\/v2\/users\/2"}],"replies":[{"embeddable":true,"href":"https:\/\/www.europesays.com\/fr\/wp-json\/wp\/v2\/comments?post=420728"}],"version-history":[{"count":0,"href":"https:\/\/www.europesays.com\/fr\/wp-json\/wp\/v2\/posts\/420728\/revisions"}],"wp:featuredmedia":[{"embeddable":true,"href":"https:\/\/www.europesays.com\/fr\/wp-json\/wp\/v2\/media\/420729"}],"wp:attachment":[{"href":"https:\/\/www.europesays.com\/fr\/wp-json\/wp\/v2\/media?parent=420728"}],"wp:term":[{"taxonomy":"category","embeddable":true,"href":"https:\/\/www.europesays.com\/fr\/wp-json\/wp\/v2\/categories?post=420728"},{"taxonomy":"post_tag","embeddable":true,"href":"https:\/\/www.europesays.com\/fr\/wp-json\/wp\/v2\/tags?post=420728"}],"curies":[{"name":"wp","href":"https:\/\/api.w.org\/{rel}","templated":true}]}}