{"id":420730,"date":"2025-09-27T06:08:11","date_gmt":"2025-09-27T06:08:11","guid":{"rendered":"https:\/\/www.europesays.com\/fr\/420730\/"},"modified":"2025-09-27T06:08:11","modified_gmt":"2025-09-27T06:08:11","slug":"bruxelles-je-taime-une-europe-polarisee-la-democratie-en-peril","status":"publish","type":"post","link":"https:\/\/www.europesays.com\/fr\/420730\/","title":{"rendered":"Bruxelles, je t&rsquo;aime ? : Une Europe polaris\u00e9e &#8211; La d\u00e9mocratie en p\u00e9ril\u00a0?"},"content":{"rendered":"<p>          <img decoding=\"async\" class=\"c-ad__placeholder__logo\" src=\"https:\/\/static.euronews.com\/website\/images\/logos\/logo-euronews-stacked-outlined-72x72-grey-9.svg\" width=\"72\" height=\"72\" alt=\"\" loading=\"lazy\"\/><br \/>\n          PUBLICIT\u00c9<\/p>\n<p>Pour en parler, nos invit\u00e9s cette semaine sont Pierre-Romain Thionnet, eurod\u00e9put\u00e9 du le groupe des Patriotes, Georg Rikeles, du think tank European Policy Centre, et Mounir Satouri, eurod\u00e9put\u00e9 du groupe des Verts.<\/p>\n<p>Nous parlons \u00e9galement de la politique climatique de l&rsquo;UE qui\u00a0a heurt\u00e9 un obstacle majeur r\u00e9cemment. Les ministres de l\u2019environnement n\u2019ont pas r\u00e9ussi \u00e0 trouver un accord sur les objectifs climatiques de 2035 et 2040, pr\u00e9f\u00e9rant reporter la d\u00e9cision \u00e0 de futures n\u00e9gociations. La neutralit\u00e9 climatique d\u2019ici 2050 n\u2019est-elle qu\u2019une illusion ?<\/p>\n<p>Finalement, nous \u00e9voquons le boycott culturel d&rsquo;Isra\u00ebl en Europe et notamment la menace de plusieurs pays europ\u00e9ens de se retirer du concours Eurovision si Isra\u00ebl n\u2019en est pas exclu.<\/p>\n","protected":false},"excerpt":{"rendered":"PUBLICIT\u00c9 Pour en parler, nos invit\u00e9s cette semaine sont Pierre-Romain Thionnet, eurod\u00e9put\u00e9 du le groupe des Patriotes, Georg&hellip;\n","protected":false},"author":2,"featured_media":420731,"comment_status":"","ping_status":"","sticky":false,"template":"","format":"standard","meta":{"footnotes":""},"categories":[1586],"tags":[11,51856,8753,1777,674,1011,27,12,3518,25],"class_list":{"0":"post-420730","1":"post","2":"type-post","3":"status-publish","4":"format-standard","5":"has-post-thumbnail","7":"category-europe","8":"tag-actualites","9":"tag-charlie-kirk","10":"tag-concours-eurovision-de-la-chanson","11":"tag-eu","12":"tag-europe","13":"tag-fr","14":"tag-france","15":"tag-news","16":"tag-palestine","17":"tag-republique-francaise"},"share_on_mastodon":{"url":"https:\/\/pubeurope.com\/@fr\/115274770654478820","error":""},"_links":{"self":[{"href":"https:\/\/www.europesays.com\/fr\/wp-json\/wp\/v2\/posts\/420730","targetHints":{"allow":["GET"]}}],"collection":[{"href":"https:\/\/www.europesays.com\/fr\/wp-json\/wp\/v2\/posts"}],"about":[{"href":"https:\/\/www.europesays.com\/fr\/wp-json\/wp\/v2\/types\/post"}],"author":[{"embeddable":true,"href":"https:\/\/www.europesays.com\/fr\/wp-json\/wp\/v2\/users\/2"}],"replies":[{"embeddable":true,"href":"https:\/\/www.europesays.com\/fr\/wp-json\/wp\/v2\/comments?post=420730"}],"version-history":[{"count":0,"href":"https:\/\/www.europesays.com\/fr\/wp-json\/wp\/v2\/posts\/420730\/revisions"}],"wp:featuredmedia":[{"embeddable":true,"href":"https:\/\/www.europesays.com\/fr\/wp-json\/wp\/v2\/media\/420731"}],"wp:attachment":[{"href":"https:\/\/www.europesays.com\/fr\/wp-json\/wp\/v2\/media?parent=420730"}],"wp:term":[{"taxonomy":"category","embeddable":true,"href":"https:\/\/www.europesays.com\/fr\/wp-json\/wp\/v2\/categories?post=420730"},{"taxonomy":"post_tag","embeddable":true,"href":"https:\/\/www.europesays.com\/fr\/wp-json\/wp\/v2\/tags?post=420730"}],"curies":[{"name":"wp","href":"https:\/\/api.w.org\/{rel}","templated":true}]}}