{"id":420732,"date":"2025-09-27T06:09:10","date_gmt":"2025-09-27T06:09:10","guid":{"rendered":"https:\/\/www.europesays.com\/fr\/420732\/"},"modified":"2025-09-27T06:09:10","modified_gmt":"2025-09-27T06:09:10","slug":"gibraltar-un-lagon-legal-empeche-lexiger-du-penon-pour-respecter-la-legislation-communautaire-sur-lenvironnement","status":"publish","type":"post","link":"https:\/\/www.europesays.com\/fr\/420732\/","title":{"rendered":"Gibraltar: Un \u00ablagon l\u00e9gal\u00bb emp\u00eache l&rsquo;exiger du \u00abpe\u00f1\u00f3n\u00bb pour respecter la l\u00e9gislation communautaire sur l&rsquo;environnement"},"content":{"rendered":"<p class=\"paragraph-atom B-510-400-550-N B-525-400-700-N--md\">Les garnitures pour gagner des terres \u00e0 la mer \u00e0 la face est de la roche, le d\u00e9potoir quotidien de milliers de litres d&rsquo;eaux us\u00e9es et de lingettes dans la baie des Algeciras, la p\u00eache ill\u00e9gale du thon rouge et le transfert de carburant entre les navires ancr\u00e9s dans les zones environnementales parrain\u00e9es par les autorit\u00e9s de Gibraltar arrivent au parlement europ\u00e9en.<\/p>\n<p class=\"paragraph-atom B-510-400-550-N B-525-400-700-N--md\">La Commission de la p\u00e9tition Eurocamara a affirm\u00e9 ce jeudi \u00e0 la Commission europ\u00e9enne qui surveille la conformit\u00e9 aux r\u00e9glementations environnementales communautaires dans le domaine du d\u00e9troit avant ces quatre pratiques syst\u00e9matiques de la colonie britannique qui violent non seulement les lois de l&rsquo;UE, mais aussi les accords sign\u00e9s entre le Royaume-Uni et les vingt-dix.<\/p>\n<p class=\"paragraph-atom B-510-400-550-N B-525-400-700-N--md\">Les Verdemar-Ecologists en action ont soulev\u00e9 ses plaintes r\u00e9currentes aupr\u00e8s de Bruxelles et ont obtenu l&rsquo;unanimit\u00e9 de tous les groupes politiques pour garder la p\u00e9tition ouverte, ce qui implique que ces plaintes seront d\u00e9sormais transf\u00e9r\u00e9es \u00e0 la Commission europ\u00e9enne pour prononcer par \u00e9crit.<\/p>\n<p class=\"paragraph-atom B-510-400-550-N B-525-400-700-N--md\">Cependant, la Commission a reconnu au cours du d\u00e9bat pour \u00eatre \u00ab\u00a0conscient\u00a0\u00bb que les pratiques de Gibraltar \u00ab\u00a0violent l&rsquo;accord de retrait du Royaume-Uni sur l&rsquo;Union europ\u00e9enne en mati\u00e8re environnementale\u00a0\u00bb et a plac\u00e9 le futur trait\u00e9 sur Gibraltar comme cadre pour les r\u00e9soudre.<\/p>\n<p>Laguna l\u00e9gal vs gibraltar<\/p>\n<p>La Commission europ\u00e9enne a reconnu jeudi qu&rsquo;un \u00ab\u00a0lagon juridique\u00a0\u00bb emp\u00eache le moment de demander \u00e0 Gibraltar le respect de la l\u00e9gislation communautaire sur l&rsquo;environnement et a appel\u00e9 \u00e0 attendre le prochain trait\u00e9 entre l&rsquo;UE et la colonie britannique pour \u00eatre en mesure de corriger les violations de ce domaine, d\u00e9nonc\u00e9 aujourd&rsquo;hui par Verdemar \/ Ecologists en action dans la commission des p\u00e9titions de l&rsquo;Eurocamara.<\/p>\n<p>\u00abL&rsquo;accord de retrait sign\u00e9 entre le Royaume-Uni et l&rsquo;Union europ\u00e9enne et l&rsquo;accord de coop\u00e9ration et de commerce (\u2026) n&rsquo;imposent pas pour le moment la l\u00e9gislation environnementale \u00e0 Gibraltar. Une fois le futur accord en vigueur, Gibraltar devra respecter les niveaux de protection environnementale et climatique de l&rsquo;UE \u00bb, a d\u00e9clar\u00e9 un repr\u00e9sentant de l&rsquo;ex\u00e9cutif communautaire de la Commission de p\u00e9tition.<\/p>\n<p>Il a ajout\u00e9 que \u00ables \u00e9quipes de n\u00e9gociation terminent le texte final de l&rsquo;accord futur et pr\u00e9parent les proc\u00e9dures internes pour sa signature et sa ratification\u00bb.<\/p>\n<p>La Commission europ\u00e9enne \u00abva se concentrer sur l&rsquo;application de ce futur accord du Royaume-Uni-Union europ\u00e9enne en ce qui concerne Gibraltar une fois que cet accord sera en vigueur. Nous surveillerons ces all\u00e9gations de violation mentionn\u00e9es par le p\u00e9titionnaire, \u00ab\u00a0a ajout\u00e9 le chef de la Commission.<\/p>\n<p>L&rsquo;explication a \u00e9t\u00e9 donn\u00e9e par un repr\u00e9sentant de la Commission europ\u00e9enne apr\u00e8s le pr\u00e9sident de Verdemar \/ Ecologists en action, Antonio Mu\u00f1oz Secilla, a d\u00e9nonc\u00e9 jeudi les \u00ab\u00a0crimes graves de l&rsquo;environnement\u00a0\u00bb qui ont \u00e9t\u00e9 commis au Gibraltar depuis des ann\u00e9es et qui \u00ab\u00a0sont impum\u00e9s tout en affectant directement tous les citoyens europ\u00e9ens\u00a0\u00bb.<\/p>\n<p>Au cours de son discours, le repr\u00e9sentant de Verdemar a affirm\u00e9 que les parties assument leur responsabilit\u00e9 et garantissent des m\u00e9canismes efficaces et contraignants pour prot\u00e9ger les eaux du d\u00e9troit, ont d\u00e9clar\u00e9 un lieu d&rsquo;int\u00e9r\u00eat communautaire dans le r\u00e9seau Natura 2000.<\/p>\n<p>\u00abNous continuerons \u00e0 insister. Ne permettez pas de passer l&rsquo;occasion offerte par le trait\u00e9 \u00ab\u00a0, a d\u00e9clar\u00e9 Mu\u00f1oz, qui a ajout\u00e9 que l&rsquo;Europe\u00a0\u00bb doit garantir un cadre juridique qui poursuit le terrorisme environnemental qui est commis dans le d\u00e9troit de Gibraltar. \u00ab\u00a0<\/p>\n<p>\u00abVous seul pouvez mettre fin \u00e0 cette barbarie. Nous leur demandons d&rsquo;agir avec le courage et la responsabilit\u00e9 que la situation exige \u00bb, a-t-il d\u00e9clar\u00e9.<\/p>\n<p>Parmi les plaintes soulev\u00e9es par Verdemar, la d\u00e9charge des eaux us\u00e9es sans purification a \u00e9t\u00e9 incluse, plus d&rsquo;un milliard de litres d&rsquo;eaux f\u00e9cales directement dans la mer sans l&rsquo;usine de traitement.<\/p>\n<p>Le pr\u00e9sident de Verdemar a \u00e9galement parl\u00e9 des garnitures avec des terres contamin\u00e9es, avec des mat\u00e9riaux de d\u00e9molitions contenant de l&rsquo;amiante et d&rsquo;autres substances nocives et les pratiques de soulignement ou la fourniture de carburant aux navires et financements ill\u00e9gaux, qui provoquent des accidents, des naufrages et des points de pollution fortement, avec un impact qui atteint les co\u00fbts de la r\u00e9gion et affecte directement Gibraltar.<\/p>\n<p>\u00ab\u00a0Ce trait\u00e9 doit mettre fin \u00e0 l&rsquo;impunit\u00e9, pour mettre les moyens appropri\u00e9s afin qu&rsquo;il ne continue pas \u00e0 saper l&rsquo;\u00e9cosyst\u00e8me et, le cas \u00e9ch\u00e9ant, \u00e0 \u00e9tablir des sanctions claires avant chaque crime environnemental\u00a0\u00bb, a conclu le p\u00e9titionnaire. Efe \/ efe.com<\/p>\n","protected":false},"excerpt":{"rendered":"Les garnitures pour gagner des terres \u00e0 la mer \u00e0 la face est de la roche, le d\u00e9potoir&hellip;\n","protected":false},"author":2,"featured_media":420733,"comment_status":"","ping_status":"","sticky":false,"template":"","format":"standard","meta":{"footnotes":""},"categories":[1586],"tags":[11,38529,12073,1777,674,1779,1011,27,30248,54998,54999,55000,55001,11085,12,55002,471,25,9898,3356,1778,364],"class_list":{"0":"post-420732","1":"post","2":"type-post","3":"status-publish","4":"format-standard","5":"has-post-thumbnail","7":"category-europe","8":"tag-actualites","9":"tag-communautaire","10":"tag-empeche","11":"tag-eu","12":"tag-europe","13":"tag-european-union","14":"tag-fr","15":"tag-france","16":"tag-gibraltar","17":"tag-l39environnement","18":"tag-l39exiger","19":"tag-lagon","20":"tag-legal","21":"tag-legislation","22":"tag-news","23":"tag-penon","24":"tag-pour","25":"tag-republique-francaise","26":"tag-respecter","27":"tag-sur","28":"tag-ue","29":"tag-union-europeenne"},"share_on_mastodon":{"url":"https:\/\/pubeurope.com\/@fr\/115274774299746981","error":""},"_links":{"self":[{"href":"https:\/\/www.europesays.com\/fr\/wp-json\/wp\/v2\/posts\/420732","targetHints":{"allow":["GET"]}}],"collection":[{"href":"https:\/\/www.europesays.com\/fr\/wp-json\/wp\/v2\/posts"}],"about":[{"href":"https:\/\/www.europesays.com\/fr\/wp-json\/wp\/v2\/types\/post"}],"author":[{"embeddable":true,"href":"https:\/\/www.europesays.com\/fr\/wp-json\/wp\/v2\/users\/2"}],"replies":[{"embeddable":true,"href":"https:\/\/www.europesays.com\/fr\/wp-json\/wp\/v2\/comments?post=420732"}],"version-history":[{"count":0,"href":"https:\/\/www.europesays.com\/fr\/wp-json\/wp\/v2\/posts\/420732\/revisions"}],"wp:featuredmedia":[{"embeddable":true,"href":"https:\/\/www.europesays.com\/fr\/wp-json\/wp\/v2\/media\/420733"}],"wp:attachment":[{"href":"https:\/\/www.europesays.com\/fr\/wp-json\/wp\/v2\/media?parent=420732"}],"wp:term":[{"taxonomy":"category","embeddable":true,"href":"https:\/\/www.europesays.com\/fr\/wp-json\/wp\/v2\/categories?post=420732"},{"taxonomy":"post_tag","embeddable":true,"href":"https:\/\/www.europesays.com\/fr\/wp-json\/wp\/v2\/tags?post=420732"}],"curies":[{"name":"wp","href":"https:\/\/api.w.org\/{rel}","templated":true}]}}