{"id":420742,"date":"2025-09-27T06:15:14","date_gmt":"2025-09-27T06:15:14","guid":{"rendered":"https:\/\/www.europesays.com\/fr\/420742\/"},"modified":"2025-09-27T06:15:14","modified_gmt":"2025-09-27T06:15:14","slug":"rugby-pro-d2-naufrage-collectif-defaite-record-les-tops-et-les-flops-doyonnax-vrdr-le-dauphine-libere","status":"publish","type":"post","link":"https:\/\/www.europesays.com\/fr\/420742\/","title":{"rendered":"Rugby &#8211; Pro D2. Naufrage collectif, d\u00e9faite record&#8230; les tops et les flops d&#039;Oyonnax &#8211; VRDR &#8211; Le Dauphin\u00e9 Lib\u00e9r\u00e9"},"content":{"rendered":"<ol>\n<li><a href=\"https:\/\/news.google.com\/rss\/articles\/CBMitAFBVV95cUxNakpBU0xlZm1NbVpueWdUMU40dzNlRXBOY0ZpVk5ZcjRrOWFkUFFmbkYyYUo5aU1vT1UwRWdrak93bTlWcHpMckJDTlI1TlFQSnYwWFA4SXBlRjRwbHVmMW9oSHBlX2U0S2JBbW92VnJfbk5tU0lSdkpUNGRIUmZjMkEwVVZDY2NJVUtRY21CU05OQjRhb3ZVYllTOXVZb3oyZjU1bDI3MDdmbVBVNEN2LXpHS3Y?oc=5\" target=\"_blank\" rel=\"noopener\">Rugby &#8211; Pro D2. Naufrage collectif, d\u00e9faite record&#8230; les tops et les flops d&rsquo;Oyonnax &#8211; VRDR<\/a>&nbsp;&nbsp;Le Dauphin\u00e9 Lib\u00e9r\u00e9<\/li>\n<li><a href=\"https:\/\/news.google.com\/rss\/articles\/CBMilwFBVV95cUxQT1htS3czNWRKbnMyQVVLTzFzSmNJaklMeWo3Q1lhTUdPOVVIeXVsS0ljc1daZHBKX2ZqZndXbktqUWlyTTZtMl9BNjNIeXh4Rk94d2hTZlRLRGlISTdJQy1UX3ZsU1c4UnI5YUdJeGFBbUFnSk9fR3hMNVF5M1JVYkhBRmx2cnh5M3BlNzRPU1hoaWNyOEtF?oc=5\" target=\"_blank\" rel=\"noopener\">Oyonnax 55-8 Valence-Romans, Pro D2 2025-2026 : r\u00e9sum\u00e9 du match (26\/09\/2025)<\/a>&nbsp;&nbsp;L&rsquo;\u00c9quipe<\/li>\n<li><a href=\"https:\/\/news.google.com\/rss\/articles\/CBMizAFBVV95cUxNSng2ZWgxU0k3ZEtJdjFFN3lKTnlrWk9TcFhxQ2dYUXRma092QXMzb293NDVqWm9IRTUyOHFzXzJQMTJtdlA4SFVpaGEybmNxNy1xV0Jpc3NRb21BRWdCZTFWcEt2d1N3V1ZQWEZ0UXY2eGhUY04zQzQtUkRJRGJsVWZ1TGNqWUVCclRldC1UV0MtQUNJdlR5YnJfSi1hLTRTek9Ec2JoZ0hIQmJqSG15ZVhvZ0pOSE9rS2xFZkZucHZTdEQwOHVPbkxONG0?oc=5\" target=\"_blank\" rel=\"noopener\">RUGBY: Le VRDR encaisse sa plus lourde d\u00e9faite en pro D2 55-8 \u00e0 Oyonnax<\/a>&nbsp;&nbsp;francebleu.fr<\/li>\n<li><a href=\"https:\/\/news.google.com\/rss\/articles\/CBMiqAFBVV95cUxObjhkbWJENVF0MFAtZ2RzWnZfS3JtQlNVM2p3LUJGNV9mRUZhR3A0N0wwUERlVGlpT2RkMmE4b2xpR1pMb0FIRTR0cmtBTUw0ZG9OdENZNjdQUnFHOGVtTWFKTkRKbTNTZVh0R0h5TW5rRW40MW1CNFhYV1REQWFyQVhDS05TelVHX0JsTFBxaDhZRU9GVWV4aHZWVUtvZUo0czhoZ3VjWG8?oc=5\" target=\"_blank\" rel=\"noopener\">En images. Oyonnax Rugby en mode rouleau compresseur face \u00e0 Valence-Romans<\/a>&nbsp;&nbsp;Le Progr\u00e8s<\/li>\n<li><a href=\"https:\/\/news.google.com\/rss\/articles\/CBMirAFBVV95cUxPaHY4Y1pseW1iMDdoMHNLd0hiXzNNQ2NIMmdNSVBCajJpVzJERTFKNXhtRTlmZnlab29uVTdtb09LWUlMTmxHdGtSWUs3YjdqQ01LaVQ3ajNFdGZ6QTd3TzZnVHFvRGE4ZTNyYThiX19QU2tUSjdRMkRLX0pMMldrU29wd3E3WnNMM3ZJel9PNHBFYlBMMHU2VHpqVEZ4SDF0WnJUelduRGF6MGNj?oc=5\" target=\"_blank\" rel=\"noopener\">Pro D2 \u2013 Oyonnax roule sur Valence Romans et repart de l\u2019avant<\/a>&nbsp;&nbsp;Rugbyrama<\/li>\n<\/ol>\n","protected":false},"excerpt":{"rendered":"Rugby &#8211; Pro D2. Naufrage collectif, d\u00e9faite record&#8230; les tops et les flops d&rsquo;Oyonnax &#8211; VRDR&nbsp;&nbsp;Le Dauphin\u00e9 Lib\u00e9r\u00e9&hellip;\n","protected":false},"author":2,"featured_media":420743,"comment_status":"","ping_status":"","sticky":false,"template":"","format":"standard","meta":{"footnotes":""},"categories":[1416],"tags":[2730,2737,2735,1701,1011,27,2308,1479,2736,479,1468,517,1947,60,2733,2734,2728],"class_list":{"0":"post-420742","1":"post","2":"type-post","3":"status-publish","4":"format-standard","5":"has-post-thumbnail","7":"category-rugby","8":"tag-drome","9":"tag-edition-romans-nord-drome","10":"tag-edition-valence-rhone-crussol-vallee-de-la-drome","11":"tag-fil-info-sport","12":"tag-fr","13":"tag-france","14":"tag-pro-d2","15":"tag-romans","16":"tag-romans-sur-isere","17":"tag-rugby","18":"tag-rugby-football","19":"tag-sport","20":"tag-sport-national","21":"tag-sports","22":"tag-valence","23":"tag-valence-bassin","24":"tag-vrdr-valence-romans-drome-rugby"},"share_on_mastodon":{"url":"https:\/\/pubeurope.com\/@fr\/115274797796990568","error":""},"_links":{"self":[{"href":"https:\/\/www.europesays.com\/fr\/wp-json\/wp\/v2\/posts\/420742","targetHints":{"allow":["GET"]}}],"collection":[{"href":"https:\/\/www.europesays.com\/fr\/wp-json\/wp\/v2\/posts"}],"about":[{"href":"https:\/\/www.europesays.com\/fr\/wp-json\/wp\/v2\/types\/post"}],"author":[{"embeddable":true,"href":"https:\/\/www.europesays.com\/fr\/wp-json\/wp\/v2\/users\/2"}],"replies":[{"embeddable":true,"href":"https:\/\/www.europesays.com\/fr\/wp-json\/wp\/v2\/comments?post=420742"}],"version-history":[{"count":0,"href":"https:\/\/www.europesays.com\/fr\/wp-json\/wp\/v2\/posts\/420742\/revisions"}],"wp:featuredmedia":[{"embeddable":true,"href":"https:\/\/www.europesays.com\/fr\/wp-json\/wp\/v2\/media\/420743"}],"wp:attachment":[{"href":"https:\/\/www.europesays.com\/fr\/wp-json\/wp\/v2\/media?parent=420742"}],"wp:term":[{"taxonomy":"category","embeddable":true,"href":"https:\/\/www.europesays.com\/fr\/wp-json\/wp\/v2\/categories?post=420742"},{"taxonomy":"post_tag","embeddable":true,"href":"https:\/\/www.europesays.com\/fr\/wp-json\/wp\/v2\/tags?post=420742"}],"curies":[{"name":"wp","href":"https:\/\/api.w.org\/{rel}","templated":true}]}}