{"id":420747,"date":"2025-09-27T06:19:16","date_gmt":"2025-09-27T06:19:16","guid":{"rendered":"https:\/\/www.europesays.com\/fr\/420747\/"},"modified":"2025-09-27T06:19:16","modified_gmt":"2025-09-27T06:19:16","slug":"chanceux-et-dramatique-contre-ohl-comment-cet-anderlecht-la-a-pu-etre-deuxieme","status":"publish","type":"post","link":"https:\/\/www.europesays.com\/fr\/420747\/","title":{"rendered":"Chanceux et dramatique contre OHL\u00a0: comment cet Anderlecht-l\u00e0 a pu \u00eatre deuxi\u00e8me\u00a0?"},"content":{"rendered":"<p><a href=\"https:\/\/www.dhnet.be\/sports\/football\/division-1a\/anderlecht\/2025\/09\/26\/compos-probables-ohl-anderlecht-ce-sera-limite-pour-hazard-degreef-a-la-position-de-wingback-de-maamar-saliba-encore-prefere-a-llansana-EZ3AT4Z25FGSVBBO3KHWYVUVZ4\/\" target=\"_blank\" rel=\"noopener noreferrer\" class=\"ap-StoryInterstitialLink ap-StoryElement ap-StoryElement--mb js-paywall-target\">De la r\u00e9ussite et des regrets : Anderlecht conc\u00e8de le nul \u00e0 Louvain (1-1)<\/a><\/p>\n<p class=\"ap-StoryElement ap-StoryElement--mb ap-StoryText\">Lors des 45 premi\u00e8res minutes, les Anderlechtois n&rsquo;ont absolument rien cr\u00e9\u00e9 si ce n&rsquo;est cette frappe lointaine de Nathan-Dylan Saliba ou cette reprise de la t\u00eate de Killian Sardella sur un corner bott\u00e9 par Nilson Angulo. Le RSCA a, par contre, trop subi. Beaucoup trop. \u00c0 l&rsquo;image d&rsquo;un Lucas Hey bouscul\u00e9 par Charles Ikwuemesi dans le combat physique ou encore du d\u00e9gagement compl\u00e8tement manqu\u00e9 de son partenaire Marco Kana. Heureusement, Colin Coosemans a, lui, r\u00e9pondu pr\u00e9sent.<\/p>\n<p><img loading=\"lazy\" decoding=\"async\" class=\"w-full lazyload lazyload--opacity object-contain\" style=\"aspect-ratio:150 \/ 100;opacity:1\" alt=\"LEUVEN, BELGIUM - SEPTEMBER 26 : Vazquez Luis forward of RSC Anderlecht celebrates after scoring, Pletinckx Ewoud defender of OH Leuven looking dejected during the Jupiler Pro League match between OH Leuven and RSC Anderlecht on September 26, 2025 in Leuven, Belgium, 26\/09\/2025 ( Photo by Nico Vereecken \/ PhotoNews\" width=\"768\" height=\"512\" fetchpriority=\"auto\" src=\"https:\/\/www.europesays.com\/fr\/wp-content\/uploads\/2025\/04\/1743819792_235_S5VKD3X55FFF3BW6V4SEHXNP7I.png\"  data- data-optimumx=\"1\"\/>Tous les petits progr\u00e8s qui ont pu \u00eatre aper\u00e7us contre La Gantoise sont compl\u00e8tement noy\u00e9s. \u00a9NVE<\/p>\n<blockquote class=\"ap-StoryQuote ap-StoryQuote--blockquote\">\n<p class=\"ap-StoryQuote-text\">Dans la ville estudiantine, les Anderlechtois ont pris des airs d&rsquo;\u00e9l\u00e8ves de premi\u00e8re ann\u00e9e.<\/p>\n<\/blockquote>\n<p>Vazquez n&rsquo;a pas fait expr\u00e8s de marquer<\/p>\n<p class=\"ap-StoryElement ap-StoryElement--mb ap-StoryText\">Dans ce \u00ab\u00a0Dries Mertensico\u00a0\u00bb \u2013 l&rsquo;ancien Diable, pass\u00e9 par le Stade Louvain et Anderlecht dans sa jeunesse, \u00e9tait pr\u00e9sent au stade \u2013, Lukasz Lakomy, Sory Kaba ou encore Takahiro Akimoto, d&rsquo;une lourde frappe du gauche, ont tous fait sursauter Besnik Hasi. Contraint de se passer de Mario Stroeykens, bless\u00e9, l&rsquo;entra\u00eeneur a certainement mis sur un pied un plan pour faire mal aux Louvanistes entra\u00een\u00e9s par celui \u00e0 qui il a succ\u00e9d\u00e9 sur le banc du Sporting. Le souci ? Que les v\u00e9ritables intentions des Mauves n&rsquo;ont en tout cas pas \u00e9t\u00e9 faciles \u00e0 d\u00e9celer.<\/p>\n<p><a href=\"https:\/\/www.dhnet.be\/sports\/football\/division-1a\/anderlecht\/2025\/09\/26\/besnik-hasi-frustre-apres-le-partage-a-louvain-on-a-une-jeune-equipe-mais-on-ne-doit-jamais-encaisser-ce-but-DI7AXPYACRFLJLIQLSXG5XGBBM\/\" target=\"_blank\" rel=\"noopener noreferrer\" class=\"ap-StoryInterstitialLink ap-StoryElement ap-StoryElement--mb\">Besnik Hasi frustr\u00e9 apr\u00e8s le partage \u00e0 Louvain : \u00ab\u00a0On a une jeune \u00e9quipe, mais on ne doit jamais encaisser ce but\u00a0\u00bb<\/a><\/p>\n<p class=\"ap-StoryElement ap-StoryElement--mb ap-StoryText\">Gr\u00e2ce \u00e0 un coup du sort d\u00e8s la reprise, Luis Vazquez a pens\u00e9 balayer toutes les inqui\u00e9tudes sous le tapis. L&rsquo;attaquant argentin, qui a souvent endoss\u00e9 le costume de souffre-douleur ces derni\u00e8res semaines, a probablement \u00e9t\u00e9 plus \u00e9tonn\u00e9 que quiconque que sa d\u00e9viation \u2013 \u00e0 moiti\u00e9 intentionnelle \u2013 ait tromp\u00e9 Tobe Leysen. Et dire que c&rsquo;\u00e9tait le premier tir cadr\u00e9 des visiteurs\u2026<\/p>\n<p>Petite revanche pour Hubert<\/p>\n<p class=\"ap-StoryElement ap-StoryElement--mb ap-StoryText\">Mais le deuxi\u00e8me but de la saison de Vazquez, remplac\u00e9 par Thorgan Hazard qui a \u00e9volu\u00e9 en tant que faux-neuf, n&rsquo;a finalement pas suffi. Au plus grand bonheur de David Hubert qui tient une sorte de petite revanche tout de m\u00eame. Puisque Youssef Maziz, mont\u00e9 au jeu, a arrach\u00e9 un point amplement m\u00e9rit\u00e9 pour OHL \u00e0 dix minutes du terme. Les Braban\u00e7ons auraient, avec un peu plus de chance, m\u00eame pu d\u00e9crocher le butin entier.<\/p>\n<p class=\"text-left ap-StoryElement ap-StoryElement--mb ap-StoryText\">Dans la ville estudiantine, les Anderlechtois ont pris des airs d&rsquo;\u00e9l\u00e8ves de premi\u00e8re ann\u00e9e. Que ce RSCA-l\u00e0 ait \u00e9t\u00e9 deuxi\u00e8me au classement avant la rencontre para\u00eet encore plus inconcevable vu le niveau affich\u00e9. Si les Mauves \u00e9taient parvenus \u00e0 d\u00e9fendre leur avantage, la semaine aurait m\u00eame pu \u00eatre consid\u00e9r\u00e9e comme \u00ab\u00a0parfaite\u00a0\u00bb. Au lieu de \u00e7a, tout bourgeon de progr\u00e8s, comme Coosemans a pu le relever apr\u00e8s le succ\u00e8s face \u00e0 La Gantoise, a \u00e9t\u00e9 noy\u00e9. Pas id\u00e9al avant d&rsquo;aborder un Clasico le week-end prochain.<\/p>\n<p><a href=\"https:\/\/www.dhnet.be\/sports\/football\/division-1a\/anderlecht\/2025\/09\/26\/les-bulletins-danderlecht-vazquez-buteur-a-son-insu-hey-plus-lent-quun-geant-coosemans-surpris-puis-sauveur-4DW3RVMKGRC65GINCDMQVBX56A\/\" target=\"_blank\" rel=\"noopener noreferrer\" class=\"ap-StoryInterstitialLink ap-StoryElement ap-StoryElement--mb\">Les bulletins d&rsquo;Anderlecht: Vazquez buteur \u00e0 son insu, Hey plus lent qu&rsquo;un g\u00e9ant, Coosemans surpris puis sauveur<\/a>Le technique<\/p>\n<p class=\"text-left ap-StoryElement ap-StoryElement--mb ap-StoryText\"><b>OH LOUVAIN :<\/b> Leysen ; Pletinckx, Dussenne, Ominami (75e Maziz) ; Gil, Lakomy, Schrijvers (75e Maertens), Terho (75e Mijatovic), Akimoto ; Ikwuemesi (61e Traore), Kaba.<\/p>\n<p class=\"text-left ap-StoryElement ap-StoryElement--mb ap-StoryText\"><b>ANDERLECHT :<\/b> Coosemans ; Sardella, Hey, Kana, N&rsquo;Diaye ; Degreef (81e Augustinsson), De Cat, Huerta (46e Verschaeren), Saliba (90e Cvetkovic), Angulo (73e Camara) ; Vazquez (73e Hazard).<\/p>\n<p class=\"text-left ap-StoryElement ap-StoryElement--mb ap-StoryText\"><b>Arbitre :<\/b> Simon Bourdeaud&rsquo;hui.<\/p>\n<p class=\"text-left ap-StoryElement ap-StoryElement--mb ap-StoryText\"><b>Cartes jaunes :<\/b> Hey, Huerta, Akimoto, Terho, Maziz, Mijatovic, De Cat.<\/p>\n<p class=\"text-left ap-StoryElement ap-StoryElement--mb ap-StoryText\"><b>Buts :<\/b> 55e Vazquez (0-1), 80e Maziz (1-1).<\/p>\n","protected":false},"excerpt":{"rendered":"De la r\u00e9ussite et des regrets : Anderlecht conc\u00e8de le nul \u00e0 Louvain (1-1) Lors des 45 premi\u00e8res&hellip;\n","protected":false},"author":2,"featured_media":420748,"comment_status":"","ping_status":"","sticky":false,"template":"","format":"standard","meta":{"footnotes":""},"categories":[1412],"tags":[1151,17,34996,24402,1451,2257,63,1452,1453,1454,1455,1011,27,55003,17564,8346,11808,55004,55005,31017,955,8348,1161,55006,55007,13536,55008,8349,8350,55009,55010,8355,8359,517,8360,60,8363,8364],"class_list":{"0":"post-420747","1":"post","2":"type-post","3":"status-publish","4":"format-standard","5":"has-post-thumbnail","7":"category-f1","8":"tag-nicovereeckenfoto","9":"tag-17","10":"tag-2025-2026","11":"tag-anderlecht","12":"tag-f1","13":"tag-foot","14":"tag-football","15":"tag-formula-1","16":"tag-formula1","17":"tag-formule-1","18":"tag-formule1","19":"tag-fr","20":"tag-france","21":"tag-heverlee","22":"tag-jupiler","23":"tag-jupiler-pro-league","24":"tag-league","25":"tag-les-mauves","26":"tag-leuven","27":"tag-louvain","28":"tag-match","29":"tag-mauves","30":"tag-nico-vereecken","31":"tag-oh-leuven","32":"tag-ohl","33":"tag-oud","34":"tag-oud-heverlee","35":"tag-paars","36":"tag-paarswit","37":"tag-r-s-c-a","38":"tag-rsc","39":"tag-rsca","40":"tag-soccer","41":"tag-sport","42":"tag-sporting","43":"tag-sports","44":"tag-voetbal","45":"tag-wedstrijd"},"share_on_mastodon":{"url":"https:\/\/pubeurope.com\/@fr\/115274813600643659","error":""},"_links":{"self":[{"href":"https:\/\/www.europesays.com\/fr\/wp-json\/wp\/v2\/posts\/420747","targetHints":{"allow":["GET"]}}],"collection":[{"href":"https:\/\/www.europesays.com\/fr\/wp-json\/wp\/v2\/posts"}],"about":[{"href":"https:\/\/www.europesays.com\/fr\/wp-json\/wp\/v2\/types\/post"}],"author":[{"embeddable":true,"href":"https:\/\/www.europesays.com\/fr\/wp-json\/wp\/v2\/users\/2"}],"replies":[{"embeddable":true,"href":"https:\/\/www.europesays.com\/fr\/wp-json\/wp\/v2\/comments?post=420747"}],"version-history":[{"count":0,"href":"https:\/\/www.europesays.com\/fr\/wp-json\/wp\/v2\/posts\/420747\/revisions"}],"wp:featuredmedia":[{"embeddable":true,"href":"https:\/\/www.europesays.com\/fr\/wp-json\/wp\/v2\/media\/420748"}],"wp:attachment":[{"href":"https:\/\/www.europesays.com\/fr\/wp-json\/wp\/v2\/media?parent=420747"}],"wp:term":[{"taxonomy":"category","embeddable":true,"href":"https:\/\/www.europesays.com\/fr\/wp-json\/wp\/v2\/categories?post=420747"},{"taxonomy":"post_tag","embeddable":true,"href":"https:\/\/www.europesays.com\/fr\/wp-json\/wp\/v2\/tags?post=420747"}],"curies":[{"name":"wp","href":"https:\/\/api.w.org\/{rel}","templated":true}]}}