{"id":420753,"date":"2025-09-27T06:22:11","date_gmt":"2025-09-27T06:22:11","guid":{"rendered":"https:\/\/www.europesays.com\/fr\/420753\/"},"modified":"2025-09-27T06:22:11","modified_gmt":"2025-09-27T06:22:11","slug":"yann-barthes-fan-de-blagues-de-prout-ambre-chalumeau-balance","status":"publish","type":"post","link":"https:\/\/www.europesays.com\/fr\/420753\/","title":{"rendered":"Yann Barth\u00e8s, fan de blagues de prout ? Ambre Chalumeau balance"},"content":{"rendered":"<p>Yann Barth\u00e8s, <strong>fan de blagues de prout<\/strong> ?<br \/>\nVendredi 26 septembre, <a href=\"https:\/\/www.telestar.fr\/actu_tv\/star-academy-marine-ulysse-marguerite-les-eleves-de-la-promo-2024-sont-ils-en-couple-1734997\" target=\"_blank\" rel=\"noopener\"><br \/>\nMarguerite<\/a>, ancienne candidate de la <a href=\"https:\/\/www.telestar.fr\/actu_tv\/star-academy-charlotte-cardin-marraine-de-lemission-mais-il-y-a-un-enorme-mais-1739341\" target=\"_blank\" rel=\"noopener\"><br \/>\nStar Academy<\/a>, \u00e9tait invit\u00e9e sur le plateau de Quotidien pour<br \/>\npr\u00e9senter son album Grandir. Un album qu\u00a0\u00bbelle envisage<br \/>\ncomme une balade \u00e0 travers l&rsquo;enfance, l&rsquo;adolescence, et le jeune<br \/>\n\u00e2ge adulte. Une p\u00e9riode qu&rsquo;atteint en ce moment la jeune artiste,<br \/>\net qu&rsquo;<strong>elle trouve difficile<\/strong>. \u00ab\u00a0C&rsquo;est dur de<br \/>\ngrandir, non, il y a pleins de premi\u00e8res fois, \u00e7a fait peur, non,<br \/>\nvous ne trouvez pas ?\u00a0\u00bb, a-t-elle demand\u00e9 \u00e0 Yann Barth\u00e8s.<\/p>\n<p>Face \u00e0 elle, le pr\u00e9sentateur s&rsquo;est montr\u00e9 septique.<br \/>\n<strong>\u00ab\u00a0Oh, moi, vous savez, moi, c&rsquo;est fini tout \u00e7a tout, les<br \/>\npremi\u00e8res fois\u00a0\u00bb<\/strong>, a-t-il r\u00e9agi, fataliste. \u00ab\u00a0Oh bah<br \/>\nnon, il ne faut pas dire \u00e7a !\u00a0\u00bb est intervenue Marguerite.<br \/>\n<a href=\"https:\/\/www.telestar.fr\/actu_tv\/je-retourne-allaiter-la-reponse-cinglante-dambre-chalumeau-quotidien-aux-rumeurs-sur-sa-grossesse-1673302\" target=\"_blank\" rel=\"noopener\"><br \/>\nAmbre Chalumeau<\/a> a rench\u00e9ri et a tenu \u00e0 signaler \u00e0 son boss que,<br \/>\ncontrairement \u00e0 ce qu&rsquo;il croyait, il n&rsquo;\u00e9tait peut-\u00eatre pas si<br \/>\nmature que \u00e7a. <strong>\u00ab\u00a0Sinon tu ne rirais pas autant aux<br \/>\nblagues de Prout\u00a0\u00bb<\/strong>, a-t-elle soulign\u00e9, perspicace.<\/p>\n<p>Yann Barth\u00e8s et le sujet de la loose<\/p>\n<p>Pendant le reste du passage de Marguerite, <strong>l&rsquo;artiste et<br \/>\nYann ont d\u00e9cortiqu\u00e9 les chansons de l&rsquo;album.<\/strong> Notamment son<br \/>\ntitre Premi\u00e8re Dauphine. \u00ab\u00a0C&rsquo;est une chanson sur la<br \/>\nloose\u00a0\u00bb, a expliqu\u00e9 la chanteuse. \u00ab\u00a0Non, pas sur la loose,<br \/>\nsur le fait de ne pas \u00eatre premier\u00a0\u00bb, a tenu \u00e0 clarifier <a href=\"https:\/\/www.telestar.fr\/actu_tv\/je-reve-une-invitee-prise-la-main-dans-le-sac-dans-quotidien-yann-barthes-la-confronte-1739460\" target=\"_blank\" rel=\"noopener\"><br \/>\nYann Barth\u00e8s<\/a>. \u00ab\u00a0Oui, bon, sur ce que la soci\u00e9t\u00e9 consid\u00e8re comme<br \/>\nla loose\u00a0\u00bb, a insist\u00e9 Marguerite. Lors de la 12\u00e8me saison du<br \/>\nt\u00e9l\u00e9crochet de TF1<strong>, ce n&rsquo;est en effet pas elle qui avait<br \/>\nremport\u00e9 l&rsquo;aventure, mais Marine.\u00a0<\/strong><\/p>\n<p>Tout comme sa cong\u00e9n\u00e8re et amie <a href=\"https:\/\/www.telestar.fr\/people\/helena-bailly-un-peu-genee-une-interview-tourne-au-vinaigre-pour-lex-de-la-star-academy-1732463\" target=\"_blank\" rel=\"noopener\"><br \/>\nHelena Bailly<\/a>, elle conna\u00eet n\u00e9anmoins un beau succ\u00e8s. Les deux<br \/>\nfemmes se rejoignent sur ce point. Et sur un autre, peu plus plus<br \/>\npol\u00e9mique. Les mauvaises langues ont en effet <strong>accus\u00e9<br \/>\nMarguerite d&rsquo;avoir plagi\u00e9 Tout g\u00e2cher, d&rsquo;Helena, avec sa<br \/>\nchanson Les filles, les meufs.<\/strong> Une question qui<br \/>\nn&rsquo;a pas \u00e9t\u00e9 abord\u00e9e en plateau. Mais qui la laisse dans tous les<br \/>\ncas indiff\u00e9rente. Dans Cin\u00e9 T\u00e9l\u00e9 revue, elle avait parl\u00e9<br \/>\nd&rsquo;un \u00ab\u00a0non sujet\u00a0\u00bb.<\/p>\n<p>Quotidien : Marguerite pouss\u00e9e dans ses<br \/>\nretranchements par le pr\u00e9sentateur, \u00ab\u00a0c&rsquo;est parce que vous&#8230;\u00a0\u00bb<\/p>\n<p>Sur le plateau de Quotidien, Yann Barth\u00e8s a soulign\u00e9 que si elle<br \/>\nne ressentait <strong>aucune amertume<\/strong> \u00e0 ne pas avoir<br \/>\ngagn\u00e9, c&rsquo;est aussi sans doute car sa carri\u00e8re d\u00e9collait malgr\u00e9<br \/>\ntout,\u00a0\u00ab\u00a0parce que <strong>vous<br \/>\ncartonnez<\/strong>\u00ab\u00a0.<\/p>\n<p>L&rsquo;interpr\u00e8te de La maison a alors mis en avant ses<br \/>\nqualit\u00e9s d&#8217;empathie en disant qu&rsquo;elle \u00e9tait aussi et avant tout<br \/>\nheureuse pour le succ\u00e8s des autres. Une belle mani\u00e8re d&rsquo;\u00eatre<br \/>\nadulte.<\/p>\n","protected":false},"excerpt":{"rendered":"Yann Barth\u00e8s, fan de blagues de prout ? Vendredi 26 septembre, Marguerite, ancienne candidate de la Star Academy,&hellip;\n","protected":false},"author":2,"featured_media":420754,"comment_status":"","ping_status":"","sticky":false,"template":"","format":"standard","meta":{"footnotes":""},"categories":[1359],"tags":[548,58,59,1011,27,973,1404,1405],"class_list":{"0":"post-420753","1":"post","2":"type-post","3":"status-publish","4":"format-standard","5":"has-post-thumbnail","7":"category-people","8":"tag-article-simple","9":"tag-divertissement","10":"tag-entertainment","11":"tag-fr","12":"tag-france","13":"tag-people","14":"tag-quotidien","15":"tag-yann-barthes"},"share_on_mastodon":{"url":"https:\/\/pubeurope.com\/@fr\/115274825301206983","error":""},"_links":{"self":[{"href":"https:\/\/www.europesays.com\/fr\/wp-json\/wp\/v2\/posts\/420753","targetHints":{"allow":["GET"]}}],"collection":[{"href":"https:\/\/www.europesays.com\/fr\/wp-json\/wp\/v2\/posts"}],"about":[{"href":"https:\/\/www.europesays.com\/fr\/wp-json\/wp\/v2\/types\/post"}],"author":[{"embeddable":true,"href":"https:\/\/www.europesays.com\/fr\/wp-json\/wp\/v2\/users\/2"}],"replies":[{"embeddable":true,"href":"https:\/\/www.europesays.com\/fr\/wp-json\/wp\/v2\/comments?post=420753"}],"version-history":[{"count":0,"href":"https:\/\/www.europesays.com\/fr\/wp-json\/wp\/v2\/posts\/420753\/revisions"}],"wp:featuredmedia":[{"embeddable":true,"href":"https:\/\/www.europesays.com\/fr\/wp-json\/wp\/v2\/media\/420754"}],"wp:attachment":[{"href":"https:\/\/www.europesays.com\/fr\/wp-json\/wp\/v2\/media?parent=420753"}],"wp:term":[{"taxonomy":"category","embeddable":true,"href":"https:\/\/www.europesays.com\/fr\/wp-json\/wp\/v2\/categories?post=420753"},{"taxonomy":"post_tag","embeddable":true,"href":"https:\/\/www.europesays.com\/fr\/wp-json\/wp\/v2\/tags?post=420753"}],"curies":[{"name":"wp","href":"https:\/\/api.w.org\/{rel}","templated":true}]}}