{"id":420755,"date":"2025-09-27T06:23:11","date_gmt":"2025-09-27T06:23:11","guid":{"rendered":"https:\/\/www.europesays.com\/fr\/420755\/"},"modified":"2025-09-27T06:23:11","modified_gmt":"2025-09-27T06:23:11","slug":"un-gratte-ciel-durable-qui-redefinit-deja-lhorizon-de-jeddah","status":"publish","type":"post","link":"https:\/\/www.europesays.com\/fr\/420755\/","title":{"rendered":"un gratte-ciel durable qui red\u00e9finit d\u00e9j\u00e0 l\u2019horizon de Jeddah"},"content":{"rendered":"<tr>\n<td><strong>EN BREF<\/strong><\/td>\n<\/tr>\n<tr>\n<td>\n<ul>\n<li>\ud83c\udfd7\ufe0f La <strong>JEC Tower<\/strong> atteindra une <strong>hauteur in\u00e9gal\u00e9e<\/strong> de plus de 1 000 m\u00e8tres.<\/li>\n<li>\ud83c\udf0d Con\u00e7ue par <strong>Adrian Smith + Gordon Gill<\/strong>, elle int\u00e8gre des <strong>technologies durables<\/strong>.<\/li>\n<li>\ud83d\ude80 Elle s\u2019inscrit dans la <strong>Vision 2030<\/strong> pour moderniser l\u2019\u00e9conomie saoudienne.<\/li>\n<li>\ud83c\udfe2 La tour comprendra des <strong>r\u00e9sidences de luxe<\/strong> et le point d\u2019observation le plus \u00e9lev\u00e9.<\/li>\n<\/ul>\n<\/td>\n<\/tr>\n<p>La JEC Tower, future ic\u00f4ne de Jeddah, promet de transformer le paysage architectural mondial. Avec plus de 1 000 m\u00e8tres de hauteur, elle s\u2019appr\u00eate \u00e0 surpasser tous les gratte-ciels actuels. Imagin\u00e9e par le cabinet Adrian Smith + Gordon Gill, cette structure s\u2019inscrit dans le cadre de la Vision 2030 de l\u2019Arabie Saoudite. Elle vise \u00e0 diversifier et moderniser l\u2019\u00e9conomie du pays. Apr\u00e8s une pause dans sa construction, la tour est de nouveau au c\u0153ur de l\u2019innovation architecturale, pr\u00eate \u00e0 red\u00e9finir les standards mondiaux en mati\u00e8re de hauteur et de durabilit\u00e9.<\/p>\n<p>Conception et design de la JEC Tower<\/p>\n<p>Le cabinet d\u2019architecture Adrian Smith + Gordon Gill, c\u00e9l\u00e8bre pour le Burj Khalifa, est \u00e0 l\u2019origine de la conception de la JEC Tower. Pr\u00e9vue pour atteindre une hauteur in\u00e9gal\u00e9e de plus de 1 000 m\u00e8tres, elle red\u00e9finit les normes des gratte-ciels. <strong>Mais sa hauteur n\u2019est pas son seul atout<\/strong>. Elle int\u00e8gre des technologies durables pour r\u00e9pondre aux d\u00e9fis climatiques locaux. Des syst\u00e8mes sophistiqu\u00e9s garantiront sa r\u00e9sistance aux vents violents et maximiseront son efficacit\u00e9 \u00e9nerg\u00e9tique.<\/p>\n<p>La tour comprendra 157 \u00e9tages abritant des r\u00e9sidences de luxe, un h\u00f4tel prestigieux, et des espaces commerciaux. Elle sera \u00e9quip\u00e9e de 59 ascenseurs rapides pour un acc\u00e8s fluide \u00e0 chaque niveau. Le point d\u2019observation le plus \u00e9lev\u00e9 du monde, situ\u00e9 \u00e0 son sommet, offrira une vue spectaculaire sur Jeddah et la mer Rouge.<\/p>\n<blockquote class=\"wp-embedded-content\" data-secret=\"7YHuSHzR5O\">\n<p><a href=\"https:\/\/newsly.fr\/2025\/09\/21\/la-plus-grosse-promo-parkside-jamais-vue-en-magasin-lidl-frappe-fort-et-revolutionne-le-bricolage-et-le-jardinage\/\" rel=\"nofollow noopener\" target=\"_blank\">\u00ab La plus grosse promo Parkside jamais vue en magasin \u00bb : Lidl frappe fort et r\u00e9volutionne le bricolage et le jardinage<\/a><\/p>\n<\/blockquote>\n<p>D\u00e9fis et innovations technologiques<\/p>\n<p>La construction de la JEC Tower pose des d\u00e9fis technologiques majeurs, notamment pour le pompage du b\u00e9ton \u00e0 des altitudes jamais atteintes. Actuellement, le pompage est r\u00e9alisable jusqu&rsquo;\u00e0 800 m\u00e8tres, mais les ing\u00e9nieurs travaillent \u00e0 repousser cette limite \u00e0 1 000 m\u00e8tres gr\u00e2ce \u00e0 des mat\u00e9riaux et techniques innovants. Un autre d\u00e9fi crucial est la stabilit\u00e9 structurelle, n\u00e9cessitant des syst\u00e8mes avanc\u00e9s pour garantir la s\u00e9curit\u00e9 face aux vents forts.<\/p>\n<p><strong>Les technologies d\u2019ascenseurs<\/strong> jouent \u00e9galement un r\u00f4le essentiel, assurant un transport efficace \u00e0 travers les nombreux \u00e9tages. De plus, des solutions de gestion de l\u2019\u00e9nergie et de l\u2019eau sont int\u00e9gr\u00e9es pour r\u00e9duire l\u2019empreinte \u00e9cologique de la tour. Ce projet refl\u00e8te un engagement fort envers une architecture durable et respectueuse de l\u2019environnement.<\/p>\n<blockquote class=\"wp-embedded-content\" data-secret=\"EoI9YzeSNM\">\n<p><a href=\"https:\/\/newsly.fr\/2025\/09\/16\/10-240-km-h-un-avion-pulverise-le-record-mondial-moscou-repond-par-une-demonstration-de-force\/\" rel=\"nofollow noopener\" target=\"_blank\">\u00ab 10 240 km\/h \u00bb : un avion pulv\u00e9rise le record mondial, Moscou r\u00e9pond par une d\u00e9monstration de force<\/a><\/p>\n<\/blockquote>\n<p>L\u2019impact \u00e9conomique et social de la JEC Tower<\/p>\n<p>La JEC Tower s\u2019inscrit dans un projet de d\u00e9veloppement urbain ambitieux pour Jeddah et l\u2019Arabie Saoudite. Ce projet pr\u00e9voit la construction d\u2019infrastructures essentielles, telles que des h\u00f4pitaux, des \u00e9coles et des logements pour 100 000 personnes. <strong>L&rsquo;objectif est de transformer Jeddah en une m\u00e9tropole moderne et dynamique<\/strong>.<\/p>\n<p>\u00c0 long terme, la tour pourrait devenir un moteur \u00e9conomique, attirant des entreprises internationales et stimulant le tourisme. Elle s\u2019aligne avec la Vision 2030, qui vise \u00e0 diversifier l\u2019\u00e9conomie saoudienne. Sur le plan social, la JEC Tower et son d\u00e9veloppement environnant pourraient am\u00e9liorer la qualit\u00e9 de vie des r\u00e9sidents, en offrant des opportunit\u00e9s d&#8217;emploi et de meilleures infrastructures \u00e9ducatives et m\u00e9dicales.<\/p>\n<blockquote class=\"wp-embedded-content\" data-secret=\"NSX6K1jmT6\">\n<p><a href=\"https:\/\/newsly.fr\/2024\/09\/04\/scandale-ces-influenceurs-de-telerealite-francais-achetent-des-followers-pour-tromper-les-internautes-et-engranger-des-millions\/\" rel=\"nofollow noopener\" target=\"_blank\">Scandale : ces influenceurs de t\u00e9l\u00e9r\u00e9alit\u00e9 fran\u00e7ais ach\u00e8tent des followers pour tromper les internautes et engranger des millions<\/a><\/p>\n<\/blockquote>\n<p>Les enjeux environnementaux du projet<\/p>\n<p>Construire une tour de cette envergure soul\u00e8ve des questions sur l\u2019impact environnemental. La JEC Tower int\u00e8gre des technologies vertes pour r\u00e9duire la consommation d\u2019\u00e9nergie et g\u00e9rer efficacement les ressources. <strong>Des syst\u00e8mes avanc\u00e9s de gestion de l\u2019\u00e9nergie minimisent les \u00e9missions de carbone<\/strong>, tandis que l\u2019eau de pluie sera collect\u00e9e et recycl\u00e9e, r\u00e9duisant ainsi la d\u00e9pendance aux ressources locales.<\/p>\n<p>Le projet met l\u2019accent sur l\u2019int\u00e9gration architecturale dans le tissu urbain existant, cherchant \u00e0 harmoniser modernit\u00e9 et patrimoine culturel. Cette approche d\u2019urbanisme durable pourrait devenir un mod\u00e8le pour les futurs d\u00e9veloppements dans la r\u00e9gion, soulignant l\u2019importance de l\u2019\u00e9quilibre entre progr\u00e8s et respect de l\u2019environnement.<\/p>\n<p>La JEC Tower devrait \u00eatre achev\u00e9e en 2028, malgr\u00e9 des retards possibles. Ce projet monumental s\u2019inscrit dans des initiatives ambitieuses visant \u00e0 transformer l\u2019Arabie Saoudite en un centre d\u2019innovation urbaine. \u00c0 mesure que le projet avance, le respect des \u00e9ch\u00e9ances est crucial pour le succ\u00e8s de la tour et pour maintenir la cr\u00e9dibilit\u00e9 des objectifs \u00e9conomiques et sociaux du pays. Comment ces m\u00e9gastructures influenceront-elles le d\u00e9veloppement urbain et \u00e9conomique futur, tant en Arabie Saoudite qu\u2019\u00e0 l\u2019\u00e9chelle mondiale ?<\/p>\n<p>Cet article s\u2019appuie sur des sources v\u00e9rifi\u00e9es et l\u2019assistance de technologies \u00e9ditoriales.<\/p>\n<p id=\"rating\">\u00c7a vous a plu ?\u00a04.6\/5 (22)<\/p>\n","protected":false},"excerpt":{"rendered":"EN BREF \ud83c\udfd7\ufe0f La JEC Tower atteindra une hauteur in\u00e9gal\u00e9e de plus de 1 000 m\u00e8tres. \ud83c\udf0d Con\u00e7ue&hellip;\n","protected":false},"author":2,"featured_media":420756,"comment_status":"","ping_status":"","sticky":false,"template":"","format":"standard","meta":{"footnotes":""},"categories":[1358],"tags":[1348,1384,1385,1386,58,59,1011,27],"class_list":{"0":"post-420755","1":"post","2":"type-post","3":"status-publish","4":"format-standard","5":"has-post-thumbnail","7":"category-arts-et-design","8":"tag-arts","9":"tag-arts-and-design","10":"tag-arts-et-design","11":"tag-design","12":"tag-divertissement","13":"tag-entertainment","14":"tag-fr","15":"tag-france"},"share_on_mastodon":{"url":"https:\/\/pubeurope.com\/@fr\/115274829239500737","error":""},"_links":{"self":[{"href":"https:\/\/www.europesays.com\/fr\/wp-json\/wp\/v2\/posts\/420755","targetHints":{"allow":["GET"]}}],"collection":[{"href":"https:\/\/www.europesays.com\/fr\/wp-json\/wp\/v2\/posts"}],"about":[{"href":"https:\/\/www.europesays.com\/fr\/wp-json\/wp\/v2\/types\/post"}],"author":[{"embeddable":true,"href":"https:\/\/www.europesays.com\/fr\/wp-json\/wp\/v2\/users\/2"}],"replies":[{"embeddable":true,"href":"https:\/\/www.europesays.com\/fr\/wp-json\/wp\/v2\/comments?post=420755"}],"version-history":[{"count":0,"href":"https:\/\/www.europesays.com\/fr\/wp-json\/wp\/v2\/posts\/420755\/revisions"}],"wp:featuredmedia":[{"embeddable":true,"href":"https:\/\/www.europesays.com\/fr\/wp-json\/wp\/v2\/media\/420756"}],"wp:attachment":[{"href":"https:\/\/www.europesays.com\/fr\/wp-json\/wp\/v2\/media?parent=420755"}],"wp:term":[{"taxonomy":"category","embeddable":true,"href":"https:\/\/www.europesays.com\/fr\/wp-json\/wp\/v2\/categories?post=420755"},{"taxonomy":"post_tag","embeddable":true,"href":"https:\/\/www.europesays.com\/fr\/wp-json\/wp\/v2\/tags?post=420755"}],"curies":[{"name":"wp","href":"https:\/\/api.w.org\/{rel}","templated":true}]}}