{"id":420757,"date":"2025-09-27T06:24:14","date_gmt":"2025-09-27T06:24:14","guid":{"rendered":"https:\/\/www.europesays.com\/fr\/420757\/"},"modified":"2025-09-27T06:24:14","modified_gmt":"2025-09-27T06:24:14","slug":"tressaillir-de-maria-pourchet-lapres-rupture-cinglante-a-defaut-detre-passionnante","status":"publish","type":"post","link":"https:\/\/www.europesays.com\/fr\/420757\/","title":{"rendered":"\u00ab\u00a0Tressaillir\u00a0\u00bb de Maria Pourchet : l&rsquo;apr\u00e8s-rupture, cinglante \u00e0 d\u00e9faut d&rsquo;\u00eatre passionnante"},"content":{"rendered":"<p>Sur un canevas des plus classiques \u2013 une rupture amoureuse et ses cons\u00e9quences, Maria Pourchet d\u00e9ploie son \u00e9criture cisel\u00e9e et s\u00e8che qui la caract\u00e9rise depuis plusieurs ouvrages. Au risque de l\u2019usure litt\u00e9raire cette fois-ci\u2026<br \/>\n<img fetchpriority=\"high\" decoding=\"async\" class=\"size-full wp-image-177918 lazyload\" alt=\"maria-pourchet-2025\" width=\"800\" height=\"526\" src=\"https:\/\/www.europesays.com\/fr\/wp-content\/uploads\/2025\/09\/maria-pourchet-2025.jpg\"  data- data-eio-rwidth=\"800\" data-eio-rheight=\"526\"\/>\u00a9 Marie-Rouge<\/p>\n<p>La d\u00e9finition du mot \u00ab\u00a0tressaillir\u00a0\u00bb, pour le Littr\u00e9, est \u00ab\u00a0\u00e9prouver une subite agitation\u00a0\u00bb. Et en effet, Michelle, quarantenaire en couple et maman d\u2019une petite fille, s\u2019agite subitement, et plaque tout. Rupture cinglante, rapide et sans trop de r\u00e9flexion, comme l\u2019\u00e9criture urgente et syncop\u00e9e de <strong>Maria Pourchet<\/strong>, \u00e9criture qu\u2019on peut d\u00e9sormais qualifier de marque de fabrique.<\/p>\n<p>Depuis son superbe Feu il y a quelques ann\u00e9es, la romanci\u00e8re sait mieux que personne \u00e9voquer la passion, les flammes qui s\u2019emparent de coeurs et de corps qui aiment, jusqu\u2019\u00e0 l\u2019\u00e9puisement ou la violence. Un style particulier, virevoltant et parfois ironique, hach\u00e9 et vif, sem\u00e9 de punchlines ou de phrases qui claquent et dont on se souvient longtemps. Tressaillir fait office de refuge familier tant on retrouve ce que l\u2019on aime chez cette romanci\u00e8re atypique. En m\u00ealant les voix de sa protagoniste, de son ex-compagnon qui fait entendre sa version de la s\u00e9paration, ou celle du psy qui pose le postulat th\u00e9orique, m\u00e9dical du cas de sa patiente, elle diss\u00e8que l\u2019apr\u00e8s d\u2019une relation qui se coupe, de l\u2019amour qui n\u2019est plus, de l\u2019avenir qui semble plus qu\u2019incertain, d\u2019un enfant qui oblige \u00e0 se questionner mais surtout \u00e0 avancer, d\u2019une vie qu\u2019on choisit de modifier brutalement sans vraiment imaginer comment on peut ensuite le fa\u00e7onner \u00e0 nouveau, r\u00e9-exister.<\/p>\n<p>M<img loading=\"lazy\" decoding=\"async\" class=\"alignleft wp-image-177924 size-medium lazyload\" alt=\"&quot;Tressaillir&quot; de Maria Pourchet\" width=\"350\" height=\"557\" src=\"https:\/\/www.europesays.com\/fr\/wp-content\/uploads\/2025\/09\/tressaillir-350x557.webp.webp\" data-eio-rwidth=\"350\" data-eio-rheight=\"557\"\/>ichelle est souvent compar\u00e9e \u00e0 une biche, animal un peu craintif, aux abois, qui avance un peu effray\u00e9e, qui tressaille de peur ou d\u2019excitation. L\u2019\u00e9motion est vive en tout cas, et le d\u00e9but du roman invite \u00e0 se mettre dans la peau de cette femme qui redevient ind\u00e9pendante, qui ne sait pas o\u00f9 elle va mais qui y fonce quand m\u00eame\u2026puis la suite s\u2019av\u00e8re un peu plus calme, mais surtout plus \u00e9parpill\u00e9e, comme on ressent son quotidien sous l\u2019effet de m\u00e9dicaments ou de drogues\u2026 et pour cause, Michelle se fait prescrire des anti-d\u00e9presseurs par son psychiatre. Et le propos semble se fondre dans cette prise de calmants, parsem\u00e9 de fulgurances parfois incongrues\u2026un corps qui souffre, un cerveau qui implose aussi un peu, et la patiente qui essaie de g\u00e9rer tout cela \u00e0 hauteur de femme esseul\u00e9e, qui va trouver refuge dans son art et son m\u00e9tier \u2013 \u00e9crivaine de litt\u00e9rature jeunesse \u2013 et dans ses origines.<\/p>\n<p>Pour cela, il suffit d\u2019un coup de pouce d\u2019une amie qui lui conseille des ateliers d\u2019\u00e9criture scolaire dans les lieux de son enfance \u2013 les Vosges \u2013 et le livre prend une nouvelle et \u00e9ni\u00e8me tournure. Celle d\u2019une radioscopie de ce que l\u2019environnement mod\u00e8le des existences, des flash-backs de pass\u00e9 pour mieux se comprendre aujourd\u2019hui, et des retours sur des affaires locales (un \u00e9tonnant passage sur le faits divers du petit Gr\u00e9gory retrouv\u00e9 noy\u00e9 dans cette r\u00e9gion) pour relativiser sur ce qui nous fait souffrir ou peut nous remuer. Difficile, par contre, pour le lecteur de ne pas se retrouver distanc\u00e9 dans ce ma\u00eblstrom de sensations et d\u2019anecdotes riches en \u00e9motions, mais qui le laissent un peu sur le pas de la porte, fig\u00e9 devant la vitrine litt\u00e9raire tranchante et un rien cynique de <strong>Maria Pourchet<\/strong>.<\/p>\n<p>Possiblement, le style de l\u2019auteur arrive \u00e0 son apog\u00e9e \u2013 et en m\u00eame temps sa limite. Est-ce d\u00fb \u00e0 son personnage f\u00e9minin\u00a0\u00e0 qui il arrive une situation finalement devenue banale \u2013 une s\u00e9paration ? Est-ce d\u00fb \u00e0 l\u2019accumulation de t\u00e9moignages et de moments qui partent dans tous les sens ? En tout cas, Tressaillir ne nous fait pas autant vibrer qu\u2019on l\u2019aurait voulu, ou que la premi\u00e8re partie nous en caressait l\u2019espoir. Une \u00e9criture toujours aussi percutante, mais pour un r\u00e9cit qui nous laisse pour le coup un peu froid. Le Feu d\u2019antan n\u2019est que braises plus vraiment ardentes cette fois-ci.<\/p>\n<p><img loading=\"lazy\" decoding=\"async\" class=\"alignnone lazyload\" alt=\"\" width=\"75\" height=\"14\" src=\"https:\/\/www.europesays.com\/fr\/wp-content\/uploads\/2025\/09\/1758954254_577_3.gif\" data-eio-rwidth=\"200\" data-eio-rheight=\"41\"\/><\/p>\n<p>Jean-fran\u00e7ois Lahorgue<\/p>\n<p>Tressaillir<br \/>Roman de Maria Pourchet<br \/>Editions Stock<br \/>335 pages, 22 \u20ac<br \/>Date de parution : 20 ao\u00fbt 2025<\/p>\n","protected":false},"excerpt":{"rendered":"Sur un canevas des plus classiques \u2013 une rupture amoureuse et ses cons\u00e9quences, Maria Pourchet d\u00e9ploie son \u00e9criture&hellip;\n","protected":false},"author":2,"featured_media":420758,"comment_status":"","ping_status":"","sticky":false,"template":"","format":"standard","meta":{"footnotes":""},"categories":[1357],"tags":[1379,58,59,1011,27,1380],"class_list":{"0":"post-420757","1":"post","2":"type-post","3":"status-publish","4":"format-standard","5":"has-post-thumbnail","7":"category-livres","8":"tag-books","9":"tag-divertissement","10":"tag-entertainment","11":"tag-fr","12":"tag-france","13":"tag-livres"},"share_on_mastodon":{"url":"https:\/\/pubeurope.com\/@fr\/115274833648544026","error":""},"_links":{"self":[{"href":"https:\/\/www.europesays.com\/fr\/wp-json\/wp\/v2\/posts\/420757","targetHints":{"allow":["GET"]}}],"collection":[{"href":"https:\/\/www.europesays.com\/fr\/wp-json\/wp\/v2\/posts"}],"about":[{"href":"https:\/\/www.europesays.com\/fr\/wp-json\/wp\/v2\/types\/post"}],"author":[{"embeddable":true,"href":"https:\/\/www.europesays.com\/fr\/wp-json\/wp\/v2\/users\/2"}],"replies":[{"embeddable":true,"href":"https:\/\/www.europesays.com\/fr\/wp-json\/wp\/v2\/comments?post=420757"}],"version-history":[{"count":0,"href":"https:\/\/www.europesays.com\/fr\/wp-json\/wp\/v2\/posts\/420757\/revisions"}],"wp:featuredmedia":[{"embeddable":true,"href":"https:\/\/www.europesays.com\/fr\/wp-json\/wp\/v2\/media\/420758"}],"wp:attachment":[{"href":"https:\/\/www.europesays.com\/fr\/wp-json\/wp\/v2\/media?parent=420757"}],"wp:term":[{"taxonomy":"category","embeddable":true,"href":"https:\/\/www.europesays.com\/fr\/wp-json\/wp\/v2\/categories?post=420757"},{"taxonomy":"post_tag","embeddable":true,"href":"https:\/\/www.europesays.com\/fr\/wp-json\/wp\/v2\/tags?post=420757"}],"curies":[{"name":"wp","href":"https:\/\/api.w.org\/{rel}","templated":true}]}}