{"id":42076,"date":"2025-04-21T18:04:08","date_gmt":"2025-04-21T18:04:08","guid":{"rendered":"https:\/\/www.europesays.com\/fr\/42076\/"},"modified":"2025-04-21T18:04:08","modified_gmt":"2025-04-21T18:04:08","slug":"toulouse-linscription-en-creche-va-etre-facilite-des-2026-avec-ce-nouvel-outil-numerique","status":"publish","type":"post","link":"https:\/\/www.europesays.com\/fr\/42076\/","title":{"rendered":"Toulouse. L&rsquo;inscription en cr\u00e8che va \u00eatre facilit\u00e9 d\u00e8s 2026 avec ce nouvel outil num\u00e9rique"},"content":{"rendered":"<p>            Par<br \/>\n        <strong><br \/>\n            <a href=\"https:\/\/actu.fr\/auteur\/nina-hossein-zadeh\" title=\"Consulter tous les articles de Nina Hossein-Zadeh\" rel=\"nofollow noopener\" target=\"_blank\">Nina Hossein-Zadeh<\/a><br \/>\n        <\/strong><\/p>\n<p>        Publi\u00e9 le<\/p>\n<p>            21 avr. 2025 \u00e0 19h20        <\/p>\n<p>Vendredi 18 avril 2025, \u00e0 l\u2019occasion d\u2019une conf\u00e9rence de presse sur la petite enfance, le maire de <a href=\"https:\/\/actu.fr\/toulouse\/\" rel=\"nofollow noopener\" target=\"_blank\"><strong>Toulouse<\/strong><\/a>, <strong>Jean-Luc Moudenc,<\/strong> a dress\u00e9 le bilan<a href=\"https:\/\/actu.fr\/occitanie\/toulouse_31555\/toulouse-la-mairie-au-secours-de-plusieurs-creches-en-difficulte_60891731.html\" rel=\"nofollow noopener\" target=\"_blank\"> des projets men\u00e9s \u00e0 bien depuis 2014.<\/a> En compagnie de<strong> Laurence Katzenmayer, \u00e9lue en charge de la petite enfance,<\/strong> ils ont annonc\u00e9 le lancement en 2026 d\u2019un guichet unique pour l\u2019inscription en cr\u00e8che. Voici comment il fonctionnera.<\/p>\n<p>Un unique point d\u2019entr\u00e9e pour les inscriptions<\/p>\n<p class=\" wall-content\">\u00c0 partir de 2026, les parents n\u2019auront plus \u00e0 multiplier les demandes dans les diff\u00e9rents centres de la petite enfance pour tenter d\u2019obtenir une place en cr\u00e8che, qu\u2019elle soit municipale ou associative. Dans un d\u00e9lai d\u2019environs \u00ab\u2009un ou deux mois\u2009\u00bb apr\u00e8s le d\u00e9but de la grossesse, les parents auront la possibilit\u00e9 de <strong>s\u2019inscrire sur une nouvelle plateforme num\u00e9rique.<\/strong><\/p>\n<p class=\" wall-content\">Cet outil en ligne, appel\u00e9 guichet unique, va simplifier les demandes \u00ab\u2009et faire en sorte que lorsqu\u2019une famille souhaite une place en cr\u00e8che, il n\u2019y ait qu\u2019<strong>un unique point d\u2019entr\u00e9e sans multiplier les demandes, tout en r\u00e9duisant les d\u00e9lais<\/strong>\u2009\u00bb, pr\u00e9cise l\u2019\u00e9lue.<\/p>\n<p class=\" wall-content\">\u00ab\u2009S\u2019il n\u2019y a pas de bug, les parents auront un portail unique d\u2019inscription. Ensuite, tous les processus se mettront en place.<strong> Les 137 cr\u00e8ches auront les m\u00eames informations en m\u00eame temps<\/strong> afin de mieux r\u00e9partir et combler les places disponibles\u2009\u00bb, d\u00e9taille Laurence Katzenmayer.<\/p>\n<p>Plus de tranquillit\u00e9 et de transparence<\/p>\n<p class=\" wall-content\">\u00ab\u2009De la tranquillit\u00e9\u2009\u00bb d\u2019esprit pour les parents. Voici ce que ce dispositif pourrait bien offrir aux jeunes parents parfois d\u00e9pass\u00e9s lors de l\u2019arriv\u00e9e d\u2019un nouveau-n\u00e9.<\/p>\n<p class=\" wall-content\">Ce guichet unique va aussi<strong> offrir de la transparence aux \u00e9tablissements<\/strong> de la petite enfance. \u00ab\u00a0Il arrivait que des \u00e9tablissements aient des demandes pas annul\u00e9es alors qu\u2019une place avait \u00e9t\u00e9 accord\u00e9e ailleurs.\u00a0\u00bb<\/p>\n<p class=\" wall-content\">D\u00e8s 2026, avec cet outil num\u00e9rique, les cr\u00e8ches seront tenues inform\u00e9es lorsqu\u2019une demande aura abouti, ce qui va d\u00e9sengorger leur t\u00e2che administrative.<\/p>\n<p>Un budget d\u2019un million d\u2019euros<\/p>\n<p class=\" wall-content\">La mairie travaille sur le d\u00e9veloppement de ce guichet unique depuis novembre\u00a02023. \u00ab\u2009Nous avons d\u00e9bloqu\u00e9<strong> un million d\u2019euros pour avoir une meilleure aisance sur les inscriptions<\/strong>\u2009\u00bb, informe Laurence Katzenmayer.<\/p>\n<p class=\" wall-content\">Ce dispositif s\u2019inscrit dans la loi du 18\u00a0d\u00e9cembre 2023 pour le plein-emploi. Elle introduit, \u00e0 l\u2019article\u00a017, <strong>la notion d\u2019autorit\u00e9 organisatrice (AO) de l\u2019accueil du jeune enfant.<\/strong><\/p>\n<p class=\" wall-content\">\u00ab\u2009Les communes sont les autorit\u00e9s organisatrices de l\u2019accueil du jeune enfant. \u00c0 ce titre, elles sont comp\u00e9tentes pour\u2009:<strong> recenser les besoins<\/strong> des enfants \u00e2g\u00e9s de moins de trois ans et de leurs familles [\u2026],<strong> informer et accompagner les familles [<\/strong>\u2026], \u00a0<strong>planifier<\/strong>, au vu du recensement des besoins, <strong>le d\u00e9veloppement des modes d\u2019accueil<\/strong> [\u2026] et <strong>soutenir la qualit\u00e9 des modes d\u2019accueil.<\/strong>\u2009\u00bb<\/p>\n<p>2100 place en deux mandats<\/p>\n<p class=\" wall-content\">Jean-Luc Moudenc a \u00e9galement profit\u00e9 de cette conf\u00e9rence de presse pour rappeler qu\u2019au cours de ses deux mandats,<strong> 2 100 places avaient \u00e9t\u00e9 ouvertes en cr\u00e8ches publiques et associatives.<\/strong><\/p>\n<p class=\" wall-content\">Entre\u00a02014 et\u00a02020, 29 nouvelles structures ont \u00e9t\u00e9 \u00e9rig\u00e9es, 11 ont \u00e9t\u00e9 r\u00e9habilit\u00e9es, d\u00e9m\u00e9nag\u00e9es ou d\u00e9velopp\u00e9es, tandis que sur le mandat en cours, 40 nouvelles infrastructures ont vu le jour et 6 ont \u00e9t\u00e9 d\u00e9velopp\u00e9es.<\/p>\n<p class=\" wall-content\">Budget total pour ces am\u00e9nagements\u2009:<strong> 50 millions d\u2019euros pour les 86 structures<\/strong>.<\/p>\n<p class=\" wall-content\">Suivez toute l\u2019actualit\u00e9 de vos villes et m\u00e9dias favoris en vous inscrivant \u00e0 <a href=\"https:\/\/moncompte.actu.fr\" title=\"D\u00e9couvez Mon Actu\" rel=\"nofollow noopener\" data-trk=\"{&quot;cta&quot;:{&quot;action&quot;:&quot;https:\\\/\\\/moncompte.actu.fr&quot;,&quot;category&quot;:&quot;mon compte&quot;,&quot;from&quot;:&quot;article footer&quot;,&quot;name&quot;:&quot;Mon actu&quot;,&quot;type&quot;:&quot;cta&quot;}}\" target=\"_blank\">Mon Actu<\/a>.<\/p>\n","protected":false},"excerpt":{"rendered":"Par Nina Hossein-Zadeh Publi\u00e9 le 21 avr. 2025 \u00e0 19h20 Vendredi 18 avril 2025, \u00e0 l\u2019occasion d\u2019une conf\u00e9rence&hellip;\n","protected":false},"author":2,"featured_media":42077,"comment_status":"","ping_status":"","sticky":false,"template":"","format":"standard","meta":{"footnotes":""},"categories":[2816],"tags":[1111,11,1719,1777,674,1011,27,12,2680,25,104,2312],"class_list":{"0":"post-42076","1":"post","2":"type-post","3":"status-publish","4":"format-standard","5":"has-post-thumbnail","7":"category-toulouse","8":"tag-actu","9":"tag-actualites","10":"tag-enfants","11":"tag-eu","12":"tag-europe","13":"tag-fr","14":"tag-france","15":"tag-news","16":"tag-occitanie","17":"tag-republique-francaise","18":"tag-societe","19":"tag-toulouse"},"share_on_mastodon":{"url":"https:\/\/pubeurope.com\/@fr\/114377278434246670","error":""},"_links":{"self":[{"href":"https:\/\/www.europesays.com\/fr\/wp-json\/wp\/v2\/posts\/42076","targetHints":{"allow":["GET"]}}],"collection":[{"href":"https:\/\/www.europesays.com\/fr\/wp-json\/wp\/v2\/posts"}],"about":[{"href":"https:\/\/www.europesays.com\/fr\/wp-json\/wp\/v2\/types\/post"}],"author":[{"embeddable":true,"href":"https:\/\/www.europesays.com\/fr\/wp-json\/wp\/v2\/users\/2"}],"replies":[{"embeddable":true,"href":"https:\/\/www.europesays.com\/fr\/wp-json\/wp\/v2\/comments?post=42076"}],"version-history":[{"count":0,"href":"https:\/\/www.europesays.com\/fr\/wp-json\/wp\/v2\/posts\/42076\/revisions"}],"wp:featuredmedia":[{"embeddable":true,"href":"https:\/\/www.europesays.com\/fr\/wp-json\/wp\/v2\/media\/42077"}],"wp:attachment":[{"href":"https:\/\/www.europesays.com\/fr\/wp-json\/wp\/v2\/media?parent=42076"}],"wp:term":[{"taxonomy":"category","embeddable":true,"href":"https:\/\/www.europesays.com\/fr\/wp-json\/wp\/v2\/categories?post=42076"},{"taxonomy":"post_tag","embeddable":true,"href":"https:\/\/www.europesays.com\/fr\/wp-json\/wp\/v2\/tags?post=42076"}],"curies":[{"name":"wp","href":"https:\/\/api.w.org\/{rel}","templated":true}]}}