{"id":420761,"date":"2025-09-27T06:26:11","date_gmt":"2025-09-27T06:26:11","guid":{"rendered":"https:\/\/www.europesays.com\/fr\/420761\/"},"modified":"2025-09-27T06:26:11","modified_gmt":"2025-09-27T06:26:11","slug":"les-annees-1980-cetait-la-liberte-de-ne-pouvoir-etre-joignable-tracable-a-aucun-moment","status":"publish","type":"post","link":"https:\/\/www.europesays.com\/fr\/420761\/","title":{"rendered":"\u00abLes ann\u00e9es 1980, c\u2019\u00e9tait la libert\u00e9 de ne pouvoir \u00eatre joignable, tra\u00e7able\u2026 \u00e0 aucun moment\u00bb"},"content":{"rendered":"<p>    \u00c9tienne Daho, pour une photo, issue d\u2019une s\u00e9ance avec Pierre et Gilles pour son deuxi\u00e8me album, La Notte, la Notte.<br \/>\n                Pierre et Gilles<\/p>\n<p><strong>Moi en 1980 1\/7.- <\/strong>Pour les 45 ans de Madame Figaro, sept c\u00e9l\u00e9brit\u00e9s plongent dans leurs albums photos et leurs souvenirs. Et nous racontent&#8230; Aujourd\u2019hui, le chanteur de La Notte, la Notte.<\/p>\n<p class=\"fig-paragraph\">\u00abJ\u2019avais 24 ans en 1980, je faisais ce que j\u2019aimais vraiment, la musique, apr\u00e8s m\u2019\u00eatre tra\u00een\u00e9 lamentablement sur les bancs de la fac pour une licence d\u2019anglais. Je sors mon premier album, Mythomane, en 1981, chez Virgin, un flop, peu importe, j\u2019\u00e9tais embarqu\u00e9 dans ma vraie vocation\u2026\u00a0<a href=\"http:\/\/madame.lefigaro.fr\/celebrites\/soirees\/etienne-daho-barbara-butch-blanca-li-en-images-les-invites-du-diner-de-gala-de-la-fondation-chaillot-20241118\" target=\"_blank\" data-fig-type=\"Article\" rel=\"noopener\" data-gtm-custom-categorie=\"navigation\" data-gtm-custom-action=\"crossclick\" data-gtm-custom-label=\"Contextuel\" data-gtm-event=\"customEventSPE\" data-fig-domain=\"MADAME\">Je suis venu habiter \u00e0 Paris<\/a>, et tout a commenc\u00e9 \u00e0 s\u2019ouvrir, \u00e0 se d\u00e9ployer. Sur cette photo, issue d\u2019une s\u00e9ance avec Pierre et Gilles pour mon deuxi\u00e8me album, La Notte, la Notte, je me vois comme un petit fr\u00e8re, doux et en m\u00eame temps tr\u00e8s d\u00e9termin\u00e9. Les ann\u00e9es 1980 m\u2019\u00e9voquent la joie, les f\u00eates \u2013 on en faisait beaucoup \u2013 et le d\u00e9but d\u2019une grande aventure. Je repense notamment \u00e0 mon premier Olympia, le 18 avril 1985, c\u2019\u00e9tait fou, je pensais qu\u2019il n\u2019y aurait que quatre personnes (ma famille), et je revois la salle comble et la chaleur des jeunes de ma g\u00e9n\u00e9ration qui reprenaient mes chansons. Mes h\u00e9ros \u00e0 moi s\u2019appelaient Lou Reed, John Cale, Nico, du Velvet Undeground, j\u2019adorais aussi les Stinky Toys, le groupe d\u2019Elli Medeiros et Jacno, et Fran\u00e7oise Hardy. Cette d\u00e9cennie est charni\u00e8re dans l\u2019industrie musicale, avec les pr\u00e9mices du monde num\u00e9rique dans lequel on vit aujourd\u2019hui. On d\u00e9couvrait plein de nouveaux outils dans les studios, on pouvait commencer \u00e0 sampler, \u00e0 s\u00e9quencer\u2026 Nous \u00e9tions comme des gamins devant un train \u00e9lectrique. Malgr\u00e9 des \u00e9v\u00e9nements tragiques comme l\u2019arriv\u00e9e du sida, cette \u00e9poque reste pour moi synonyme de l\u00e9g\u00e8ret\u00e9. Et de libert\u00e9. Notamment celle, formidable, de ne pouvoir \u00eatre joignable, tra\u00e7able\u2026 \u00e0 aucun moment.\u00bb<\/p>\n<p class=\"fig-paragraph\">Le Retour des beaux jours, l\u2019album qu\u2019il a compos\u00e9 avec Jean-Louis Pi\u00e9rot pour Vanessa Paradis, sort le 10 octobre.<\/p>\n<p>    \u00c9tienne Daho.<br \/>\n                Pierre et Gilles<\/p>\n","protected":false},"excerpt":{"rendered":"\u00c9tienne Daho, pour une photo, issue d\u2019une s\u00e9ance avec Pierre et Gilles pour son deuxi\u00e8me album, La Notte,&hellip;\n","protected":false},"author":2,"featured_media":420762,"comment_status":"","ping_status":"","sticky":false,"template":"","format":"standard","meta":{"footnotes":""},"categories":[1355],"tags":[55011,58,59,26021,1011,27,1361,873,54807],"class_list":{"0":"post-420761","1":"post","2":"type-post","3":"status-publish","4":"format-standard","5":"has-post-thumbnail","7":"category-musique","8":"tag-culture-vintage","9":"tag-divertissement","10":"tag-entertainment","11":"tag-etienne-daho","12":"tag-fr","13":"tag-france","14":"tag-music","15":"tag-musique","16":"tag-numero-anniversaire"},"share_on_mastodon":{"url":"https:\/\/pubeurope.com\/@fr\/115274841112925585","error":""},"_links":{"self":[{"href":"https:\/\/www.europesays.com\/fr\/wp-json\/wp\/v2\/posts\/420761","targetHints":{"allow":["GET"]}}],"collection":[{"href":"https:\/\/www.europesays.com\/fr\/wp-json\/wp\/v2\/posts"}],"about":[{"href":"https:\/\/www.europesays.com\/fr\/wp-json\/wp\/v2\/types\/post"}],"author":[{"embeddable":true,"href":"https:\/\/www.europesays.com\/fr\/wp-json\/wp\/v2\/users\/2"}],"replies":[{"embeddable":true,"href":"https:\/\/www.europesays.com\/fr\/wp-json\/wp\/v2\/comments?post=420761"}],"version-history":[{"count":0,"href":"https:\/\/www.europesays.com\/fr\/wp-json\/wp\/v2\/posts\/420761\/revisions"}],"wp:featuredmedia":[{"embeddable":true,"href":"https:\/\/www.europesays.com\/fr\/wp-json\/wp\/v2\/media\/420762"}],"wp:attachment":[{"href":"https:\/\/www.europesays.com\/fr\/wp-json\/wp\/v2\/media?parent=420761"}],"wp:term":[{"taxonomy":"category","embeddable":true,"href":"https:\/\/www.europesays.com\/fr\/wp-json\/wp\/v2\/categories?post=420761"},{"taxonomy":"post_tag","embeddable":true,"href":"https:\/\/www.europesays.com\/fr\/wp-json\/wp\/v2\/tags?post=420761"}],"curies":[{"name":"wp","href":"https:\/\/api.w.org\/{rel}","templated":true}]}}