{"id":420772,"date":"2025-09-27T06:33:13","date_gmt":"2025-09-27T06:33:13","guid":{"rendered":"https:\/\/www.europesays.com\/fr\/420772\/"},"modified":"2025-09-27T06:33:13","modified_gmt":"2025-09-27T06:33:13","slug":"une-entreprise-verse-par-erreur-165-millions-a-un-employe-il-demissionne-et-la-justice-estime-quil-peut-tout-garder","status":"publish","type":"post","link":"https:\/\/www.europesays.com\/fr\/420772\/","title":{"rendered":"Une entreprise verse par erreur 165\u00a0millions \u00e0 un employ\u00e9, il d\u00e9missionne et la justice estime qu&rsquo;il peut tout garder"},"content":{"rendered":"<p class=\"app_entry_lead\">\n<p>                    <a title=\"\u00a0\u00a9\u00a0Alberto Valdes\/EFE\/SIPA (publi\u00e9e le 25\/09\/2025)\" href=\"https:\/\/www.europesays.com\/fr\/wp-content\/uploads\/2025\/09\/80674439.jpg\" class=\"fancy\"><\/p>\n<p>                            <img loading=\"lazy\" decoding=\"async\" src=\"https:\/\/www.europesays.com\/fr\/wp-content\/uploads\/2025\/09\/80674439.jpg\" alt=\"Une entreprise verse par erreur 165\u00a0millions \u00e0 un employ\u00e9, il d\u00e9missionne et la justice estime qu'il peut tout garder\" width=\"1500\" height=\"1000\"\/><\/p>\n<p>                    <\/a><\/p>\n<p>                Un salari\u00e9 a re\u00e7u une somme d&rsquo;argent faramineuse par erreur. Attaqu\u00e9 en justice par son employeur, il a \u00e9t\u00e9 acquitt\u00e9 par le tribunal et a empoch\u00e9 le pactole.<\/p>\n<p>Une affaire rocambolesque et qui a co\u00fbt\u00e9 tr\u00e8s cher.\u00a0Le Consortium industriel d&rsquo;alimentation (Cial) &#8211; qui contr\u00f4le plusieurs marques en Am\u00e9rique latine &#8211;\u00a0a r\u00e9cemment d\u00e9pos\u00e9 un recours en annulation devant la Cour d&rsquo;appel de Santiago (Chili) afin de condamner un ancien employ\u00e9 qui avait per\u00e7u par erreur un salaire 330\u00a0fois sup\u00e9rieur au montant convenu dans son contrat. La somme peut para\u00eetre totalement folle, mais il ne s&rsquo;agit pas d&rsquo;une plaisanterie.<\/p>\n<p>Une entreprise locale a vers\u00e9 par erreur 165\u00a0millions de dollars \u00e0 un employ\u00e9, lequel a ensuite d\u00e9missionn\u00e9. L&rsquo;entreprise conteste le jugement qui l&rsquo;a innocent\u00e9 du vol par d\u00e9couverte et demande une condamnation pour d\u00e9tournement de fonds. Et d&rsquo;apr\u00e8s\u00a0le journal \u00e9conomique chilien\u00a0<a href=\"https:\/\/www.df.cl\" target=\"_blank\" rel=\"noopener\">Diario Financiero<\/a>, le 8\u00a0septembre 2025, le tribunal de premi\u00e8re instance de Santiago a bien acquitt\u00e9 l&rsquo;ancien employ\u00e9 du chef de vol par d\u00e9couverte.<\/p>\n<p><img decoding=\"async\" alt=\"\" src=\"https:\/\/www.europesays.com\/fr\/wp-content\/uploads\/2025\/09\/80674774.jpg\"\/><\/p>\n<p>L&rsquo;avocat de la soci\u00e9t\u00e9 en question est furieux et assure que \u00ab\u00a0le tribunal a commis une grave erreur en consid\u00e9rant que les faits de la demande, jug\u00e9s av\u00e9r\u00e9s, ne constituaient pas un d\u00e9lit\u00a0\u00bb. M. Battaglia ajoute\u00a0que \u00ab\u00a0le salari\u00e9\u00a0(&#8230;) a non seulement re\u00e7u une somme d&rsquo;argent par erreur, mais, par un acte ult\u00e9rieur et malveillant, a tir\u00e9 profit de cette situation\u00a0\u00bb, peut-on lire dans <a href=\"https:\/\/www.theclinic.cl\/2025\/09\/22\/empresa-que-deposito-por-error-165-millones-a-trabajador-que-luego-renuncio-presenta-recursos-de-nulidad-luego-que-fuera-absuelto-por-la-justicia\/amp\/\" target=\"_blank\" rel=\"noopener\">The Clinic<\/a>. Dans les colonnes du m\u00e9dia, ce dernier ne d\u00e9col\u00e8re pas et pr\u00e9cise m\u00eame que la d\u00e9cision de justice est tout simplement \u00ab\u00a0incorrecte\u00a0\u00bb.<\/p>\n<p>Le journal chilien parle en r\u00e9alit\u00e9 d&rsquo;un \u00ab\u00a0complot\u00a0\u00bb derri\u00e8re cette \u00ab\u00a0erreur de plusieurs millions de dollars\u00a0\u00bb. En mai 2022, un assistant de bureau de \u00ab\u00a0Cial\u00a0\u00bb, dont le salaire s&rsquo;\u00e9levait \u00e0 environ 500\u00a0000\u00a0dollars, a signal\u00e9 une erreur dans le paiement de son salaire mensuel, apr\u00e8s avoir b\u00e9n\u00e9fici\u00e9 d&rsquo;un trop-per\u00e7u de plus de 165\u00a0millions de dollars sur son compte courant. L&rsquo;entreprise a d\u00e9clar\u00e9 en avoir \u00e9t\u00e9 inform\u00e9e, et que cette somme n&rsquo;\u00e9tait en rien justifi\u00e9e.<\/p>\n<p>Apr\u00e8s avoir\u00a0accept\u00e9 de se rendre \u00e0 sa banque et d&rsquo;\u00e9mettre un mandat au nom de l&rsquo;entreprise, l&rsquo;homme est finalement r\u00e9apparu pr\u00e8s d&rsquo;un mois plus tard, pr\u00e9sentant par voie d&rsquo;avocat une lettre de d\u00e9mission volontaire. Bien que l&rsquo;entreprise ait obtenu la lev\u00e9e du secret bancaire de l&rsquo;ancien employ\u00e9, le tribunal de Garantie a statu\u00e9 en sa faveur et l&rsquo;a acquitt\u00e9 du d\u00e9lit pour lequel le parquet l&rsquo;avait inculp\u00e9.<\/p>\n","protected":false},"excerpt":{"rendered":"Un salari\u00e9 a re\u00e7u une somme d&rsquo;argent faramineuse par erreur. Attaqu\u00e9 en justice par son employeur, il a&hellip;\n","protected":false},"author":2,"featured_media":420773,"comment_status":"","ping_status":"","sticky":false,"template":"","format":"standard","meta":{"footnotes":""},"categories":[6],"tags":[47,35,55012,51761,33,34,51763,1011,27,51979,51767],"class_list":{"0":"post-420772","1":"post","2":"type-post","3":"status-publish","4":"format-standard","5":"has-post-thumbnail","7":"category-economie","8":"tag-actualite","9":"tag-business","10":"tag-cms-linternaute-8882377","11":"tag-controller-content","12":"tag-economie","13":"tag-economy","14":"tag-format-papier","15":"tag-fr","16":"tag-france","17":"tag-les-histoires-de-linternaute","18":"tag-parallaxeinfeed"},"share_on_mastodon":{"url":"https:\/\/pubeurope.com\/@fr\/115274869143278676","error":""},"_links":{"self":[{"href":"https:\/\/www.europesays.com\/fr\/wp-json\/wp\/v2\/posts\/420772","targetHints":{"allow":["GET"]}}],"collection":[{"href":"https:\/\/www.europesays.com\/fr\/wp-json\/wp\/v2\/posts"}],"about":[{"href":"https:\/\/www.europesays.com\/fr\/wp-json\/wp\/v2\/types\/post"}],"author":[{"embeddable":true,"href":"https:\/\/www.europesays.com\/fr\/wp-json\/wp\/v2\/users\/2"}],"replies":[{"embeddable":true,"href":"https:\/\/www.europesays.com\/fr\/wp-json\/wp\/v2\/comments?post=420772"}],"version-history":[{"count":0,"href":"https:\/\/www.europesays.com\/fr\/wp-json\/wp\/v2\/posts\/420772\/revisions"}],"wp:featuredmedia":[{"embeddable":true,"href":"https:\/\/www.europesays.com\/fr\/wp-json\/wp\/v2\/media\/420773"}],"wp:attachment":[{"href":"https:\/\/www.europesays.com\/fr\/wp-json\/wp\/v2\/media?parent=420772"}],"wp:term":[{"taxonomy":"category","embeddable":true,"href":"https:\/\/www.europesays.com\/fr\/wp-json\/wp\/v2\/categories?post=420772"},{"taxonomy":"post_tag","embeddable":true,"href":"https:\/\/www.europesays.com\/fr\/wp-json\/wp\/v2\/tags?post=420772"}],"curies":[{"name":"wp","href":"https:\/\/api.w.org\/{rel}","templated":true}]}}