{"id":420780,"date":"2025-09-27T06:40:11","date_gmt":"2025-09-27T06:40:11","guid":{"rendered":"https:\/\/www.europesays.com\/fr\/420780\/"},"modified":"2025-09-27T06:40:11","modified_gmt":"2025-09-27T06:40:11","slug":"etienne-guingamp-sur-quelle-chaine-et-a-quelle-heure-voir-le-match-de-ligue-2","status":"publish","type":"post","link":"https:\/\/www.europesays.com\/fr\/420780\/","title":{"rendered":"\u00c9tienne &#8211; Guingamp\u00a0: Sur quelle cha\u00eene et \u00e0 quelle heure voir le match de Ligue 2\u00a0?"},"content":{"rendered":"<p>Leader de la Ligue 2 apr\u00e8s 7 journ\u00e9es, Saint-\u00c9tienne re\u00e7oit Guingamp, 8e, pour un choc entre anciens pensionnaires de l\u2019\u00e9lite.<\/p>\n<p>\u00c0 quelle heure et sur quelle cha\u00eene voir Saint-\u00c9tienne &#8211; Guingamp<\/p>\n<p>Ce match de Ligue 2 sera diffus\u00e9 sur beIN Sports 1, le samedi 27\u00a0septembre 2025, \u00e0 <a href=\"https:\/\/www.20minutes.fr\/dossier\/20_heures\" class=\"c-link c-link--is-underlined\" rel=\"nofollow noopener\" target=\"_blank\">20 heures<\/a>, en direct pour les abonn\u00e9s.<\/p>\n<p>Les Verts, d\u00e9j\u00e0 lanc\u00e9s vers la Ligue 1\u00a0?<\/p>\n<p>Face \u00e0 un club historique de <a href=\"https:\/\/www.20minutes.fr\/sport\/ligue-1\/\" class=\"c-link c-link--is-underlined\" rel=\"nofollow noopener\" target=\"_blank\">Ligue 1<\/a>, l\u2019ASSE pourra compter sur ses supporteurs et le Chaudron de Geoffroy-Guichard pour encha\u00eener un nouveau succ\u00e8s en championnat de Ligue 2 2025-2026. Toujours invaincus (5 victoires et 2 nuls), les Verts sont bien partis pour l\u2019op\u00e9ration mont\u00e9e. Ils viennent de battre Clermont (1-2), <a href=\"https:\/\/www.20minutes.fr\/dossier\/reims\" class=\"c-link c-link--is-underlined\" rel=\"nofollow noopener\" target=\"_blank\">Reims<\/a> (3-2) et <a href=\"https:\/\/www.20minutes.fr\/societe\/amiens\/\" class=\"c-link c-link--is-underlined\" rel=\"nofollow noopener\" target=\"_blank\">Amiens<\/a> (0-1), mais la route est encore longue pour les hommes d\u2019Olivier Dall\u2019Oglio.<\/p>\n<p class=\"mb-xxl@xs color-ultramarine font-weight-semi-bold@xs font-source-serif-pro heading-s@xs\">L\u2019acc\u00e8s \u00e0 ce contenu a \u00e9t\u00e9 bloqu\u00e9 afin de respecter votre choix de consentement<\/p>\n<p class=\"mb-m@xs text-l@xs\">En cliquant sur\u00ab J\u2019accepte \u00bb, vous acceptez le d\u00e9p\u00f4t de cookies par des services externes et aurez ainsi acc\u00e8s aux contenus de nos partenaires.<\/p>\n<p class=\"mb-xl@xs text-s@xs\">Plus d\u2019informations sur la page<a href=\"https:\/\/www.20minutes.fr\/gestion-cookies\" class=\"mx-xxs@xs color-ultramarine\" rel=\"nofollow noopener\" target=\"_blank\">Politique de gestion des cookies<\/a><\/p>\n<p>J\u2019accepteGuingamp doit faire un pas en avant<\/p>\n<p>R\u00e9put\u00e9 pour sa rigueur tactique et son exp\u00e9rience de cette division, le club breton s\u2019appuie sur des individualit\u00e9s qui peuvent faire la diff\u00e9rence, \u00e0 l\u2019instar d\u2019Irvin Cardona, Mathieu Cafaro et Benjamin Bouchouari, Mama Bald\u00e9, Kalidou Sidib\u00e9 et Brighton Labeau\u2026<\/p>\n<p>Ce choc est l\u2019occasion de voir le r\u00e9el niveau de Guingamp cette saison apr\u00e8s 3 victoires, 3 d\u00e9faites et un match nul. Un succ\u00e8s permettrait de prendre confiance en ce d\u00e9but de championnat, apr\u00e8s celui obtenu contre <a href=\"https:\/\/www.20minutes.fr\/dossier\/dunkerque\" class=\"c-link c-link--is-underlined\" rel=\"nofollow noopener\" target=\"_blank\">Dunkerque<\/a> le week-end dernier (2-1).<\/p>\n","protected":false},"excerpt":{"rendered":"Leader de la Ligue 2 apr\u00e8s 7 journ\u00e9es, Saint-\u00c9tienne re\u00e7oit Guingamp, 8e, pour un choc entre anciens pensionnaires&hellip;\n","protected":false},"author":2,"featured_media":420781,"comment_status":"","ping_status":"","sticky":false,"template":"","format":"standard","meta":{"footnotes":""},"categories":[9653],"tags":[1111,11,2430,1777,674,63,1011,27,446,3367,12,25,2431,4001,517],"class_list":{"0":"post-420780","1":"post","2":"type-post","3":"status-publish","4":"format-standard","5":"has-post-thumbnail","7":"category-saint-etienne","8":"tag-actu","9":"tag-actualites","10":"tag-auvergne-rhone-alpes","11":"tag-eu","12":"tag-europe","13":"tag-football","14":"tag-fr","15":"tag-france","16":"tag-ligue-2","17":"tag-loire","18":"tag-news","19":"tag-republique-francaise","20":"tag-rhone-alpes","21":"tag-saint-etienne","22":"tag-sport"},"share_on_mastodon":{"url":"https:\/\/pubeurope.com\/@fr\/115274896038482277","error":""},"_links":{"self":[{"href":"https:\/\/www.europesays.com\/fr\/wp-json\/wp\/v2\/posts\/420780","targetHints":{"allow":["GET"]}}],"collection":[{"href":"https:\/\/www.europesays.com\/fr\/wp-json\/wp\/v2\/posts"}],"about":[{"href":"https:\/\/www.europesays.com\/fr\/wp-json\/wp\/v2\/types\/post"}],"author":[{"embeddable":true,"href":"https:\/\/www.europesays.com\/fr\/wp-json\/wp\/v2\/users\/2"}],"replies":[{"embeddable":true,"href":"https:\/\/www.europesays.com\/fr\/wp-json\/wp\/v2\/comments?post=420780"}],"version-history":[{"count":0,"href":"https:\/\/www.europesays.com\/fr\/wp-json\/wp\/v2\/posts\/420780\/revisions"}],"wp:featuredmedia":[{"embeddable":true,"href":"https:\/\/www.europesays.com\/fr\/wp-json\/wp\/v2\/media\/420781"}],"wp:attachment":[{"href":"https:\/\/www.europesays.com\/fr\/wp-json\/wp\/v2\/media?parent=420780"}],"wp:term":[{"taxonomy":"category","embeddable":true,"href":"https:\/\/www.europesays.com\/fr\/wp-json\/wp\/v2\/categories?post=420780"},{"taxonomy":"post_tag","embeddable":true,"href":"https:\/\/www.europesays.com\/fr\/wp-json\/wp\/v2\/tags?post=420780"}],"curies":[{"name":"wp","href":"https:\/\/api.w.org\/{rel}","templated":true}]}}