{"id":420790,"date":"2025-09-27T06:46:11","date_gmt":"2025-09-27T06:46:11","guid":{"rendered":"https:\/\/www.europesays.com\/fr\/420790\/"},"modified":"2025-09-27T06:46:11","modified_gmt":"2025-09-27T06:46:11","slug":"quelles-surprises-vous-attendent-pour-ledition-anniversaire-de-coeur-de-ville-en-lumieres","status":"publish","type":"post","link":"https:\/\/www.europesays.com\/fr\/420790\/","title":{"rendered":"quelles surprises vous attendent pour l\u2019\u00e9dition anniversaire de C\u0153ur de ville en lumi\u00e8res\u00a0?"},"content":{"rendered":"<p>            Par<br \/>\n        <strong><br \/>\n            <a href=\"https:\/\/actu.fr\/auteur\/metropoop\" title=\"Consulter tous les articles de R\u00e9daction M\u00e9tropolitain\" rel=\"nofollow noopener\" target=\"_blank\">R\u00e9daction M\u00e9tropolitain<\/a><br \/>\n        <\/strong><\/p>\n<p>        Publi\u00e9 le<\/p>\n<p>            27 sept. 2025 \u00e0 8h33        <\/p>\n<p>Lanc\u00e9 en 2015 par <strong>la Chambre de commerce et d\u2019industrie <\/strong>(CCI) H\u00e9rault, <strong>Coeur de Ville en Lumi\u00e8res<\/strong> devait donner un coup de projecteur \u00e0 la ville. \u00c0 l\u2019\u00e9poque, certains ironisaient. \u00ab\u00a0<strong>Montpellier<\/strong> se prend pour Lyon\u00a0\u00bb, rappelait<strong> ce jeudi 25 septembre 2025<\/strong> le pr\u00e9sident de la chambre, Andr\u00e9 Deljarry, lors de sa rentr\u00e9e \u00e9conomique \u00e0 Mauguio. Pourtant, la premi\u00e8re \u00e9dition avait d\u00e9j\u00e0 s\u00e9duit 200 000 visiteurs. Dix ans plus tard, la fr\u00e9quentation a doubl\u00e9 avec 430 000 spectateurs recens\u00e9s en 2024.<\/p>\n<p class=\" wall-content\">\n<p>Un patrimoine transform\u00e9 en toile vivante<\/p>\n<p class=\" wall-content\"><strong>Du 13 au 15 novembre<\/strong>, le centre historique se m\u00e9tamorphosera encore en sc\u00e8ne ouverte. Chaque soir, de 18h30 \u00e0 22h30, les fa\u00e7ades de l\u2019Op\u00e9ra Com\u00e9die, de la cath\u00e9drale Saint-Pierre, de l\u2019Arc de Triomphe ou de l\u2019H\u00f4tel Saint-C\u00f4me accueilleront des projections spectaculaires. Le mus\u00e9e Fabre, d\u00e9j\u00e0 incontournable, reviendra au programme. Les Arceaux et l\u2019H\u00f4tel d\u2019Aur\u00e8s seront \u00e0 nouveau mis en lumi\u00e8re. En 2024, le Jardin des plantes avait \u00e9merveill\u00e9 les spectateurs. Cette ann\u00e9e, <a href=\"https:\/\/actu.fr\/occitanie\/montpellier_34172\/montpellier-en-avant-la-musique-au-kiosque-bosc-renove_62799630.html\" rel=\"nofollow noopener\" target=\"_blank\">le kiosque Bosc entrera dans la danse, symbole de l\u2019\u00e9largissement du parcours<\/a>.<\/p>\n<p>    <a href=\"https:\/\/www.google.com\/maps\/embed?pb=!1m18!1m12!1m3!1d5777.555880689958!2d3.8697366471501202!3d43.61116498441636!2m3!1f0!2f0!3f0!3m2!1i1024!2i768!4f13.1!3m3!1m2!1s0x12b6af00d6c32089%3A0x23316544211f00e3!2zTOKAmcOJY3Vzc29uLCBNb250cGVsbGllcg!5e0!3m2!1sfr!2sfr!4v1758821668648!5m2!1sfr!2sfr\" title=\"Ouvrie le lien\" rel=\"nofollow noopener\" target=\"_blank\">Cliquez ici pour visualiser le contenu<\/a><\/p>\n<p class=\" wall-content\">L\u2019\u00e9dition anniversaire r\u00e9unira six artistes professionnels et 200 \u00e9tudiants issus des \u00e9coles cr\u00e9atives locales. Ensemble, ils proposeront une vingtaine de mappings et de performances. Une battle de jeux vid\u00e9o projet\u00e9e \u00e0 l\u2019Agora figurera parmi les attractions phares.<\/p>\n<p>Des visiteurs venus de loin<\/p>\n<p class=\" wall-content\">Il faut dire que l\u2019\u00e9v\u00e9nement d\u00e9passe largement les fronti\u00e8res de la m\u00e9tropole. Un tiers des spectateurs d\u00e9couvrent Montpellier pour la premi\u00e8re fois. Certains viennent en bus depuis B\u00e9ziers, N\u00eemes ou m\u00eame l\u2019Aveyron. Le centre-ville b\u00e9n\u00e9ficie directement de cet afflux. L\u2019\u00c9cusson compte 2 000 commerces, qui accueillent des foules accrues pendant ces trois soir\u00e9es. Entre 2022 et 2023, la fr\u00e9quentation a progress\u00e9 de 10 %. Plus de la moiti\u00e9 des visiteurs d\u00eenent sur place ou emportent un repas, <strong>41 %<\/strong> consomment des boissons, et <strong>55 %<\/strong> viennent en famille. Bars, restaurants et h\u00f4tels voient ainsi leur chiffre d\u2019affaires s\u2019envoler.<\/p>\n<p>Vid\u00e9os : en ce moment sur Actu<br \/>\n    <img   decoding=\"async\" loading=\"lazy\" src=\"https:\/\/www.europesays.com\/fr\/wp-content\/uploads\/2025\/09\/coeur-de-ville-2-960x640.jpg\" alt=\"Des projections artistiques qui font dialoguer patrimoine et cr\u00e9ation contemporaine.\" width=\"960\" height=\"640\"\/><br \/>\n    Des projections artistiques qui font dialoguer patrimoine et cr\u00e9ation contemporaine. (\u00a9M\u00e9tropolitain \/ CN)<\/p>\n<p class=\" wall-content\">Au fil des ans, C\u0153ur de ville en lumi\u00e8res s\u2019est impos\u00e9 comme un levier \u00e9conomique et culturel majeur. Gratuit et populaire, il attire autant les habitants que les touristes. La CCI H\u00e9rault veut d\u00e9sormais consolider ce rendez-vous dans l\u2019agenda des grandes manifestations nationales. Malgr\u00e9 les contraintes \u00e9lectorales et logistiques, Andr\u00e9 Deljarry assure vouloir \u00ab\u00a0toujours surprendre et f\u00e9d\u00e9rer.\u00a0\u00bb Quand la lumi\u00e8re s\u2019\u00e9teindra le 15 novembre, il restera le souvenir d\u2019un pari fou devenu fiert\u00e9 montpelli\u00e9raine.<\/p>\n<p class=\" wall-content\">Personnalisez votre actualit\u00e9 en ajoutant vos villes et m\u00e9dias en favori avec <a href=\"https:\/\/moncompte.actu.fr\" title=\"D\u00e9couvez Mon Actu\" rel=\"nofollow noopener\" data-trk=\"{&quot;cta&quot;:{&quot;action&quot;:&quot;https:\\\/\\\/moncompte.actu.fr&quot;,&quot;category&quot;:&quot;mon compte&quot;,&quot;from&quot;:&quot;article footer&quot;,&quot;name&quot;:&quot;Mon actu&quot;,&quot;type&quot;:&quot;cta&quot;}}\" target=\"_blank\">Mon Actu<\/a>.<\/p>\n","protected":false},"excerpt":{"rendered":"Par R\u00e9daction M\u00e9tropolitain Publi\u00e9 le 27 sept. 2025 \u00e0 8h33 Lanc\u00e9 en 2015 par la Chambre de commerce&hellip;\n","protected":false},"author":2,"featured_media":420791,"comment_status":"","ping_status":"","sticky":false,"template":"","format":"standard","meta":{"footnotes":""},"categories":[9599],"tags":[1111,11,1777,674,849,1011,27,1652,2208,12,2680,2551,25,602],"class_list":{"0":"post-420790","1":"post","2":"type-post","3":"status-publish","4":"format-standard","5":"has-post-thumbnail","7":"category-montpellier","8":"tag-actu","9":"tag-actualites","10":"tag-eu","11":"tag-europe","12":"tag-festival","13":"tag-fr","14":"tag-france","15":"tag-loisirs-culture","16":"tag-montpellier","17":"tag-news","18":"tag-occitanie","19":"tag-patrimoine","20":"tag-republique-francaise","21":"tag-tourisme"},"share_on_mastodon":{"url":"https:\/\/pubeurope.com\/@fr\/115274920148098225","error":""},"_links":{"self":[{"href":"https:\/\/www.europesays.com\/fr\/wp-json\/wp\/v2\/posts\/420790","targetHints":{"allow":["GET"]}}],"collection":[{"href":"https:\/\/www.europesays.com\/fr\/wp-json\/wp\/v2\/posts"}],"about":[{"href":"https:\/\/www.europesays.com\/fr\/wp-json\/wp\/v2\/types\/post"}],"author":[{"embeddable":true,"href":"https:\/\/www.europesays.com\/fr\/wp-json\/wp\/v2\/users\/2"}],"replies":[{"embeddable":true,"href":"https:\/\/www.europesays.com\/fr\/wp-json\/wp\/v2\/comments?post=420790"}],"version-history":[{"count":0,"href":"https:\/\/www.europesays.com\/fr\/wp-json\/wp\/v2\/posts\/420790\/revisions"}],"wp:featuredmedia":[{"embeddable":true,"href":"https:\/\/www.europesays.com\/fr\/wp-json\/wp\/v2\/media\/420791"}],"wp:attachment":[{"href":"https:\/\/www.europesays.com\/fr\/wp-json\/wp\/v2\/media?parent=420790"}],"wp:term":[{"taxonomy":"category","embeddable":true,"href":"https:\/\/www.europesays.com\/fr\/wp-json\/wp\/v2\/categories?post=420790"},{"taxonomy":"post_tag","embeddable":true,"href":"https:\/\/www.europesays.com\/fr\/wp-json\/wp\/v2\/tags?post=420790"}],"curies":[{"name":"wp","href":"https:\/\/api.w.org\/{rel}","templated":true}]}}