{"id":420794,"date":"2025-09-27T06:49:14","date_gmt":"2025-09-27T06:49:14","guid":{"rendered":"https:\/\/www.europesays.com\/fr\/420794\/"},"modified":"2025-09-27T06:49:14","modified_gmt":"2025-09-27T06:49:14","slug":"albi-a-rouen-le-sporting-club-albigeois-veut-grandir-un-peu-plus","status":"publish","type":"post","link":"https:\/\/www.europesays.com\/fr\/420794\/","title":{"rendered":"ALBI. \u00c0 Rouen, le Sporting Club Albigeois veut \u00ab\u00a0grandir un peu plus\u00a0\u00bb"},"content":{"rendered":"<p>Apr\u00e8s leur match r\u00e9f\u00e9rence acquis, il y a quinze jours, au Stadium face \u00e0 Chamb\u00e9ry, pr\u00e9tendant \u00e0 la mont\u00e9e, les joueurs du Sporting Club Albigeois avaient besoin de souffler. Pas de match, donc, le week-end dernier, avec une semaine pr\u00e9c\u00e9demment all\u00e9g\u00e9e, ponctu\u00e9e de deux jours intensifs m\u00ealant vitesse, physique et rugby pur et dur. \u00ab\u00a0Quand on voit que les joueurs de Top 14 se plaignent de la longueur du championnat, on comprend que nos joueurs ont besoin de ces phases de r\u00e9cup, ce ne sont pas des robots\u00a0\u00bb, explique l&rsquo;entra\u00eeneur principal des jaunes et noirs, K\u00e9vin Boulogne. Le premier bloc s&rsquo;est sold\u00e9 par deux victoires \u00e0 domicile (Massy et Chamb\u00e9ry)\u00a0pour deux d\u00e9faites \u00e0 l&rsquo;ext\u00e9rieur (Bourgoin et Niort),&#8230;<\/p>\n","protected":false},"excerpt":{"rendered":"Apr\u00e8s leur match r\u00e9f\u00e9rence acquis, il y a quinze jours, au Stadium face \u00e0 Chamb\u00e9ry, pr\u00e9tendant \u00e0 la&hellip;\n","protected":false},"author":2,"featured_media":420795,"comment_status":"","ping_status":"","sticky":false,"template":"","format":"standard","meta":{"footnotes":""},"categories":[9587],"tags":[1111,11,1777,674,1011,27,12,5161,25,9590],"class_list":{"0":"post-420794","1":"post","2":"type-post","3":"status-publish","4":"format-standard","5":"has-post-thumbnail","7":"category-rouen","8":"tag-actu","9":"tag-actualites","10":"tag-eu","11":"tag-europe","12":"tag-fr","13":"tag-france","14":"tag-news","15":"tag-normandie","16":"tag-republique-francaise","17":"tag-rouen"},"share_on_mastodon":{"url":"https:\/\/pubeurope.com\/@fr\/115274931438375086","error":""},"_links":{"self":[{"href":"https:\/\/www.europesays.com\/fr\/wp-json\/wp\/v2\/posts\/420794","targetHints":{"allow":["GET"]}}],"collection":[{"href":"https:\/\/www.europesays.com\/fr\/wp-json\/wp\/v2\/posts"}],"about":[{"href":"https:\/\/www.europesays.com\/fr\/wp-json\/wp\/v2\/types\/post"}],"author":[{"embeddable":true,"href":"https:\/\/www.europesays.com\/fr\/wp-json\/wp\/v2\/users\/2"}],"replies":[{"embeddable":true,"href":"https:\/\/www.europesays.com\/fr\/wp-json\/wp\/v2\/comments?post=420794"}],"version-history":[{"count":0,"href":"https:\/\/www.europesays.com\/fr\/wp-json\/wp\/v2\/posts\/420794\/revisions"}],"wp:featuredmedia":[{"embeddable":true,"href":"https:\/\/www.europesays.com\/fr\/wp-json\/wp\/v2\/media\/420795"}],"wp:attachment":[{"href":"https:\/\/www.europesays.com\/fr\/wp-json\/wp\/v2\/media?parent=420794"}],"wp:term":[{"taxonomy":"category","embeddable":true,"href":"https:\/\/www.europesays.com\/fr\/wp-json\/wp\/v2\/categories?post=420794"},{"taxonomy":"post_tag","embeddable":true,"href":"https:\/\/www.europesays.com\/fr\/wp-json\/wp\/v2\/tags?post=420794"}],"curies":[{"name":"wp","href":"https:\/\/api.w.org\/{rel}","templated":true}]}}