{"id":420802,"date":"2025-09-27T06:55:12","date_gmt":"2025-09-27T06:55:12","guid":{"rendered":"https:\/\/www.europesays.com\/fr\/420802\/"},"modified":"2025-09-27T06:55:12","modified_gmt":"2025-09-27T06:55:12","slug":"une-decennie-daccidents-mortels-en-alsace-a-strasbourg-lassociation-aivar-continue-sa-route-au-nom-des-victimes-et-des-familles-en-deuil","status":"publish","type":"post","link":"https:\/\/www.europesays.com\/fr\/420802\/","title":{"rendered":"Une d\u00e9cennie d\u2019accidents mortels en Alsace. \u00c0 Strasbourg, l\u2019association Aivar continue sa route au nom des victimes et des familles en deuil"},"content":{"rendered":"<p>Le 4\u00a0novembre 2001, Laurence Fritz, 25 ans, \u00e9tait tu\u00e9e dans un choc avec un arbre, le long de la RN83, \u00e0 Kogenheim. Elle \u00e9tait la fille, la s\u0153ur, la fianc\u00e9e \u00e0 qui la route avait arrach\u00e9 la vie.<\/p>\n<p>Monique Fritz, et son fils, Thomas, ont d\u2019abord mont\u00e9 l\u2019association Laurence Fritz en 2002 pour des actions de pr\u00e9vention, des analyses sur les causes de l\u2019accident et sur la place de l\u2019arbre au bord des routes, ou encore sur le contenu des publicit\u00e9s en termes de s\u00e9curit\u00e9 routi\u00e8re. \u00ab\u00a0Il fallait ext\u00e9rioriser cette souffrance.\u00a0\u00bb<\/p>\n<p>En 2004, l\u2019association a fusionn\u00e9 avec Aivar, bas\u00e9e \u00e0 Strasbourg, pour accompagner les proches des victimes et les bless\u00e9s dans leur reconstruction \u00e0 travers des groupes de parole. \u00ab\u00a0\u00c0 notre apog\u00e9e, nous \u00e9ditions nos journaux \u00e0 700 exemplaires et comptions environ 400 membres.\u00a0\u00bb<\/p>\n<p>\u00ab\u00a0Le choc, c\u2019est comme une mosa\u00efque de sentiments. Chacun trouve en lui-m\u00eame comment survivre apr\u00e8s ce drame effroyable\u00a0\u00bb<\/p>\n<p>Aujourd\u2019h&#8230;<\/p>\n","protected":false},"excerpt":{"rendered":"Le 4\u00a0novembre 2001, Laurence Fritz, 25 ans, \u00e9tait tu\u00e9e dans un choc avec un arbre, le long de&hellip;\n","protected":false},"author":2,"featured_media":420803,"comment_status":"","ping_status":"","sticky":false,"template":"","format":"standard","meta":{"footnotes":""},"categories":[2820],"tags":[119,1111,11,1777,674,274,107,1011,27,775,12,25,640],"class_list":{"0":"post-420802","1":"post","2":"type-post","3":"status-publish","4":"format-standard","5":"has-post-thumbnail","7":"category-strasbourg","8":"tag-accident","9":"tag-actu","10":"tag-actualites","11":"tag-eu","12":"tag-europe","13":"tag-faits-divers-justice","14":"tag-fil-info","15":"tag-fr","16":"tag-france","17":"tag-grand-est","18":"tag-news","19":"tag-republique-francaise","20":"tag-strasbourg"},"share_on_mastodon":{"url":"https:\/\/pubeurope.com\/@fr\/115274955057385597","error":""},"_links":{"self":[{"href":"https:\/\/www.europesays.com\/fr\/wp-json\/wp\/v2\/posts\/420802","targetHints":{"allow":["GET"]}}],"collection":[{"href":"https:\/\/www.europesays.com\/fr\/wp-json\/wp\/v2\/posts"}],"about":[{"href":"https:\/\/www.europesays.com\/fr\/wp-json\/wp\/v2\/types\/post"}],"author":[{"embeddable":true,"href":"https:\/\/www.europesays.com\/fr\/wp-json\/wp\/v2\/users\/2"}],"replies":[{"embeddable":true,"href":"https:\/\/www.europesays.com\/fr\/wp-json\/wp\/v2\/comments?post=420802"}],"version-history":[{"count":0,"href":"https:\/\/www.europesays.com\/fr\/wp-json\/wp\/v2\/posts\/420802\/revisions"}],"wp:featuredmedia":[{"embeddable":true,"href":"https:\/\/www.europesays.com\/fr\/wp-json\/wp\/v2\/media\/420803"}],"wp:attachment":[{"href":"https:\/\/www.europesays.com\/fr\/wp-json\/wp\/v2\/media?parent=420802"}],"wp:term":[{"taxonomy":"category","embeddable":true,"href":"https:\/\/www.europesays.com\/fr\/wp-json\/wp\/v2\/categories?post=420802"},{"taxonomy":"post_tag","embeddable":true,"href":"https:\/\/www.europesays.com\/fr\/wp-json\/wp\/v2\/tags?post=420802"}],"curies":[{"name":"wp","href":"https:\/\/api.w.org\/{rel}","templated":true}]}}