{"id":420808,"date":"2025-09-27T06:58:17","date_gmt":"2025-09-27T06:58:17","guid":{"rendered":"https:\/\/www.europesays.com\/fr\/420808\/"},"modified":"2025-09-27T06:58:17","modified_gmt":"2025-09-27T06:58:17","slug":"voici-ou-il-fera-le-plus-froid","status":"publish","type":"post","link":"https:\/\/www.europesays.com\/fr\/420808\/","title":{"rendered":"voici o\u00f9 il fera le plus froid"},"content":{"rendered":"<p>            Par<br \/>\n        <strong><br \/>\n            <a href=\"https:\/\/actu.fr\/auteur\/ugo-maillard\" title=\"Consulter tous les articles de Ugo Maillard\" rel=\"nofollow noopener\" target=\"_blank\">Ugo Maillard<\/a><br \/>\n        <\/strong><\/p>\n<p>        Publi\u00e9 le<\/p>\n<p>            27 sept. 2025 \u00e0 6h14        <\/p>\n<p>L\u2019heure de sortir les manteaux des placards a d\u00e9j\u00e0 sonn\u00e9. Ce week-end du samedi\u00a027 et du dimanche 28\u00a0septembre 2025 sera marqu\u00e9 par des <strong>temp\u00e9ratures largement inf\u00e9rieures aux normales de saison<\/strong> dans les <a href=\"https:\/\/actu.fr\/provence-alpes-cote-d-azur\/alpes-maritimes_06\" rel=\"nofollow noopener\" target=\"_blank\">Alpes-Maritimes<\/a>.<\/p>\n<p class=\" wall-content\">Que ce soit \u00e0 Nice et sur les communes du littoral ou dans l\u2019arri\u00e8re-pays, le mercure va baisser ces prochaines heures.<\/p>\n<p class=\" wall-content\">On fait le point sur les conditions m\u00e9t\u00e9orologiques dans le d\u00e9partement.<\/p>\n<p>Une maximale de 21\u00b0C<\/p>\n<p class=\" wall-content\">Comme annonc\u00e9 en d\u00e9but de semaine <a href=\"https:\/\/actu.fr\/provence-alpes-cote-d-azur\/nice_06088\/meteo-a-nice-une-goutte-froide-s-approche-des-alpes-maritimes-a-quoi-s-attendre_63202077.html\" rel=\"nofollow noopener\" target=\"_blank\">sur actu Nice<\/a>, une goutte froide touche les Alpes-Maritimes et plus globalement la France.<\/p>\n<p class=\" wall-content\">Cons\u00e9quences, le thermom\u00e8tre affiche des valeurs tr\u00e8s basses pour la saison. \u00c0 Nice, les temp\u00e9ratures seront comprises <strong>entre 15 et 21\u00b0C<\/strong>, ce week-end. Des valeurs qui seront relativement identiques sur les autres communes du littoral.<\/p>\n<p class=\" wall-content\">Dans l\u2019arri\u00e8re-pays et sur les reliefs des Alpes du sud, les nuits seront fra\u00eeches avec des valeurs inf\u00e9rieures \u00e0 10\u00b0C.<\/p>\n<p>Moins de 5\u00b0C attendus<\/p>\n<p class=\" wall-content\">Selon les donn\u00e9es de M\u00e9t\u00e9o France, le thermom\u00e8tre <strong>affichera 4\u00b0C \u00e0 Guillaumes<\/strong>, 5\u00b0C \u00e0 Tende et Saint-Auban, durant la nuit de samedi \u00e0 dimanche. Du c\u00f4t\u00e9 d\u2019Isola 2000, le mercure devrait fr\u00f4ler les 0\u00b0C.<\/p>\n<p>Votre r\u00e9gion, votre actu !<\/p>\n<p>Recevez chaque jour les infos qui comptent pour vous.<\/p>\n<p>\t<a href=\"https:\/\/actu.fr\/newsletter\" class=\"ac-btn ac-btn--corner ac-btn--medium ac-btn--blue800\" rel=\"nofollow noopener\" target=\"_blank\">S&rsquo;incrire<\/a><\/p>\n<p class=\" wall-content\">C\u00f4t\u00e9 ciel, les journ\u00e9es devraient \u00eatre ensoleill\u00e9es sur l\u2019ensemble du d\u00e9partement.<\/p>\n<p class=\" wall-content\">Personnalisez votre actualit\u00e9 en ajoutant vos villes et m\u00e9dias en favori avec <a href=\"https:\/\/moncompte.actu.fr\" title=\"D\u00e9couvez Mon Actu\" rel=\"nofollow noopener\" data-trk=\"{&quot;cta&quot;:{&quot;action&quot;:&quot;https:\\\/\\\/moncompte.actu.fr&quot;,&quot;category&quot;:&quot;mon compte&quot;,&quot;from&quot;:&quot;article footer&quot;,&quot;name&quot;:&quot;Mon actu&quot;,&quot;type&quot;:&quot;cta&quot;}}\" target=\"_blank\">Mon Actu<\/a>.<\/p>\n","protected":false},"excerpt":{"rendered":"Par Ugo Maillard Publi\u00e9 le 27 sept. 2025 \u00e0 6h14 L\u2019heure de sortir les manteaux des placards a&hellip;\n","protected":false},"author":2,"featured_media":420809,"comment_status":"","ping_status":"","sticky":false,"template":"","format":"standard","meta":{"footnotes":""},"categories":[2819],"tags":[1111,11,1777,674,1011,27,3447,2487,2357,12,2401,882,25],"class_list":{"0":"post-420808","1":"post","2":"type-post","3":"status-publish","4":"format-standard","5":"has-post-thumbnail","7":"category-nice","8":"tag-actu","9":"tag-actualites","10":"tag-eu","11":"tag-europe","12":"tag-fr","13":"tag-france","14":"tag-froid","15":"tag-meteo","16":"tag-meteo-france","17":"tag-news","18":"tag-nice","19":"tag-provence-alpes-cote-dazur","20":"tag-republique-francaise"},"share_on_mastodon":{"url":"https:\/\/pubeurope.com\/@fr\/115274966969268714","error":""},"_links":{"self":[{"href":"https:\/\/www.europesays.com\/fr\/wp-json\/wp\/v2\/posts\/420808","targetHints":{"allow":["GET"]}}],"collection":[{"href":"https:\/\/www.europesays.com\/fr\/wp-json\/wp\/v2\/posts"}],"about":[{"href":"https:\/\/www.europesays.com\/fr\/wp-json\/wp\/v2\/types\/post"}],"author":[{"embeddable":true,"href":"https:\/\/www.europesays.com\/fr\/wp-json\/wp\/v2\/users\/2"}],"replies":[{"embeddable":true,"href":"https:\/\/www.europesays.com\/fr\/wp-json\/wp\/v2\/comments?post=420808"}],"version-history":[{"count":0,"href":"https:\/\/www.europesays.com\/fr\/wp-json\/wp\/v2\/posts\/420808\/revisions"}],"wp:featuredmedia":[{"embeddable":true,"href":"https:\/\/www.europesays.com\/fr\/wp-json\/wp\/v2\/media\/420809"}],"wp:attachment":[{"href":"https:\/\/www.europesays.com\/fr\/wp-json\/wp\/v2\/media?parent=420808"}],"wp:term":[{"taxonomy":"category","embeddable":true,"href":"https:\/\/www.europesays.com\/fr\/wp-json\/wp\/v2\/categories?post=420808"},{"taxonomy":"post_tag","embeddable":true,"href":"https:\/\/www.europesays.com\/fr\/wp-json\/wp\/v2\/tags?post=420808"}],"curies":[{"name":"wp","href":"https:\/\/api.w.org\/{rel}","templated":true}]}}