{"id":420814,"date":"2025-09-27T07:01:13","date_gmt":"2025-09-27T07:01:13","guid":{"rendered":"https:\/\/www.europesays.com\/fr\/420814\/"},"modified":"2025-09-27T07:01:13","modified_gmt":"2025-09-27T07:01:13","slug":"week-end-dinauguration-gratuit-pour-immersion-artistique","status":"publish","type":"post","link":"https:\/\/www.europesays.com\/fr\/420814\/","title":{"rendered":"week-end d\u2019inauguration gratuit pour immersion artistique"},"content":{"rendered":"<p>        <img decoding=\"async\" id=\"26097280\" src=\"https:\/\/www.europesays.com\/fr\/wp-content\/uploads\/2025\/09\/20250926181031-lt537.jpg\" alt=\"\u00ab\u00a0On invite les spectateurs \u00e0 retrouver un rapport \u00e0 l\u2019environnement et au l\u00e2cher prise.\u00a0\u00bb\" itemprop=\"contentURL\"\/><\/p>\n<p>    \u00ab\u00a0On invite les spectateurs \u00e0 retrouver un rapport \u00e0 l\u2019environnement et au l\u00e2cher prise.\u00a0\u00bb<\/p>\n<p>Laurent Theillet\u00a0\/\u00a0SO<\/p>\n<p>Ces derniers r\u00e9p\u00e9taient leur spectacle, l\u2019apr\u00e8s-midi du vendredi 26\u00a0septembre, place de la Bourse. St\u00e9phane Girard et Camille Beaumier, les deux directeurs artistiques de la compagnie y assistaient. \u00ab\u00a0C\u2019est tr\u00e8s chor\u00e9graphi\u00e9, il n\u2019y a pas de place pour l\u2019improvisation, pr\u00e9cisait Camille Beaumier. On invite les spectateurs \u00e0 retrouver un rapport \u00e0 l\u2019environnement et au l\u00e2cher-prise, en contraste avec le quotidien urbain. Les grands tuteurs qui soutiennent les danseurs font d\u2019ailleurs r\u00e9f\u00e9rence aux roseaux de Camargue, entre oscillation et imaginaire.\u00a0\u00bb \u00c0 voir samedi 27\u00a0septembre \u00e0 14 et 17\u00a0heures et dimanche 28\u00a0septembre \u00e0 14 et 17\u00a0heures, place de la Bourse \u00e0 Bordeaux.<\/p>\n<p>\u00c0 une encablure de l\u00e0, de l\u2019autre c\u00f4t\u00e9 de la Garonne, une autre sc\u00e8ne se jouait \u00e0 la Fabrique Pola, avec l\u2019exposition de Nicolas Floc\u2019h sur les couleurs du fleuve et de ses affluents. Quelques jambes en l\u2019air et des m\u00e8tres de tissu s\u2019unissaient pour \u00ab\u00a0Woods\u00a0\/\u00a0Bosque\u00a0\u00bb, une performance de Clarice Lima. Une for\u00eat vivante de jambes nues, \u00ab\u00a0comme des fleurs \u00e0 l\u2019envers\u00a0\u00bb, se risquait une petite fille. Parfois, une de ces plantes s\u2019effondrait, rappelant la fragilit\u00e9 de l\u2019\u00e9quilibre. \u00c0 voir samedi \u00e0 13 et 16\u00a0heures place de la Com\u00e9die \u00e0 Bordeaux, et dimanche \u00e0 15\u00a0heures\u00a0\u00e0 Saint-M\u00e9dard-en-jalles.<\/p>\n<p>        <img decoding=\"async\" id=\"26098118\" src=\"https:\/\/www.europesays.com\/fr\/wp-content\/uploads\/2025\/09\/fab-ouverture-22.jpg\" alt=\"\u00ab\u00a0Woods\u00a0\/\u00a0Bosque\u00a0\u00bb, une performance de Clarice Lima.\" itemprop=\"contentURL\"\/><\/p>\n<p>    \u00ab\u00a0Woods\u00a0\/\u00a0Bosque\u00a0\u00bb, une performance de Clarice Lima.<\/p>\n<p>E.\u00a0D.<\/p>\n<p>Samedi 27\u00a0septembre, \u00e0 midi\u00a0et 18\u00a0heures, all\u00e9es de Tourny, Joan Catal\u00e0 donnera son \u00ab\u00a0Pelat\u00a0\u00bb, un m\u00e9lange de th\u00e9\u00e2tre, de chor\u00e9graphies et de cirque inspir\u00e9 des danses catalanes, un ballet insolite guid\u00e9 par les d\u00e9s\u00e9quilibres du tronc qui p\u00e8se sur ses \u00e9paules\u2026 La nuit se fera ensuite <a href=\"https:\/\/www.sudouest.fr\/gironde\/lormont\/a-lormont-une-nuit-verte-d-exploration-immersive-dans-le-parc-de-l-ermitage-ce-samedi-26062981.php\" target=\"_blank\" rel=\"follow nofollow noopener\">verte au parc de l\u2019Ermitage \u00e0 Lormont<\/a>, promettant d\u00e9ambulation po\u00e9tique et sonore, spectacles et prises de parole.<\/p>\n<p>La deuxi\u00e8me journ\u00e9e de ce week-end d\u2019inauguration verra, dimanche 28\u00a0septembre, le collectif Slow Fest inviter \u00e0 une joyeuse et cosmique balade \u00e0 v\u00e9lo pour relier Bordeaux \u00e0 Saint-M\u00e9dard-en-Jalles. Direction le parc du Bourdieu pour \u00ab\u00a0Pelat\u00a0\u00bb, \u00e0 15\u00a0h\u00a030, et le vernissage de l\u2019installation \u00ab\u00a0Nids\u00a0\u00bb, du plasticien Jean-Michel Caillebotte, qui guidera la visite de ses dr\u00f4les de caravanes.<\/p>\n<p>        <img decoding=\"async\" id=\"26043786\" src=\"https:\/\/www.europesays.com\/fr\/wp-content\/uploads\/2025\/09\/1758956473_101_nids-exemple-recadrage.jpg\" alt=\"L\u2019installation \u00ab\u00a0Nids\u00a0\u00bb du plasticien Jean-Michel Caillebotte \u00e0 voir parc du Bourdieu \u00e0 Saint-M\u00e9dard.\" itemprop=\"contentURL\"\/><\/p>\n<p>    L\u2019installation \u00ab\u00a0Nids\u00a0\u00bb du plasticien Jean-Michel Caillebotte \u00e0 voir parc du Bourdieu \u00e0 Saint-M\u00e9dard.<\/p>\n<p>Jean-Michel Caillebotte<\/p>\n","protected":false},"excerpt":{"rendered":"\u00ab\u00a0On invite les spectateurs \u00e0 retrouver un rapport \u00e0 l\u2019environnement et au l\u00e2cher prise.\u00a0\u00bb Laurent Theillet\u00a0\/\u00a0SO Ces derniers&hellip;\n","protected":false},"author":2,"featured_media":420815,"comment_status":"","ping_status":"","sticky":false,"template":"","format":"standard","meta":{"footnotes":""},"categories":[2817],"tags":[1111,11,1997,1777,674,1011,27,12,2219,25],"class_list":{"0":"post-420814","1":"post","2":"type-post","3":"status-publish","4":"format-standard","5":"has-post-thumbnail","7":"category-bordeaux","8":"tag-actu","9":"tag-actualites","10":"tag-bordeaux","11":"tag-eu","12":"tag-europe","13":"tag-fr","14":"tag-france","15":"tag-news","16":"tag-nouvelle-aquitaine","17":"tag-republique-francaise"},"share_on_mastodon":{"url":"https:\/\/pubeurope.com\/@fr\/115274979236505673","error":""},"_links":{"self":[{"href":"https:\/\/www.europesays.com\/fr\/wp-json\/wp\/v2\/posts\/420814","targetHints":{"allow":["GET"]}}],"collection":[{"href":"https:\/\/www.europesays.com\/fr\/wp-json\/wp\/v2\/posts"}],"about":[{"href":"https:\/\/www.europesays.com\/fr\/wp-json\/wp\/v2\/types\/post"}],"author":[{"embeddable":true,"href":"https:\/\/www.europesays.com\/fr\/wp-json\/wp\/v2\/users\/2"}],"replies":[{"embeddable":true,"href":"https:\/\/www.europesays.com\/fr\/wp-json\/wp\/v2\/comments?post=420814"}],"version-history":[{"count":0,"href":"https:\/\/www.europesays.com\/fr\/wp-json\/wp\/v2\/posts\/420814\/revisions"}],"wp:featuredmedia":[{"embeddable":true,"href":"https:\/\/www.europesays.com\/fr\/wp-json\/wp\/v2\/media\/420815"}],"wp:attachment":[{"href":"https:\/\/www.europesays.com\/fr\/wp-json\/wp\/v2\/media?parent=420814"}],"wp:term":[{"taxonomy":"category","embeddable":true,"href":"https:\/\/www.europesays.com\/fr\/wp-json\/wp\/v2\/categories?post=420814"},{"taxonomy":"post_tag","embeddable":true,"href":"https:\/\/www.europesays.com\/fr\/wp-json\/wp\/v2\/tags?post=420814"}],"curies":[{"name":"wp","href":"https:\/\/api.w.org\/{rel}","templated":true}]}}