{"id":420816,"date":"2025-09-27T07:02:10","date_gmt":"2025-09-27T07:02:10","guid":{"rendered":"https:\/\/www.europesays.com\/fr\/420816\/"},"modified":"2025-09-27T07:02:10","modified_gmt":"2025-09-27T07:02:10","slug":"nous-revendiquons-un-regard-different-sur-la-vieillesse","status":"publish","type":"post","link":"https:\/\/www.europesays.com\/fr\/420816\/","title":{"rendered":"\u00ab\u00a0Nous revendiquons un regard diff\u00e9rent sur la vieillesse\u00a0\u00bb"},"content":{"rendered":"<p>Tout est original dans ce <a href=\"https:\/\/www.cnav-demain.fr\/programme\/\" target=\"_blank\" rel=\"nofollow noopener\">Contre-salon des vieilles et des vieux<\/a>, \u00e0 commencer par le nom. Contre qui\u00a0? Contre quoi\u00a0? \u00ab\u00a0C\u2019est pour se diff\u00e9rencier des salons des seniors qui fleurissent un peu partout, o\u00f9 vous pouvez acheter le rehausseur de toilettes ou la croisi\u00e8re merveilleuse\u00a0\u00bb, r\u00e9pond Francis Carrier, l\u2019un des fondateurs en 2021 du Conseil national autoproclam\u00e9 de la vieillesse (Cnav). \u00ab\u00a0On a une vision du vieux comme client, pas comme citoyen, pas comme individu.\u00a0\u00bb Le terme m\u00eame de \u00ab\u00a0seniors\u00a0\u00bb le chiffonne. \u00ab\u00a0C\u2019est un cache-sexe des discriminations faites aux vieux.\u00a0\u00bb<\/p>\n<p>Ce vendredi 26\u00a0septembre, en ouverture de la premi\u00e8re table ronde au march\u00e9 des Douves, \u00e0 Bordeaux, il a salu\u00e9 ainsi l\u2019auditoire\u00a0: \u00ab\u00a0Bonjour les vieux, les tr\u00e8s vieux et les moins vieux.\u00a0\u00bb Avec un groupe de journalistes, dont Laure Adler, il a lanc\u00e9 une cha\u00eene de t\u00e9l\u00e9vision sur le web baptis\u00e9e <a href=\"https:\/\/www.televioc.fr\/\" target=\"_blank\" rel=\"nofollow noopener\">T\u00e9l\u00e9 Vioc<\/a>. Son approche\u00a0: \u00ab\u00a0Comme quand on a\u00a020 ans, on a envie d\u2019\u00eatre amoureux, d\u2019avoir acc\u00e8s \u00e0 la culture, d\u2019avoir des \u00e9changes qui aient un peu de mati\u00e8re, de pouvoir parler de ses d\u00e9sirs et de ses peurs. Nous revendiquons un regard diff\u00e9rent sur la vieillesse.\u00a0\u00bb<\/p>\n<p>Ce ton nouveau, qui correspond \u00e0 une r\u00e9flexion de fond, a incontestablement du succ\u00e8s. Les 167 chaises de la salle de conf\u00e9rences ont \u00e9t\u00e9 prises d\u2019assaut pour le top d\u00e9part de cette manifestation qui se d\u00e9roule jusqu\u2019au 28\u00a0septembre. Une centaine a \u00e9t\u00e9 ajout\u00e9e au rez-de-chauss\u00e9e devant les \u00e9crans g\u00e9ants qui vont retransmettre l\u2019ensemble des d\u00e9bats. En 2023, la premi\u00e8re \u00e9dition, organis\u00e9e au th\u00e9\u00e2tre des Blancs-Manteaux, \u00e0 Paris, avait attir\u00e9 4\u00a0000\u00a0personnes. Il existe aujourd\u2019hui 37 groupes locaux du Cnav, dont celui de Gironde, qui compte 200 membres. Aucune cotisation n\u2019est demand\u00e9e. \u00ab\u00a0Participation libre\u00a0\u00bb, est-il \u00e9crit en haut de l\u2019affiche.<\/p>\n<p>Livre blanc<\/p>\n<p>Derri\u00e8re un sens de l\u2019autod\u00e9rision visiblement partag\u00e9, il y a la solidit\u00e9 du contenu et son s\u00e9rieux. \u00c0 l\u2019origine de ce mouvement, on trouve \u00e9galement V\u00e9ronique Fournier, m\u00e9decin, qui a cr\u00e9\u00e9 le Centre \u00e9thique clinique de l\u2019h\u00f4pital Cochin. Le 27\u00a0septembre, l\u2019auteure de \u00ab\u00a0L\u2019Argent et les vieux\u00a0\u00bb participera \u00e0 l\u2019atelier \u00ab\u00a0Qui pour payer la facture de la grande d\u00e9pendance\u00a0?\u00a0\u00bb Un autre s\u2019appelle \u00ab\u00a0Qu\u2019est-ce qu\u2019on dit des vieilles et des vieux dans leur dos\u00a0?\u00a0\u00bb Un autre encore, anim\u00e9 par une psychomotricienne, s\u2019intitule \u00ab\u00a0Chuter, c\u2019est naturel\u00a0\u00bb. Toutes les questions essentielles, comme l\u2019habitat, la transition \u00e9cologique, la pr\u00e9carit\u00e9, la lutte contre l\u2019isolement ou la fin de vie, sont abord\u00e9es. Le 28\u00a0septembre, l\u2019une des huit s\u00e9ances pl\u00e9ni\u00e8res aura pour th\u00e8me\u00a0: \u00ab\u00a0Le Cnav veut-il la mort des Ehpad\u00a0?\u00a0\u00bb Cet organisme a constitu\u00e9 un livre blanc sur le sujet \u00e0 partir de 700 t\u00e9moignages.<\/p>\n<p>Une vingtaine de stands font le tour du caf\u00e9 central, dont celui des avocats du Barreau de Bordeaux, qui peuvent intervenir notamment dans les cas d\u2019abus de faiblesse. La dimension artistique est pr\u00e9sente. Les visiteurs s\u00e9duits par les clich\u00e9s expos\u00e9s peuvent se faire photographier les mains, en noir et blanc, par le photographe Jacques Moury Beauchamp. \u00ab\u00a0Les mains, c\u2019est tr\u00e8s r\u00e9v\u00e9lateur de la personnalit\u00e9.\u00a0\u00bb Il ne reste plus qu\u2019\u00e0 s\u2019arr\u00eater \u00e0 la table \u00ab\u00a0Comment \u00eatre entendus par les \u00e9lus en cette p\u00e9riode d\u2019\u00e9lections municipales\u00a0?\u00a0\u00bb<\/p>\n","protected":false},"excerpt":{"rendered":"Tout est original dans ce Contre-salon des vieilles et des vieux, \u00e0 commencer par le nom. Contre qui\u00a0?&hellip;\n","protected":false},"author":2,"featured_media":420817,"comment_status":"","ping_status":"","sticky":false,"template":"","format":"standard","meta":{"footnotes":""},"categories":[2817],"tags":[1111,11,1997,1777,674,1011,27,12,2219,25],"class_list":{"0":"post-420816","1":"post","2":"type-post","3":"status-publish","4":"format-standard","5":"has-post-thumbnail","7":"category-bordeaux","8":"tag-actu","9":"tag-actualites","10":"tag-bordeaux","11":"tag-eu","12":"tag-europe","13":"tag-fr","14":"tag-france","15":"tag-news","16":"tag-nouvelle-aquitaine","17":"tag-republique-francaise"},"share_on_mastodon":{"url":"https:\/\/pubeurope.com\/@fr\/115274982587954968","error":""},"_links":{"self":[{"href":"https:\/\/www.europesays.com\/fr\/wp-json\/wp\/v2\/posts\/420816","targetHints":{"allow":["GET"]}}],"collection":[{"href":"https:\/\/www.europesays.com\/fr\/wp-json\/wp\/v2\/posts"}],"about":[{"href":"https:\/\/www.europesays.com\/fr\/wp-json\/wp\/v2\/types\/post"}],"author":[{"embeddable":true,"href":"https:\/\/www.europesays.com\/fr\/wp-json\/wp\/v2\/users\/2"}],"replies":[{"embeddable":true,"href":"https:\/\/www.europesays.com\/fr\/wp-json\/wp\/v2\/comments?post=420816"}],"version-history":[{"count":0,"href":"https:\/\/www.europesays.com\/fr\/wp-json\/wp\/v2\/posts\/420816\/revisions"}],"wp:featuredmedia":[{"embeddable":true,"href":"https:\/\/www.europesays.com\/fr\/wp-json\/wp\/v2\/media\/420817"}],"wp:attachment":[{"href":"https:\/\/www.europesays.com\/fr\/wp-json\/wp\/v2\/media?parent=420816"}],"wp:term":[{"taxonomy":"category","embeddable":true,"href":"https:\/\/www.europesays.com\/fr\/wp-json\/wp\/v2\/categories?post=420816"},{"taxonomy":"post_tag","embeddable":true,"href":"https:\/\/www.europesays.com\/fr\/wp-json\/wp\/v2\/tags?post=420816"}],"curies":[{"name":"wp","href":"https:\/\/api.w.org\/{rel}","templated":true}]}}