{"id":420822,"date":"2025-09-27T07:05:12","date_gmt":"2025-09-27T07:05:12","guid":{"rendered":"https:\/\/www.europesays.com\/fr\/420822\/"},"modified":"2025-09-27T07:05:12","modified_gmt":"2025-09-27T07:05:12","slug":"la-traditionnelle-fete-des-allumoirs-revient-a-roubaix","status":"publish","type":"post","link":"https:\/\/www.europesays.com\/fr\/420822\/","title":{"rendered":"La traditionnelle F\u00eate des Allumoirs revient \u00e0 Roubaix"},"content":{"rendered":"<p class=\"introduction\">Chaque automne, Roubaix s&rsquo;illumine au rythme d&rsquo;une tradition s\u00e9culaire : la F\u00eate des Allumoirs. H\u00e9riti\u00e8re des rites pa\u00efens li\u00e9s aux \u00e9quinoxes, elle marquait au XIXe si\u00e8cle la reprise du travail des tisserands \u00ab\u00a0\u00e0 la lampe\u00a0\u00bb, apr\u00e8s les longues soir\u00e9es d&rsquo;\u00e9t\u00e9 o\u00f9 l&rsquo;activit\u00e9 s&rsquo;arr\u00eatait \u00e0 la tomb\u00e9e de la nuit.<\/p>\n<p>Aujourd\u2019hui, les lanternes v\u00e9nitiennes ont remplac\u00e9 les l\u00e9gumes \u00e9vid\u00e9s et, sous l\u2019influence d\u2019Halloween, les enfants se d\u00e9guisent volontiers. Mais l\u2019esprit demeure : une f\u00eate populaire, conviviale, transmise de g\u00e9n\u00e9ration en g\u00e9n\u00e9ration, qui continue de faire briller les rues roubaisiennes.<\/p>\n<p>Sortez vos lanternes et vos d\u00e9guisements : Roubaix vous donne rendez-vous pour c\u00e9l\u00e9brer cette tradition haute en couleur et en lumi\u00e8re !<\/p>\n<p><strong>Le programme \u00e0 Roubaix :<\/strong><\/p>\n<ul>\n<li><strong>4 octobre \u2013 19h :<\/strong> Comit\u00e9 des F\u00eates Justice, d\u00e9part du Parc des Sports (rendez-vous \u00e0 18h30)<\/li>\n<li><strong>10 octobre \u2013 19h :<\/strong> Comit\u00e9 des F\u00eates des Trois Ponts, d\u00e9part Maison des Services, avenue de Verdun (rendez-vous \u00e0 18h30)<\/li>\n<li><strong>11 octobre \u2013 19h :<\/strong> Comit\u00e9 des F\u00eates Nouveau Roubaix, d\u00e9part angle des rues Ingres et Carpeaux (rendez-vous \u00e0 18h30)<\/li>\n<li><strong>17 octobre \u2013 18h :<\/strong> Comit\u00e9 des F\u00eates du Fresnoy, d\u00e9part au 83 rue du Fresnoy (rendez-vous \u00e0 17h45)<\/li>\n<li><strong>18 octobre \u2013 19h :<\/strong> Comit\u00e9 des F\u00eates Anseele Sainte-Elisabeth, d\u00e9part de l\u2019\u00e9cole Ernest Renan, rue Henri Lefebvre (rendez-vous \u00e0 18h30)<\/li>\n<\/ul>\n","protected":false},"excerpt":{"rendered":"Chaque automne, Roubaix s&rsquo;illumine au rythme d&rsquo;une tradition s\u00e9culaire : la F\u00eate des Allumoirs. H\u00e9riti\u00e8re des rites pa\u00efens&hellip;\n","protected":false},"author":2,"featured_media":420823,"comment_status":"","ping_status":"","sticky":false,"template":"","format":"standard","meta":{"footnotes":""},"categories":[2815],"tags":[1111,11,55013,1777,674,4768,1011,27,811,1307,12,25],"class_list":{"0":"post-420822","1":"post","2":"type-post","3":"status-publish","4":"format-standard","5":"has-post-thumbnail","7":"category-lille","8":"tag-actu","9":"tag-actualites","10":"tag-allumoirs","11":"tag-eu","12":"tag-europe","13":"tag-fete","14":"tag-fr","15":"tag-france","16":"tag-hauts-de-france","17":"tag-lille","18":"tag-news","19":"tag-republique-francaise"},"share_on_mastodon":{"url":"https:\/\/pubeurope.com\/@fr\/115274994369719078","error":""},"_links":{"self":[{"href":"https:\/\/www.europesays.com\/fr\/wp-json\/wp\/v2\/posts\/420822","targetHints":{"allow":["GET"]}}],"collection":[{"href":"https:\/\/www.europesays.com\/fr\/wp-json\/wp\/v2\/posts"}],"about":[{"href":"https:\/\/www.europesays.com\/fr\/wp-json\/wp\/v2\/types\/post"}],"author":[{"embeddable":true,"href":"https:\/\/www.europesays.com\/fr\/wp-json\/wp\/v2\/users\/2"}],"replies":[{"embeddable":true,"href":"https:\/\/www.europesays.com\/fr\/wp-json\/wp\/v2\/comments?post=420822"}],"version-history":[{"count":0,"href":"https:\/\/www.europesays.com\/fr\/wp-json\/wp\/v2\/posts\/420822\/revisions"}],"wp:featuredmedia":[{"embeddable":true,"href":"https:\/\/www.europesays.com\/fr\/wp-json\/wp\/v2\/media\/420823"}],"wp:attachment":[{"href":"https:\/\/www.europesays.com\/fr\/wp-json\/wp\/v2\/media?parent=420822"}],"wp:term":[{"taxonomy":"category","embeddable":true,"href":"https:\/\/www.europesays.com\/fr\/wp-json\/wp\/v2\/categories?post=420822"},{"taxonomy":"post_tag","embeddable":true,"href":"https:\/\/www.europesays.com\/fr\/wp-json\/wp\/v2\/tags?post=420822"}],"curies":[{"name":"wp","href":"https:\/\/api.w.org\/{rel}","templated":true}]}}