{"id":420828,"date":"2025-09-27T07:09:15","date_gmt":"2025-09-27T07:09:15","guid":{"rendered":"https:\/\/www.europesays.com\/fr\/420828\/"},"modified":"2025-09-27T07:09:15","modified_gmt":"2025-09-27T07:09:15","slug":"auxerre-ballon-dor-marseille-luis-enrique-brise-le-silence-avant-daffronter-laja","status":"publish","type":"post","link":"https:\/\/www.europesays.com\/fr\/420828\/","title":{"rendered":"Auxerre\u00a0: Ballon d&rsquo;Or, Marseille&#8230; Luis Enrique brise le silence avant d&rsquo;affronter l&rsquo;AJA"},"content":{"rendered":"<p class=\"app_entry_lead\">\n<p>                    <a title=\"\u00a0\u00a9\u00a0Mary Evans\/SIPA (publi\u00e9e le 27\/09\/2025)\" href=\"https:\/\/www.europesays.com\/fr\/wp-content\/uploads\/2025\/09\/80770495.jpg\" class=\"fancy\"><\/p>\n<p>                            <img loading=\"lazy\" decoding=\"async\" src=\"https:\/\/www.europesays.com\/fr\/wp-content\/uploads\/2025\/09\/80770495.jpg\" alt=\"PSG - Auxerre\u00a0: Ballon d'Or, Marseille... Luis Enrique brise le silence avant d'affronter l'AJA\" width=\"1500\" height=\"999\"\/><\/p>\n<p>                    <\/a><\/p>\n<p>                Ce samedi soir, le Paris Saint-Germain re\u00e7oit l&rsquo;AJ Auxerre au Parc des Princes, dans le cadre de la sixi\u00e8me journ\u00e9e de Ligue 1. Avant d&rsquo;affronter l&rsquo;AJA, Luis Enrique est revenu sur le Ballon d&rsquo;Or d&rsquo;Ousmane Demb\u00e9l\u00e9 et la d\u00e9faite \u00e0 Marseille.<\/p>\n<p>Ce samedi soir, le <a href=\"https:\/\/www.linternaute.com\/sport\/foot\/psg\/\" title=\"PSG\" target=\"_blank\" rel=\"noopener\">Paris Saint-Germain<\/a> re\u00e7oit Auxerre au Parc des Princes.\u00a0Une affiche de Ligue 1\u00a0o\u00f9 les Parisiens ont perdu provisoirement la t\u00eate du championnat au d\u00e9triment de l&rsquo;Olympique de Marseille, vainqueur ce vendredi \u00e0 Strasbourg (1-2). L&rsquo;OM qui a remport\u00e9 le Classique lundi dernier au Stade V\u00e9lodrome (1-0) contre le PSG, un r\u00e9sultat toujours pas dig\u00e9r\u00e9 par <a href=\"https:\/\/www.linternaute.fr\/sport\/biographie\/2677914-luis-enrique-sexe-avant-les-matchs-ferran-torres-il-fait-sensation-sur-twitch\/\" title=\"Luis Enrique\" target=\"_blank\" rel=\"noopener\">Luis Enrique<\/a> comme il l&rsquo;a confi\u00e9 en conf\u00e9rence de presse : \u00ab\u00a0Sans \u00eatre influenc\u00e9 par les \u00e9motions, on a fait un tr\u00e8s bon match, on ne m\u00e9ritait pas de perdre. On s&rsquo;est cr\u00e9\u00e9 suffisamment d&rsquo;occasions pour marquer et faire nul au minimum. Mais il faut accepter le r\u00e9sultat\u00a0\u00bb. Mais ce soir, les Parisiens vont tenter de reprendre la premi\u00e8re place.\u00a0Pour cela, ils devront faire sans D\u00e9sir\u00e9 Dou\u00e9 (mollet), Marquinhos (ischio-jambier) et <a href=\"https:\/\/www.linternaute.fr\/sport\/biographie\/2552594-ousmane-dembele-le-francais-a-paris-d-ici-dimanche-pour-quel-montant\/\" title=\"Ousmane Demb\u00e9l\u00e9\" target=\"_blank\" rel=\"noopener\">Ousmane Demb\u00e9l\u00e9<\/a> (quadriceps).\u00a0N\u00e9anmoins, Luis Enrique pourrait compter sur les retours de Jo\u00e3o Neves et Bradley Barcola, incertains pour la r\u00e9ception de l&rsquo;AJA.\u00a0<\/p>\n<p>Enrique redoute Auxerre<\/p>\n<p>Pr\u00e9sent ce vendredi en conf\u00e9rence de presse, Luis Enrique a soulign\u00e9 la qualit\u00e9 du jeu auxerrois avant de confier redouter l&rsquo;\u00e9quipe bourguignonne : \u00ab\u00a0Si je suis honn\u00eate, \u00e0 ce moment de la comp\u00e9tition, nous regardons l&rsquo;adversaire et nous respectons beaucoup Auxerre. L&rsquo;ann\u00e9e derni\u00e8re, \u00e7a avait \u00e9t\u00e9 difficile \u00e0 domicile o\u00f9 on avait fait nul. On se regarde nous-m\u00eame pour chercher les choses que nous pouvons am\u00e9liorer. Ce sera un match avec peu d&rsquo;espace et peu de temps pour d\u00e9cider quelle est la meilleure action\u00a0\u00bb.<\/p>\n<p>Demb\u00e9l\u00e9 honor\u00e9\u00a0<\/p>\n<p>\u00c7a n&rsquo;a \u00e9chapp\u00e9 \u00e0 aucun amateur de football ! Lundi, Ousmane Demb\u00e9l\u00e9 a \u00e9t\u00e9 \u00e9lu <a href=\"https:\/\/www.linternaute.com\/sport\/foot\/8530641-direct-ballon-d-or-2025-dembele-sacre-le-clan-yamal-parle-de-prejudice-moral-le-classement\/\" title=\"Ballon d&#039;Or\" target=\"_blank\" rel=\"noopener\">Ballon d&rsquo;Or<\/a> 2025.\u00a0Une cons\u00e9cration pour l&rsquo;attaquant apr\u00e8s sa superbe saison sur le plan personnel et la saison historique r\u00e9alis\u00e9e par le PSG.\u00a0\u00c9loign\u00e9 des terrains depuis le dernier rassemblement avec l&rsquo;\u00e9quipe de France, l&rsquo;ancien joueur du FC\u00a0Barcelone a re\u00e7u les \u00e9loges de son entra\u00eeneur devant les m\u00e9dias :\u00a0\u00ab\u00a0Nous sommes aussi la meilleure \u00e9quipe du monde et nous sommes fiers de \u00e7a. Voir Ousmane Demb\u00e9l\u00e9 r\u00e9compens\u00e9, c&rsquo;est super. Ce fut un lundi presque parfait malgr\u00e9 la d\u00e9faite dans le Clasico. Voir Ousmane Demb\u00e9l\u00e9 partager le Ballon d&rsquo;or avec les supporters et \u00e7a n&rsquo;arrivait pas avant. Chapeau.\u00a0\u00c7a a \u00e9t\u00e9 une semaine diff\u00e9rente avec beaucoup de sentiments. C&rsquo;est beau de recevoir des troph\u00e9es individuels comme Ousmane, le club et moi. Le plus beau, c&rsquo;est de voir la r\u00e9alit\u00e9 apr\u00e8s le Ballon d&rsquo;or, cet amour et partager ensemble ce que nous avons obtenu l&rsquo;ann\u00e9e derni\u00e8re. En m\u00eame temps, c&rsquo;est un d\u00e9fi pour nous parce que nous voulons continuer. On est pr\u00eat pour le match de demain\u00a0\u00bb. Pour c\u00e9l\u00e9brer le Ballon d&rsquo;Or, le PSG\u00a0a fait appel au rappeur PLK qui viendra donner un concert apr\u00e8s la rencontre face \u00e0 Auxerre.\u00a0<\/p>\n<p>Affronter le PSG, \u00ab\u00a0c&rsquo;est une chance\u00a0\u00bb<\/p>\n<p>Entra\u00eeneur de l&rsquo;<a href=\"https:\/\/www.linternaute.fr\/sport\/foot\/competitions\/aj-auxerre\/\" title=\"AJ Auxerre\" target=\"_blank\" rel=\"noopener\">AJ\u00a0Auxerre<\/a>, Christophe P\u00e9lissier a lou\u00e9 les qualit\u00e9s de l&rsquo;effectif parisien en conf\u00e9rence de presse.\u00a0Pour l&rsquo;ancien technicien pass\u00e9 par Lorient notamment, la marche semble trop haute : \u00ab\u00a0C&rsquo;est une chance de pouvoir jouer la meilleure \u00e9quipe d&rsquo;Europe, voire du monde, en plus dans son stade. On ne joue pas notre championnat sur ce match, il n&rsquo;y a pas de pression particuli\u00e8re, si ce n&rsquo;est donner une bonne opposition. Mais je parle rarement de ce qui s&rsquo;est pass\u00e9 la saison derni\u00e8re. D\u00e9j\u00e0, ce ne sont pas les m\u00eames joueurs. Il n&rsquo;y a m\u00eame pas de comparaison \u00e0 faire. Le PSG est devenu champion d&rsquo;Europe. Sur l&rsquo;aspect confiance et mental, c&rsquo;est quelque chose d&rsquo;extraordinaire. Il faut se dire que c&rsquo;est un peu comme un match de Coupe de France, David contre Goliath. C&rsquo;est comme \u00e7a pour tous les autres clubs, m\u00eame en Europe. J&rsquo;ai vu le match contre l&rsquo;Atalanta (victoire 4-0\u00a0en ouverture de la Ligue des Champions), qui n&rsquo;a pas exist\u00e9\u00a0\u00bb.<\/p>\n<p>Si la mission para\u00eet compliqu\u00e9e selon Christophe P\u00e9lissier, ce n&rsquo;est\u00a0pas\u00a0impossible de cr\u00e9er un exploit au Parc des Princes : \u00ab\u00a0Face \u00e0 Paris, c&rsquo;est 20, 25% de possession pour l&rsquo;adversaire. Il va falloir l&rsquo;exploiter au mieux et \u00eatre tr\u00e8s solidaire pour bien d\u00e9fendre. On ne va pas r\u00e9volutionner notre fa\u00e7on de faire face \u00e0 eux. Mais il ne faut pas avoir peur de jouer le PSG. Ce sont des matches pour lesquels on ne risque rien car la d\u00e9faite est logique, \u00e0 nous de montrer nos qualit\u00e9s. Et on en a. Notre championnat ne se jouera pas l\u00e0 mais \u00e7a ne veut pas dire qu&rsquo;on ira l\u00e0-bas en victime. Il faut \u00eatre capable d&rsquo;essayer de leur poser des probl\u00e8mes et appuyer l\u00e0-dessus. Si on ne monte pas les curseurs \u00e0 tous les niveaux contre une \u00e9quipe comme \u00e7a, on n&rsquo;existe pas\u00a0\u00bb.<\/p>\n<p>\u00c0 quelle heure d\u00e9bute\u00a0PSG &#8211; Auxerre ?<\/p>\n<p>Le coup d&rsquo;envoi du match de la sixi\u00e8me journ\u00e9e de Ligue 1 opposant le Paris Saint-Germain \u00e0 l&rsquo;AJ\u00a0Auxerre\u00a0est pr\u00e9vu\u00a0<strong>samedi 27\u00a0septembre \u00e0 21h05<\/strong>\u00a0au Parc des Princes.\u00a0Thomas L\u00e9onard sera au sifflet.<\/p>\n<p>Sur quelle cha\u00eene regarder\u00a0PSG &#8211; Auxerre ?<\/p>\n<p>D\u00e9tenteur des droits TV du championnat\u00a0de France,\u00a0<strong>Ligue1+\u00a0<\/strong>diffusera l&rsquo;affiche\u00a0entre les Parisiens et les Auxerrois.\u00a0<\/p>\n<p>Comment suivre\u00a0PSG &#8211; Auxerre en streaming ?<\/p>\n<p>Si vous souhaitez regarder la rencontre de la sixi\u00e8me journ\u00e9e de la Ligue\u00a01 entre le PSG et l&rsquo;AJA\u00a0sur votre ordinateur, smartphone ou tablette, vous devrez souscrire \u00e0 un abonnement sur <a href=\"https:\/\/plus.ligue1.com\/home?gad_source=1&amp;gad_campaignid=22883115103&amp;gbraid=0AAAABAdBy46fHAbuhV_i-kRu-RKxFSCHj&amp;gclid=CjwKCAjw89jGBhB0EiwA2o1On7olzRA9z6Q5xdraxEHAG0qHL1KK985Flsh6O_1xxdWEuHaGstIK_RoC6CYQAvD_BwE\" target=\"_top\" rel=\"noopener\">Ligue1+<\/a>.\u00a0<\/p>\n<p>Quelles sont les compositions probables de\u00a0PSG &#8211; Auxerre ?<\/p>\n<p><strong>PSG :<\/strong>\u00a0Chevalier (G) &#8211; Hakimi, Zabarnyi, Pacho, L. Hernandez &#8211; Za\u00efre-Emery, Vitinha, Lee &#8211; Mbaye (ou Barcola), Mayulu, Kvaratskhelia.<\/p>\n<p><strong>Auxerre :<\/strong>\u00a0L\u00e9on (G) &#8211; Senaya, Siwe, Sierralta, Akpa, Mensah &#8211; Casimir (ou Namaso), Owusu, Danois, Sinayoko &#8211; Mara.\u00a0\u00a0\u00a0<\/p>\n<p>Quels sont les pronostics de\u00a0PSG &#8211; Auxerre ?<\/p>\n<ul>\n<li data-insertor-excluded=\"1\">Betclic\u00a0: PSG : 1,13\u00a0\/ Nul\u00a0: 8,00 \/ Auxerre : 14,00<\/li>\n<li data-insertor-excluded=\"1\">Bwin\u00a0: PSG\u00a0: 1,13 \/ Nul\u00a0: 7,00 \/ Auxerre\u00a0: 12,00<\/li>\n<li data-insertor-excluded=\"1\">Parions Sport en Ligne\u00a0:\u00a0PSG\u00a0: 1,12 \/ Nul\u00a0: 9,00 \/ Auxerre\u00a0: 15,00<\/li>\n<li data-insertor-excluded=\"1\">Unibet\u00a0:\u00a0PSG\u00a0: 1,11 \/ Nul\u00a0: 7,45 \/ Auxerre\u00a0: 13,00<\/li>\n<\/ul>\n","protected":false},"excerpt":{"rendered":"Ce samedi soir, le Paris Saint-Germain re\u00e7oit l&rsquo;AJ Auxerre au Parc des Princes, dans le cadre de la&hellip;\n","protected":false},"author":2,"featured_media":420829,"comment_status":"","ping_status":"","sticky":false,"template":"","format":"standard","meta":{"footnotes":""},"categories":[2814],"tags":[1111,11,4428,27809,55014,51761,1777,674,2257,51763,1011,27,66,921,884,12,2782,51767,882,93,25],"class_list":{"0":"post-420828","1":"post","2":"type-post","3":"status-publish","4":"format-standard","5":"has-post-thumbnail","7":"category-marseille","8":"tag-actu","9":"tag-actualites","10":"tag-aj-auxerre","11":"tag-ballon-d-or","12":"tag-cms-linternaute-8882411","13":"tag-controller-content","14":"tag-eu","15":"tag-europe","16":"tag-foot","17":"tag-format-papier","18":"tag-fr","19":"tag-france","20":"tag-ligue-1","21":"tag-luis-enrique","22":"tag-marseille","23":"tag-news","24":"tag-ousmane-dembele","25":"tag-parallaxeinfeed","26":"tag-provence-alpes-cote-dazur","27":"tag-psg","28":"tag-republique-francaise"},"share_on_mastodon":{"url":"https:\/\/pubeurope.com\/@fr\/115275010579106636","error":""},"_links":{"self":[{"href":"https:\/\/www.europesays.com\/fr\/wp-json\/wp\/v2\/posts\/420828","targetHints":{"allow":["GET"]}}],"collection":[{"href":"https:\/\/www.europesays.com\/fr\/wp-json\/wp\/v2\/posts"}],"about":[{"href":"https:\/\/www.europesays.com\/fr\/wp-json\/wp\/v2\/types\/post"}],"author":[{"embeddable":true,"href":"https:\/\/www.europesays.com\/fr\/wp-json\/wp\/v2\/users\/2"}],"replies":[{"embeddable":true,"href":"https:\/\/www.europesays.com\/fr\/wp-json\/wp\/v2\/comments?post=420828"}],"version-history":[{"count":0,"href":"https:\/\/www.europesays.com\/fr\/wp-json\/wp\/v2\/posts\/420828\/revisions"}],"wp:featuredmedia":[{"embeddable":true,"href":"https:\/\/www.europesays.com\/fr\/wp-json\/wp\/v2\/media\/420829"}],"wp:attachment":[{"href":"https:\/\/www.europesays.com\/fr\/wp-json\/wp\/v2\/media?parent=420828"}],"wp:term":[{"taxonomy":"category","embeddable":true,"href":"https:\/\/www.europesays.com\/fr\/wp-json\/wp\/v2\/categories?post=420828"},{"taxonomy":"post_tag","embeddable":true,"href":"https:\/\/www.europesays.com\/fr\/wp-json\/wp\/v2\/tags?post=420828"}],"curies":[{"name":"wp","href":"https:\/\/api.w.org\/{rel}","templated":true}]}}