{"id":420830,"date":"2025-09-27T07:10:11","date_gmt":"2025-09-27T07:10:11","guid":{"rendered":"https:\/\/www.europesays.com\/fr\/420830\/"},"modified":"2025-09-27T07:10:11","modified_gmt":"2025-09-27T07:10:11","slug":"vaste-coup-de-filet-contre-un-reseau-de-cigarettes-de-contrefacon","status":"publish","type":"post","link":"https:\/\/www.europesays.com\/fr\/420830\/","title":{"rendered":"vaste coup de filet contre un r\u00e9seau de cigarettes de contrefa\u00e7on"},"content":{"rendered":"<p itemprop=\"description\"><strong>Treize suspects ont \u00e9t\u00e9 interpell\u00e9s cette semaine dans le Rh\u00f4ne dans le cadre d\u2019une enqu\u00eate sur un trafic international de cigarettes contrefaites.<\/strong><\/p>\n<p>Ce lundi 22 septembre, une op\u00e9ration judiciaire s\u2019est d\u00e9roul\u00e9e dans plusieurs communes, notamment \u00e0 Saint-Priest, Bron, Dardilly et Oullins. Elle a mobilis\u00e9 les gendarmes du groupement du Rh\u00f4ne et de la brigade de recherches de Mions, des policiers et douaniers du Groupe interminist\u00e9riel de recherches (GIR) de Lyon, ainsi que l\u2019antenne du GIGN de Dijon.<\/p>\n<p>Les perquisitions ont permis la saisie de deux armes de poing, de 4 500 cartouches repr\u00e9sentant environ une tonne de cigarettes, mais aussi de 60 000 euros en liquide et de sept v\u00e9hicules.<\/p>\n<p>Tous les individus arr\u00eat\u00e9s ont \u00e9t\u00e9 plac\u00e9s en garde \u00e0 vue. Une personne a d\u00e9j\u00e0 \u00e9t\u00e9 mise en examen et plac\u00e9e en d\u00e9tention provisoire. Cinq autres devaient \u00eatre pr\u00e9sent\u00e9es ce vendredi 26 septembre devant la juge d\u2019instruction.<\/p>\n<p>Selon les enqu\u00eateurs, l\u2019agglom\u00e9ration lyonnaise demeure un point n\u00e9vralgique de la contrebande de cigarettes, utilis\u00e9e comme \u00ab\u00a0hub logistique\u00a0\u00bb pour alimenter d\u2019autres villes. Un commerce ill\u00e9gal qui alimente \u00e9galement le blanchiment d\u2019argent.<\/p>\n","protected":false},"excerpt":{"rendered":"Treize suspects ont \u00e9t\u00e9 interpell\u00e9s cette semaine dans le Rh\u00f4ne dans le cadre d\u2019une enqu\u00eate sur un trafic&hellip;\n","protected":false},"author":2,"featured_media":420831,"comment_status":"","ping_status":"","sticky":false,"template":"","format":"standard","meta":{"footnotes":""},"categories":[1889],"tags":[1111,11,2813,2190,2430,1109,251,1112,2811,1777,674,118,1011,27,1922,1110,1114,2428,2810,12,241,316,25,2812,517,800],"class_list":{"0":"post-420830","1":"post","2":"type-post","3":"status-publish","4":"format-standard","5":"has-post-thumbnail","7":"category-lyon","8":"tag-actu","9":"tag-actualites","10":"tag-article","11":"tag-asvel","12":"tag-auvergne-rhone-alpes","13":"tag-breves","14":"tag-culture","15":"tag-depeches","16":"tag-economique","17":"tag-eu","18":"tag-europe","19":"tag-faits-divers","20":"tag-fr","21":"tag-france","22":"tag-info","23":"tag-informations","24":"tag-infos","25":"tag-lyon","26":"tag-lyonmag","27":"tag-news","28":"tag-ol","29":"tag-politique","30":"tag-republique-francaise","31":"tag-sociale","32":"tag-sport","33":"tag-transports"},"share_on_mastodon":{"url":"https:\/\/pubeurope.com\/@fr\/115275014021558672","error":""},"_links":{"self":[{"href":"https:\/\/www.europesays.com\/fr\/wp-json\/wp\/v2\/posts\/420830","targetHints":{"allow":["GET"]}}],"collection":[{"href":"https:\/\/www.europesays.com\/fr\/wp-json\/wp\/v2\/posts"}],"about":[{"href":"https:\/\/www.europesays.com\/fr\/wp-json\/wp\/v2\/types\/post"}],"author":[{"embeddable":true,"href":"https:\/\/www.europesays.com\/fr\/wp-json\/wp\/v2\/users\/2"}],"replies":[{"embeddable":true,"href":"https:\/\/www.europesays.com\/fr\/wp-json\/wp\/v2\/comments?post=420830"}],"version-history":[{"count":0,"href":"https:\/\/www.europesays.com\/fr\/wp-json\/wp\/v2\/posts\/420830\/revisions"}],"wp:featuredmedia":[{"embeddable":true,"href":"https:\/\/www.europesays.com\/fr\/wp-json\/wp\/v2\/media\/420831"}],"wp:attachment":[{"href":"https:\/\/www.europesays.com\/fr\/wp-json\/wp\/v2\/media?parent=420830"}],"wp:term":[{"taxonomy":"category","embeddable":true,"href":"https:\/\/www.europesays.com\/fr\/wp-json\/wp\/v2\/categories?post=420830"},{"taxonomy":"post_tag","embeddable":true,"href":"https:\/\/www.europesays.com\/fr\/wp-json\/wp\/v2\/tags?post=420830"}],"curies":[{"name":"wp","href":"https:\/\/api.w.org\/{rel}","templated":true}]}}