{"id":420832,"date":"2025-09-27T07:11:13","date_gmt":"2025-09-27T07:11:13","guid":{"rendered":"https:\/\/www.europesays.com\/fr\/420832\/"},"modified":"2025-09-27T07:11:13","modified_gmt":"2025-09-27T07:11:13","slug":"meteo-eclaircies-en-vue-ce-samedi-a-lyon","status":"publish","type":"post","link":"https:\/\/www.europesays.com\/fr\/420832\/","title":{"rendered":"M\u00e9t\u00e9o : \u00e9claircies en vue ce samedi \u00e0 Lyon"},"content":{"rendered":"<p class=\"content\" style=\"font-size:1.2em;font-weight:700\">Une bonne partie de la journ\u00e9e s&rsquo;annonce fra\u00eeche et brumeuse dans l&rsquo;agglom\u00e9ration lyonnaise ce samedi 27 septembre. Les nuages persistants pourraient tout de m\u00eame laisser appara\u00eetre le soleil dans l&rsquo;apr\u00e8s-midi. <\/p>\n<p>Le soleil devrait \u00eatre moins timide ce samedi 27 septembre. C&rsquo;est pourtant le brouillard qui s&rsquo;impose en matin\u00e9e, avec des temp\u00e9ratures oscillant entre 10 et 13 degr\u00e9s. Aucune pluie n&rsquo;est cependant attendue dans la matin\u00e9e. <\/p>\n<p>Dans l&rsquo;apr\u00e8s-midi, une nette am\u00e9lioration est esp\u00e9r\u00e9e. Des \u00e9claircies sont attendues d\u00e8s le d\u00e9but de l&rsquo;apr\u00e8s-midi venant r\u00e9chauffer les rues lyonnaises. Le mercure grimpera jusqu&rsquo;\u00e0 18 degr\u00e9s vers 16 heures, avant de redescendre \u00e0 10 degr\u00e9s dans la nuit de samedi \u00e0 dimanche. <\/p>\n","protected":false},"excerpt":{"rendered":"Une bonne partie de la journ\u00e9e s&rsquo;annonce fra\u00eeche et brumeuse dans l&rsquo;agglom\u00e9ration lyonnaise ce samedi 27 septembre. Les&hellip;\n","protected":false},"author":2,"featured_media":36607,"comment_status":"","ping_status":"","sticky":false,"template":"","format":"standard","meta":{"footnotes":""},"categories":[1889],"tags":[1111,11,2430,1777,674,1011,27,2428,2487,55015,12,25,2429],"class_list":{"0":"post-420832","1":"post","2":"type-post","3":"status-publish","4":"format-standard","5":"has-post-thumbnail","7":"category-lyon","8":"tag-actu","9":"tag-actualites","10":"tag-auvergne-rhone-alpes","11":"tag-eu","12":"tag-europe","13":"tag-fr","14":"tag-france","15":"tag-lyon","16":"tag-meteo","17":"tag-meteo-automne-lyon","18":"tag-news","19":"tag-republique-francaise","20":"tag-rhone"},"share_on_mastodon":{"url":"https:\/\/pubeurope.com\/@fr\/115275017958606645","error":""},"_links":{"self":[{"href":"https:\/\/www.europesays.com\/fr\/wp-json\/wp\/v2\/posts\/420832","targetHints":{"allow":["GET"]}}],"collection":[{"href":"https:\/\/www.europesays.com\/fr\/wp-json\/wp\/v2\/posts"}],"about":[{"href":"https:\/\/www.europesays.com\/fr\/wp-json\/wp\/v2\/types\/post"}],"author":[{"embeddable":true,"href":"https:\/\/www.europesays.com\/fr\/wp-json\/wp\/v2\/users\/2"}],"replies":[{"embeddable":true,"href":"https:\/\/www.europesays.com\/fr\/wp-json\/wp\/v2\/comments?post=420832"}],"version-history":[{"count":0,"href":"https:\/\/www.europesays.com\/fr\/wp-json\/wp\/v2\/posts\/420832\/revisions"}],"wp:featuredmedia":[{"embeddable":true,"href":"https:\/\/www.europesays.com\/fr\/wp-json\/wp\/v2\/media\/36607"}],"wp:attachment":[{"href":"https:\/\/www.europesays.com\/fr\/wp-json\/wp\/v2\/media?parent=420832"}],"wp:term":[{"taxonomy":"category","embeddable":true,"href":"https:\/\/www.europesays.com\/fr\/wp-json\/wp\/v2\/categories?post=420832"},{"taxonomy":"post_tag","embeddable":true,"href":"https:\/\/www.europesays.com\/fr\/wp-json\/wp\/v2\/tags?post=420832"}],"curies":[{"name":"wp","href":"https:\/\/api.w.org\/{rel}","templated":true}]}}