{"id":420833,"date":"2025-09-27T07:13:10","date_gmt":"2025-09-27T07:13:10","guid":{"rendered":"https:\/\/www.europesays.com\/fr\/420833\/"},"modified":"2025-09-27T07:13:10","modified_gmt":"2025-09-27T07:13:10","slug":"dans-un-marche-de-limmobilier-tres-tendu-en-ile-de-france-ces-chiffres-de-linsee-sont-une-bonne-nouvelle","status":"publish","type":"post","link":"https:\/\/www.europesays.com\/fr\/420833\/","title":{"rendered":"Dans un march\u00e9 de l\u2019immobilier tr\u00e8s tendu en \u00cele-de-France, ces chiffres de l&rsquo;Insee sont une bonne nouvelle"},"content":{"rendered":"<p>            Par<br \/>\n        <strong><br \/>\n            <a href=\"https:\/\/actu.fr\/auteur\/thomas-martin\" title=\"Consulter tous les articles de Thomas Martin\" target=\"_blank\" rel=\"noopener\">Thomas Martin<\/a><br \/>\n        <\/strong><\/p>\n<p>        Publi\u00e9 le<\/p>\n<p>            27 sept. 2025 \u00e0 8h16        <\/p>\n<p>Le <a href=\"https:\/\/actu.fr\/tag\/logement\" target=\"_blank\" rel=\"noopener\">logement<\/a> est une probl\u00e9matique centrale \u00e0 Paris et dans le reste de l\u2019\u00cele-de-France avec de nombreuses personnes qui peinent \u00e0 trouver un toit dans la capitale mais aussi en banlieue. Dans ce contexte compliqu\u00e9, les derniers chiffres de l\u2019Insee faisant \u00e9tat d\u2019un rebond de l\u2019offre de logements neufs sur le march\u00e9 <a href=\"https:\/\/actu.fr\/tag\/immobilier\" target=\"_blank\" rel=\"noopener\">immobilier<\/a> est donc une bonne nouvelle.\u00a0<\/p>\n<p>Le nombre de logements disponibles en \u00cele-de-France repart \u00e0 la hausse<\/p>\n<p class=\" wall-content\">Au 2e trimestre 2025, le nombre de logements autoris\u00e9s en \u00cele-de-France progresse et se situe \u00e0 son niveau le plus haut depuis le premier trimestre 2023. \u00ab\u00a0Ce trimestre, 16 100 logements ont \u00e9t\u00e9 autoris\u00e9s, soit une hausse de 20,3 % par rapport au premier trimestre 2025, apr\u00e8s -9,6 % le trimestre pr\u00e9c\u00e9dent\u00a0\u00bb, indique l\u2019Insee dans une r\u00e9cente <a href=\"https:\/\/www.insee.fr\/fr\/statistiques\/8639726\" target=\"_blank\" rel=\"noopener\">note de conjoncture<\/a>.<\/p>\n<p class=\" wall-content\">Ce regain concerne aussi bien les logements collectifs et en r\u00e9sidence (+19,9 %) que les maisons individuelles (+23,4 %) : \u00ab\u00a0pour la premi\u00e8re fois depuis le quatri\u00e8me trimestre 2023, le nombre de logements autoris\u00e9s au deuxi\u00e8me trimestre augmente dans la r\u00e9gion sur un an (+47,5 %)\u00a0\u00bb.<\/p>\n<p class=\" wall-content\">Reste que la concr\u00e9tisation est \u00e0 venir puisque pour l\u2019instant, les mises en chantier progressent encore l\u00e9g\u00e8rement (+1,1 %) dans la r\u00e9gion apr\u00e8s leur augmentation de 11,5 % au trimestre pr\u00e9c\u00e9dent. Sur un an, le nombre de logements commenc\u00e9s est tout juste stable (-0,1 %).\u00a0<\/p>\n<p class=\" wall-content\">La commercialisation donne aussi des signes positifs. Au 2e trimestre 2025, avec 8 300 logements neufs mis en vente, le nombre de logements neufs commercialis\u00e9s a presque doubl\u00e9 dans la r\u00e9gion par rapport au 2e trimestre 2024. \u00ab\u00a0La hausse est bien plus prononc\u00e9e qu\u2019en France m\u00e9tropolitaine (+19,0 %)\u00a0\u00bb, note l\u2019Insee.<\/p>\n<p class=\" wall-content\">L\u2019augmentation concerne plus particuli\u00e8rement le collectif : la commercialisation d\u2019appartements neufs augmente de 95,2 % sur un an (+22,4 % en France m\u00e9tropolitaine). Les mises en vente de maisons individuelles progressent \u00e9galement \u00e0 un rythme soutenu dans la r\u00e9gion (+53,2 %) alors qu\u2019elles diminuent de 18,6 % au niveau national.<\/p>\n<p>Votre r\u00e9gion, votre actu !<\/p>\n<p>Recevez chaque jour les infos qui comptent pour vous.<\/p>\n<p>\t<a href=\"https:\/\/actu.fr\/newsletter\" class=\"ac-btn ac-btn--corner ac-btn--medium ac-btn--blue800\" target=\"_blank\" rel=\"noopener\">S&rsquo;incrire<\/a><\/p>\n<p class=\" wall-content\">\u00ab\u00a0Alors qu\u2019il reculait r\u00e9guli\u00e8rement depuis le quatri\u00e8me trimestre 2023, l\u2019encours de logements disponibles augmente \u00e0 nouveau \u00e0 la fin du trimestre pour atteindre 31 700 unit\u00e9s (+4,2 % par rapport au deuxi\u00e8me trimestre 2024 et -4,8 % en France m\u00e9tropolitaine)\u00a0\u00bb, appuie l\u2019Insee.\u00a0<\/p>\n<p class=\" wall-content\">Personnalisez votre actualit\u00e9 en ajoutant vos villes et m\u00e9dias en favori avec <a href=\"https:\/\/moncompte.actu.fr\" title=\"D\u00e9couvez Mon Actu\" rel=\"nofollow noopener\" data-trk=\"{&quot;cta&quot;:{&quot;action&quot;:&quot;https:\\\/\\\/moncompte.actu.fr&quot;,&quot;category&quot;:&quot;mon compte&quot;,&quot;from&quot;:&quot;article footer&quot;,&quot;name&quot;:&quot;Mon actu&quot;,&quot;type&quot;:&quot;cta&quot;}}\" target=\"_blank\">Mon Actu<\/a>.<\/p>\n","protected":false},"excerpt":{"rendered":"Par Thomas Martin Publi\u00e9 le 27 sept. 2025 \u00e0 8h16 Le logement est une probl\u00e9matique centrale \u00e0 Paris&hellip;\n","protected":false},"author":2,"featured_media":420834,"comment_status":"","ping_status":"","sticky":false,"template":"","format":"standard","meta":{"footnotes":""},"categories":[1592],"tags":[1111,11,1771,33,1777,674,1011,27,662,1116,1908,12,626,25],"class_list":{"0":"post-420833","1":"post","2":"type-post","3":"status-publish","4":"format-standard","5":"has-post-thumbnail","7":"category-ile-de-france","8":"tag-actu","9":"tag-actualites","10":"tag-btp","11":"tag-economie","12":"tag-eu","13":"tag-europe","14":"tag-fr","15":"tag-france","16":"tag-ile-de-france","17":"tag-immobilier","18":"tag-logement","19":"tag-news","20":"tag-paris","21":"tag-republique-francaise"},"share_on_mastodon":{"url":"https:\/\/pubeurope.com\/@fr\/115275025936459226","error":""},"_links":{"self":[{"href":"https:\/\/www.europesays.com\/fr\/wp-json\/wp\/v2\/posts\/420833","targetHints":{"allow":["GET"]}}],"collection":[{"href":"https:\/\/www.europesays.com\/fr\/wp-json\/wp\/v2\/posts"}],"about":[{"href":"https:\/\/www.europesays.com\/fr\/wp-json\/wp\/v2\/types\/post"}],"author":[{"embeddable":true,"href":"https:\/\/www.europesays.com\/fr\/wp-json\/wp\/v2\/users\/2"}],"replies":[{"embeddable":true,"href":"https:\/\/www.europesays.com\/fr\/wp-json\/wp\/v2\/comments?post=420833"}],"version-history":[{"count":0,"href":"https:\/\/www.europesays.com\/fr\/wp-json\/wp\/v2\/posts\/420833\/revisions"}],"wp:featuredmedia":[{"embeddable":true,"href":"https:\/\/www.europesays.com\/fr\/wp-json\/wp\/v2\/media\/420834"}],"wp:attachment":[{"href":"https:\/\/www.europesays.com\/fr\/wp-json\/wp\/v2\/media?parent=420833"}],"wp:term":[{"taxonomy":"category","embeddable":true,"href":"https:\/\/www.europesays.com\/fr\/wp-json\/wp\/v2\/categories?post=420833"},{"taxonomy":"post_tag","embeddable":true,"href":"https:\/\/www.europesays.com\/fr\/wp-json\/wp\/v2\/tags?post=420833"}],"curies":[{"name":"wp","href":"https:\/\/api.w.org\/{rel}","templated":true}]}}