{"id":420835,"date":"2025-09-27T07:14:11","date_gmt":"2025-09-27T07:14:11","guid":{"rendered":"https:\/\/www.europesays.com\/fr\/420835\/"},"modified":"2025-09-27T07:14:11","modified_gmt":"2025-09-27T07:14:11","slug":"lune-des-victimes-raconte-son-pire-cauchemar","status":"publish","type":"post","link":"https:\/\/www.europesays.com\/fr\/420835\/","title":{"rendered":"l&rsquo;une des victimes raconte son pire cauchemar"},"content":{"rendered":"<p>    \u00c9crit par<\/p>\n<p>      <a class=\"authors__author__link\" href=\"https:\/\/france3-regions.franceinfo.fr\/redaction\/lena-thobie-gorce\" data-name=\"L\u00e9na Thobie-Gorce\" data-region=\"https:\/\/france3-regions.franceinfo.fr\/normandie\/\" rel=\"nofollow noopener\" target=\"_blank\"><br \/>\n                L\u00e9na Thobie-Gorce<br \/>\n              <\/a>    <\/p>\n<p>      Publi\u00e9 le27\/09\/2025 \u00e0 08h00<\/p>\n<ul class=\"article-share--alt__lst\">\n<li class=\"article-share--alt__lst__itm\">\n<p>      France3 R\u00e9gions sur Facebook (Nouvelle fen\u00eatre)<\/p>\n<\/li>\n<li class=\"article-share--alt__lst__itm\">\n<p>      France3 R\u00e9gions sur WhatsApp (Nouvelle fen\u00eatre)<\/p>\n<\/li>\n<li class=\"article-share--alt__lst__itm\">\n<p>              copier le lien<\/p>\n<\/li>\n<\/ul>\n<p class=\"article__intro\">D\u00e9but septembre, un m\u00e9decin anesth\u00e9siste exer\u00e7ant \u00e0 \u00c9vreux et \u00e0 Mont-Saint-Aignan a \u00e9t\u00e9 radi\u00e9 par l&rsquo;Ordre des m\u00e9decins. La patiente \u00e0 l&rsquo;origine du signalement et de la plainte t\u00e9moigne sur ce qu&rsquo;elle a v\u00e9cu.<\/p>\n<p>\n      La Quotidienne Soci\u00e9t\u00e9\n    <\/p>\n<p>\n      De la vie quotidienne aux grands enjeux, recevez tous les jours les sujets qui font la soci\u00e9t\u00e9 locale, comme la justice, l\u2019\u00e9ducation, la sant\u00e9 et la famille.\n    <\/p>\n<p>    France T\u00e9l\u00e9visions utilise votre adresse e-mail afin de vous envoyer la newsletter \u00ab\u00a0La Quotidienne Soci\u00e9t\u00e9\u00a0\u00bb. Vous pouvez vous d\u00e9sinscrire \u00e0 tout moment via le lien en bas de cette newsletter. <a target=\"_blank\" href=\"https:\/\/www.francetelevisions.fr\/groupe\/confidentialite\/politique-de-confidentialite\/politique-de-confidentialite-de-france-televisions-6503\" rel=\"nofollow noopener\">Notre politique de confidentialit\u00e9<\/a><\/p>\n<p>D\u00e9but septembre, nous apprenions <a href=\"https:\/\/france3-regions.franceinfo.fr\/normandie\/eure\/evreux\/il-a-profite-de-son-statut-un-anesthesiste-radie-de-l-ordre-des-medecins-il-sera-juge-prochainement-pour-viols-3221303.html\" target=\"_blank\" rel=\"noopener nofollow\" data-tooltip-url=\"https:\/\/france3-regions.franceinfo.fr\/normandie\/eure\/evreux\/il-a-profite-de-son-statut-un-anesthesiste-radie-de-l-ordre-des-medecins-il-sera-juge-prochainement-pour-viols-3221303.html\">la d\u00e9cision de l&rsquo;Ordre des m\u00e9decins de Normandie de radier Mohamad Mansour, anesth\u00e9siste-r\u00e9animateur<\/a> de 62 ans qui exer\u00e7ait \u00e0 l&rsquo;h\u00f4pital priv\u00e9 Pasteur \u00e0 Evreux et au Centre hospitalier du Belv\u00e9d\u00e8re \u00e0 Mont-Saint-Aignan (Seine-Maritime).<\/p>\n<p>Dans sa d\u00e9cision, l&rsquo;Ordre des m\u00e9decins pr\u00e9cise que cet anesth\u00e9siste \u00ab\u00a0s&rsquo;est livr\u00e9 le 18 juin 2020 \u00e0 des gestes gyn\u00e9cologiques et proctologiques qui portent atteinte \u00e0 l&rsquo;int\u00e9grit\u00e9 physique et \u00e0 la dignit\u00e9 de plusieurs patientes\u00a0\u00bb.<\/p>\n<p>Cette sanction, la plus s\u00e9v\u00e8re pr\u00e9vue par le code de d\u00e9ontologie m\u00e9dicale est un soulagement pour Emma*. Elle est \u00e0 l&rsquo;origine du signalement et d&rsquo;une plainte pour viol \u00e0 l&rsquo;encontre du praticien.<\/p>\n<p>Emma a 35 ans aux moments des faits. Elle a rendez-vous le 18 juin 2020 \u00e0 l&rsquo;h\u00f4pital Pasteur \u00e0 \u00c9vreux en vue d&rsquo;une op\u00e9ration. Apr\u00e8s des questions d&rsquo;ordre g\u00e9n\u00e9ral, le m\u00e9decin aurait d\u00e9vi\u00e9 vers des questions beaucoup plus personnelles. Puis, pr\u00e9textant un risque d&rsquo;\u0153d\u00e8me vulvaire et une phl\u00e9bite, il lui aurait demand\u00e9 de soulever sa jupe.<\/p>\n<blockquote class=\"ftvi_content_quote\">\n<p class=\"ftvi_citation_quote\">Il commence \u00e0 me toucher \u00e0 l&rsquo;int\u00e9rieur des cuisses. Puis, il m&rsquo;a rentr\u00e9 des doigts dans le vagin, il n&rsquo;avait pas de gants, il regardait au plafond comme s&rsquo;il \u00e9tait vraiment en train de m&rsquo;examiner.<\/p>\n<p>Emma, victime de viol par un anesth\u00e9siste-r\u00e9animateur<\/p><\/blockquote>\n<p>\u00ab\u00a0Ensuite, il m&rsquo;a parl\u00e9 d&rsquo;un risque d&rsquo;h\u00e9morro\u00efdes, il m&rsquo;a mis sur le c\u00f4t\u00e9, m&rsquo;a \u00e9cart\u00e9 les fesses et m&rsquo;a mis des doigts. Toujours sans gants\u00a0\u00bb, raconte-t-elle.<\/p>\n<p>La consultation aurait dur\u00e9 une vingtaine de minutes. Emma sort de l&rsquo;h\u00f4pital et se sent tout de suite tr\u00e8s mal. Elle a le sentiment que quelque chose d&rsquo;anormal s&rsquo;est produit. Elle en parle \u00e0 sa m\u00e8re, des amies proches, dont un m\u00e9decin puis son gyn\u00e9cologue. Tous lui confirment qu&rsquo;elle doit porter plainte.<\/p>\n<p>Quelques heures plus tard, Emma se retrouve au commissariat pour d\u00e9poser plainte puis \u00e0 l&rsquo;h\u00f4pital pour des pr\u00e9l\u00e8vements. Ses sous-v\u00eatements sont \u00e9galement mis sous scell\u00e9s.<\/p>\n<blockquote class=\"ftvi_content_quote\">\n<p class=\"ftvi_citation_quote\">Je suis dans la chambre d&rsquo;h\u00f4pital, il y a quatre policiers autour de moi. On me dit, vous avez subi un viol par surprise et l\u00e0 c&rsquo;est le choc en fait, tout s&rsquo;effondre. \u00c7a a \u00e9t\u00e9 extr\u00eamement brutal. Ma vie a bascul\u00e9 du jour au lendemain. C&rsquo;\u00e9tait un cauchemar.<\/p>\n<p>Emma, victime de viol par un anesth\u00e9siste-r\u00e9animateur<\/p><\/blockquote>\n<p>Emma, cheffe d&rsquo;entreprise et m\u00e8re de deux enfants, d\u00e9crit une grosse d\u00e9pression pendant les deux ann\u00e9es qui suivent : \u00ab\u00a0Je n&rsquo;avais plus la force de rien, plus la force pour mes rendez-vous pro. J&rsquo;avais peur de le croiser en permanence, peur qu&rsquo;il se venge parce que je l&rsquo;avais accus\u00e9.\u00a0\u00bb<\/p>\n<p>\u00ab\u00a0J&rsquo;ai continu\u00e9 \u00e0 vivre pour mes enfants, il fallait que je reste forte. Je pense \u00e0 toutes les femmes qui ne sont pas bien entour\u00e9es par leurs amis ou leur famille, moi \u00e7a a \u00e9t\u00e9 le cas heureusement. (&#8230;) D\u00e9sormais, je ne vois plus que trois m\u00e9decins ou bien, je me fais accompagner\u00a0\u00bb, poursuit-elle.<\/p>\n<p>Apr\u00e8s son d\u00e9p\u00f4t de plainte, \u00ab\u00a0tout \u00e9tait extr\u00eamement long\u00a0\u00bb, d\u00e9plore Emma. L&rsquo;anesth\u00e9siste-r\u00e9animateur est plac\u00e9 sous contr\u00f4le judiciaire avec interdiction d&rsquo;exercer seul, seulement deux ans plus tard, en 2022. En mai 2025, il est finalement suspendu par le centre hospitalier de Mont-Saint-Aignan puis un mois plus tard, sur tout le territoire national par l&rsquo;ARS Normandie.<\/p>\n<p>Durant l&rsquo;enqu\u00eate judiciaire, la juge d&rsquo;instruction a saisi l&rsquo;agenda du praticien et a d\u00e9cid\u00e9 d&rsquo;interroger chaque patiente de ce m\u00eame jour. C&rsquo;est l\u00e0 que les enqu\u00eateurs ont trouv\u00e9 deux autres potentielles victimes en plus d&rsquo;Emma : une pour viol et une pour agression sexuelle.<\/p>\n<blockquote class=\"ftvi_content_quote\">\n<p class=\"ftvi_citation_quote\">Chaque victime s&rsquo;est laiss\u00e9e faire parce qu&rsquo;on n&rsquo;ose pas remettre en cause le statut du m\u00e9decin. On est cens\u00e9 lui faire confiance. Elles ont dout\u00e9 et se sont dit : est-ce que je n&rsquo;ai pas r\u00eav\u00e9 ? Et puis, il y a ce sentiment de honte quand on est victimes.<\/p>\n<p>Me Fran\u00e7ois Delacroix, avocat d&rsquo;Emma<\/p><\/blockquote>\n<p>Le 28 ao\u00fbt dernier, lors de l&rsquo;audience devant la chambre disciplinaire de l&rsquo;Ordre des m\u00e9decins de Normandie, les deux victimes ont \u00e9t\u00e9 confront\u00e9es au m\u00e9decin. \u00ab\u00a0L&rsquo;une des victimes est tomb\u00e9e dans les pommes en le voyant, \u00e7a lui a fait un choc\u00a0\u00bb, raconte \u00e9galement Me Fran\u00e7ois Delacroix, avocat d&rsquo;Emma.<\/p>\n<p>De son c\u00f4t\u00e9, l&rsquo;anesth\u00e9siste a contest\u00e9 les faits assurant que \u00ab\u00a0dans le contexte exceptionnel de la pand\u00e9mie de Covid-19\u00a0\u00bb, et lors de \u00ab\u00a0sa premi\u00e8re journ\u00e9e de consultations post-confinement\u00a0\u00bb il a assur\u00e9 vouloir r\u00e9aliser \u00ab\u00a0des examens cliniques plus approfondis\u00a0\u00bb.<\/p>\n<p>Le m\u00e9decin sexag\u00e9naire sera \u00ab\u00a0en principe jug\u00e9 en mai prochain par la cour criminelle d\u00e9partementale de l\u2019Eure\u00a0\u00bb, nous a pr\u00e9cis\u00e9 le procureur de la R\u00e9publique d&rsquo;\u00c9vreux, R\u00e9mi Coutin.<\/p>\n<p>Pour l&rsquo;instant, seules trois victimes ont \u00e9t\u00e9 identifi\u00e9es, mais il pourrait y en avoir beaucoup plus selon Emma et son avocat. \u00ab\u00a0Ils ont fait l&rsquo;enqu\u00eate uniquement sur une journ\u00e9e. Le m\u00e9decin \u00e9tait aussi sur un autre h\u00f4pital, c&rsquo;est fort probable que ce soit arriv\u00e9 \u00e0 d&rsquo;autres femmes. J&rsquo;esp\u00e8re d&rsquo;ailleurs que d&rsquo;autres victimes se manifesteront\u00a0\u00bb, estime Me Fran\u00e7ois Delacroix, avocat d&rsquo;Emma.<\/p>\n<blockquote class=\"ftvi_content_quote\">\n<p class=\"ftvi_citation_quote\">Je veux qu&rsquo;il ressorte avec les menottes et qu&rsquo;il aille en prison.<\/p>\n<p>Emma, victime de viol par un anesth\u00e9siste-r\u00e9animateur<\/p><\/blockquote>\n<p>Emma a aussi beaucoup d&rsquo;attente pour ce proc\u00e8s. Elle constate une lib\u00e9ration de la parole sur le sujet et insiste : \u00ab\u00a0si des femmes ont des doutes sur un m\u00e9decin, si elles se sont senties mal apr\u00e8s un examen, il faut qu&rsquo;elles contactent directement l&rsquo;ARS. Ce sont eux les plus rapides et j&rsquo;ai eu la chance d&rsquo;avoir une tr\u00e8s bonne prise en charge.\u00a0\u00bb<\/p>\n<p>*Le pr\u00e9nom a \u00e9t\u00e9 modifi\u00e9<\/p>\n","protected":false},"excerpt":{"rendered":"\u00c9crit par L\u00e9na Thobie-Gorce Publi\u00e9 le27\/09\/2025 \u00e0 08h00 France3 R\u00e9gions sur Facebook (Nouvelle fen\u00eatre) France3 R\u00e9gions sur WhatsApp&hellip;\n","protected":false},"author":2,"featured_media":420836,"comment_status":"","ping_status":"","sticky":false,"template":"","format":"standard","meta":{"footnotes":""},"categories":[1888],"tags":[1111,1928,11,1927,1777,674,1011,27,12,1926,626,1925,25],"class_list":{"0":"post-420835","1":"post","2":"type-post","3":"status-publish","4":"format-standard","5":"has-post-thumbnail","7":"category-paris","8":"tag-actu","9":"tag-actu-paris","10":"tag-actualites","11":"tag-actualites-paris","12":"tag-eu","13":"tag-europe","14":"tag-fr","15":"tag-france","16":"tag-news","17":"tag-news-paris","18":"tag-paris","19":"tag-paris-news","20":"tag-republique-francaise"},"share_on_mastodon":{"url":"https:\/\/pubeurope.com\/@fr\/115275029738804133","error":""},"_links":{"self":[{"href":"https:\/\/www.europesays.com\/fr\/wp-json\/wp\/v2\/posts\/420835","targetHints":{"allow":["GET"]}}],"collection":[{"href":"https:\/\/www.europesays.com\/fr\/wp-json\/wp\/v2\/posts"}],"about":[{"href":"https:\/\/www.europesays.com\/fr\/wp-json\/wp\/v2\/types\/post"}],"author":[{"embeddable":true,"href":"https:\/\/www.europesays.com\/fr\/wp-json\/wp\/v2\/users\/2"}],"replies":[{"embeddable":true,"href":"https:\/\/www.europesays.com\/fr\/wp-json\/wp\/v2\/comments?post=420835"}],"version-history":[{"count":0,"href":"https:\/\/www.europesays.com\/fr\/wp-json\/wp\/v2\/posts\/420835\/revisions"}],"wp:featuredmedia":[{"embeddable":true,"href":"https:\/\/www.europesays.com\/fr\/wp-json\/wp\/v2\/media\/420836"}],"wp:attachment":[{"href":"https:\/\/www.europesays.com\/fr\/wp-json\/wp\/v2\/media?parent=420835"}],"wp:term":[{"taxonomy":"category","embeddable":true,"href":"https:\/\/www.europesays.com\/fr\/wp-json\/wp\/v2\/categories?post=420835"},{"taxonomy":"post_tag","embeddable":true,"href":"https:\/\/www.europesays.com\/fr\/wp-json\/wp\/v2\/tags?post=420835"}],"curies":[{"name":"wp","href":"https:\/\/api.w.org\/{rel}","templated":true}]}}