{"id":420843,"date":"2025-09-27T07:18:12","date_gmt":"2025-09-27T07:18:12","guid":{"rendered":"https:\/\/www.europesays.com\/fr\/420843\/"},"modified":"2025-09-27T07:18:12","modified_gmt":"2025-09-27T07:18:12","slug":"sport-le-comite-international-paralympique-leve-la-suspension-partielle-de-la-russie-et-du-belarus","status":"publish","type":"post","link":"https:\/\/www.europesays.com\/fr\/420843\/","title":{"rendered":"Sport. Le Comit\u00e9 international paralympique l\u00e8ve la suspension partielle de la Russie et du B\u00e9larus"},"content":{"rendered":"<p>Le Comit\u00e9 international paralympique (IPC) a d\u00e9cid\u00e9 de lever la suspension partielle de la Russie et du B\u00e9larus, en vigueur depuis l&rsquo;invasion en Ukraine, et de r\u00e9int\u00e9grer les deux comit\u00e9s nationaux comme membres de plein droit de l&rsquo;organisation, lors de son assembl\u00e9e g\u00e9n\u00e9rale samedi \u00e0 S\u00e9oul.<\/p>\n<p>Cette d\u00e9cision rouvre la voie \u00e0 la pr\u00e9sence de para-athl\u00e8tes russes et b\u00e9larusses sous leur drapeau respectif aux Jeux de Milan-Cortina (6-15 mars). Mais les six sports au programme d\u00e9pendent de f\u00e9d\u00e9rations internationales qui ont jusqu&rsquo;\u00e0 pr\u00e9sent maintenu la suspension des sportifs russes et b\u00e9larusses.<\/p>\n<p>Pour \u00eatre \u00e9ligible aux Paralympiques, chaque sportif doit avoir une licence active pour la saison 2025\/26 de sa f\u00e9d\u00e9ration internationale, en l&rsquo;occurrence la FIS (para ski alpin, para ski de fond, para snowboard), l&rsquo;IBU (para biathlon), le WPIH (para hockey sur glace) qui les excluent pour le moment du processus de qualification. World Curling (curling fauteuil) attribue un quota \u00e0 un pays et non \u00e0 un athl\u00e8te, et ses qualifications sont d\u00e9j\u00e0 termin\u00e9es. \u00ab L&rsquo;IPC travaillera avec les deux membres concern\u00e9s pour mettre en place des dispositions pratiques \u00e0 cet effet d\u00e8s que raisonnablement possible \u00bb, a pr\u00e9cis\u00e9 l&rsquo;instance.<\/p>\n<p>Scrutin sans appel<\/p>\n<p>L&rsquo;assembl\u00e9e g\u00e9n\u00e9rale de l&rsquo;IPC s&rsquo;est d&rsquo;abord prononc\u00e9e contre la suspension totale des deux comit\u00e9s nationaux (115 contre, 55 pour, 11 absentions concernant la Russie, 119 contre, 48 pour et 9 absentions concernant le B\u00e9larus). Elle a ensuite d\u00e9cid\u00e9 de lever la suspension partielle de la Russie (91 pour, 77 contre, 8 abstentions) et du B\u00e9larus (103 pour, 63 contre, 10 abstentions).<\/p>\n<p>La suspension partielle avait \u00e9t\u00e9 adopt\u00e9e \u00e0 l&rsquo;automne 2023 par l&rsquo;assembl\u00e9e g\u00e9n\u00e9rale de l&rsquo;IPC, autorisant sous drapeau neutre et strictes conditions de neutralit\u00e9, les sportifs russes et b\u00e9larusses aux Jeux paralympiques de Paris en 2024. Avant cela, l&rsquo;IPC avait exclu les comit\u00e9s paralympiques russe et b\u00e9larusse des Jeux de P\u00e9kin en 2022, le 3 mars, \u00e0 la veille de la c\u00e9r\u00e9monie d&rsquo;ouverture le 4 mars, qui s&rsquo;\u00e9tait d\u00e9roul\u00e9e quelques jours seulement apr\u00e8s le d\u00e9but de l&rsquo;invasion de l&rsquo;Ukraine par la Russie le 24 f\u00e9vrier.<\/p>\n<p>Cette d\u00e9cision intervient huit jours apr\u00e8s celle du Comit\u00e9 international olympique (CIO) d&rsquo;autoriser, sous drapeau neutre et strictes conditions, la pr\u00e9sence de sportifs russes et b\u00e9larusses aux Jeux olympiques de Milan-Cortina, comme lors de Paris-2024.<\/p>\n","protected":false},"excerpt":{"rendered":"Le Comit\u00e9 international paralympique (IPC) a d\u00e9cid\u00e9 de lever la suspension partielle de la Russie et du B\u00e9larus,&hellip;\n","protected":false},"author":2,"featured_media":420844,"comment_status":"","ping_status":"","sticky":false,"template":"","format":"standard","meta":{"footnotes":""},"categories":[1591],"tags":[11,3206,1887,107,329,28367,12,1885,1886,132,517,1947],"class_list":{"0":"post-420843","1":"post","2":"type-post","3":"status-publish","4":"format-standard","5":"has-post-thumbnail","7":"category-russie","8":"tag-actualites","9":"tag-defense-guerre-conflit","10":"tag-federation-de-russie","11":"tag-fil-info","12":"tag-france-monde","13":"tag-jeux-paralympiques","14":"tag-news","15":"tag-russia","16":"tag-russian-federation","17":"tag-russie","18":"tag-sport","19":"tag-sport-national"},"share_on_mastodon":{"url":"https:\/\/pubeurope.com\/@fr\/115275045490947233","error":""},"_links":{"self":[{"href":"https:\/\/www.europesays.com\/fr\/wp-json\/wp\/v2\/posts\/420843","targetHints":{"allow":["GET"]}}],"collection":[{"href":"https:\/\/www.europesays.com\/fr\/wp-json\/wp\/v2\/posts"}],"about":[{"href":"https:\/\/www.europesays.com\/fr\/wp-json\/wp\/v2\/types\/post"}],"author":[{"embeddable":true,"href":"https:\/\/www.europesays.com\/fr\/wp-json\/wp\/v2\/users\/2"}],"replies":[{"embeddable":true,"href":"https:\/\/www.europesays.com\/fr\/wp-json\/wp\/v2\/comments?post=420843"}],"version-history":[{"count":0,"href":"https:\/\/www.europesays.com\/fr\/wp-json\/wp\/v2\/posts\/420843\/revisions"}],"wp:featuredmedia":[{"embeddable":true,"href":"https:\/\/www.europesays.com\/fr\/wp-json\/wp\/v2\/media\/420844"}],"wp:attachment":[{"href":"https:\/\/www.europesays.com\/fr\/wp-json\/wp\/v2\/media?parent=420843"}],"wp:term":[{"taxonomy":"category","embeddable":true,"href":"https:\/\/www.europesays.com\/fr\/wp-json\/wp\/v2\/categories?post=420843"},{"taxonomy":"post_tag","embeddable":true,"href":"https:\/\/www.europesays.com\/fr\/wp-json\/wp\/v2\/tags?post=420843"}],"curies":[{"name":"wp","href":"https:\/\/api.w.org\/{rel}","templated":true}]}}