{"id":420849,"date":"2025-09-27T07:21:16","date_gmt":"2025-09-27T07:21:16","guid":{"rendered":"https:\/\/www.europesays.com\/fr\/420849\/"},"modified":"2025-09-27T07:21:16","modified_gmt":"2025-09-27T07:21:16","slug":"liran-rappelle-ses-ambassadeurs-en-france-en-allemagne-et-au-royaume-uni-avant-le-retablissement-des-sanctions","status":"publish","type":"post","link":"https:\/\/www.europesays.com\/fr\/420849\/","title":{"rendered":"l\u2019Iran rappelle ses ambassadeurs en France, en Allemagne et au Royaume-Uni avant le r\u00e9tablissement des sanctions"},"content":{"rendered":"<p>Les <a target=\"_self\" href=\"https:\/\/www.lanouvellerepublique.fr\/a-la-une\/nucleaire-iranien-teheran-et-bruxelles-reprendront-leurs-discussions-vendredi-1753078294\" rel=\"noopener\">sanctions de l\u2019Onu contre l\u2019Iran<\/a> seront formellement r\u00e9tablies samedi 27\u00a0septembre 2025 au soir apr\u00e8s l\u2019\u00e9chec des n\u00e9gociations entre les Europ\u00e9ens et T\u00e9h\u00e9ran. <a target=\"_self\" href=\"https:\/\/www.lanouvellerepublique.fr\/a-la-une\/nucleaire-iranien-paris-berlin-et-londres-se-disent-prets-a-reimposer-les-sanctions-contre-l-iran-1755069306\" rel=\"noopener\">Le Royaume-Uni, la France et l\u2019Allemagne, groupe de pays appel\u00e9s E3, ont d\u00e9clench\u00e9 fin ao\u00fbt le m\u00e9canisme dit \u00ab\u00a0snapback\u00a0\u00bb<\/a> qui permet dans un d\u00e9lai de 30 jours de r\u00e9tablir les sanctions lev\u00e9es en 2015 apr\u00e8s l\u2019accord sur le nucl\u00e9aire iranien (JCPOA).<\/p>\n<p>Apr\u00e8s le feu vert du Conseil de s\u00e9curit\u00e9 de l\u2019Onu et l\u2019\u00e9chec vendredi de la Russie et de la Chine \u00e0 repousser la date butoir, de lourdes sanctions, allant d\u2019un embargo sur les armes \u00e0 des mesures \u00e9conomiques, seront r\u00e9tablies dans la nuit de samedi \u00e0 dimanche, sauf coup de th\u00e9\u00e2tre de derni\u00e8re minute.\u00a0En protestation, l\u2019Iran a rappel\u00e9 samedi \u00ab\u00a0pour consultations\u00a0\u00bb ses ambassadeurs en France, en Allemagne et au Royaume-Uni, a rapport\u00e9 la t\u00e9l\u00e9vision d\u2019\u00c9tat.<\/p>\n<p>T\u00e9h\u00e9ran n\u2019a pas fait les \u00ab\u00a0gestes concrets\u00a0\u00bb<\/p>\n<p>\u00ab\u00a0L\u2019escalade nucl\u00e9aire de l\u2019Iran, d\u00e9taill\u00e9e dans plus de 60 rapports de l\u2019AIEA (Agence internationale de l\u2019\u00e9nergie atomique) ces six derni\u00e8res ann\u00e9es, est une menace \u00e0 la paix et \u00e0 la s\u00e9curit\u00e9\u00a0\u00bb, a estim\u00e9 vendredi l\u2019ambassadrice britannique \u00e0 l\u2019Onu Barbara Woodward, sans exclure que les sanctions puissent \u00eatre \u00e0 nouveau lev\u00e9es \u00ab\u00a0\u00e0 l\u2019avenir\u00a0\u00bb. Des r\u00e9unions au plus haut niveau se sont multipli\u00e9es toute la semaine en marge de l\u2019Assembl\u00e9e g\u00e9n\u00e9rale de l\u2019Onu \u00e0 New York pour tenter de trouver une solution diplomatique. Mais le trio europ\u00e9en a jug\u00e9 que T\u00e9h\u00e9ran n\u2019avait pas fait les \u00ab\u00a0gestes concrets\u00a0\u00bb.<\/p>\n<p>Les <a target=\"_self\" href=\"https:\/\/www.lanouvellerepublique.fr\/a-la-une\/nucleaire-iranien-ce-que-nous-disent-les-frappes-au-moment-de-nouvelles-negociations-avec-l-ue-1753365321\" rel=\"noopener\">Europ\u00e9ens avaient pos\u00e9 trois conditions<\/a>\u00a0: reprise des n\u00e9gociations avec les \u00c9tats-Unis\u00a0; acc\u00e8s des inspecteurs de l\u2019AIEA sur les sites nucl\u00e9aires sensibles de Natanz, Fordo et Ispahan, <a target=\"_self\" href=\"https:\/\/www.lanouvellerepublique.fr\/a-la-une\/guerre-israel-iran-ce-que-l-on-sait-des-frappes-americaines-sur-les-sites-nucleaires-iraniens-1750574218\" rel=\"noopener\">bombard\u00e9s en juin par Isra\u00ebl et les \u00c9tats-Unis<\/a>\u00a0; processus pour s\u00e9curiser le stock d\u2019uranium enrichi.\u00a0Apr\u00e8s avoir suspendu ses relations avec l\u2019agence onusienne \u00e0 la suite des attaques de juin, l\u2019Iran avait accept\u00e9 d\u00e9but septembre un nouveau cadre de coop\u00e9ration avec l\u2019AIEA. Des inspections de certains sites nucl\u00e9aires ont repris cette semaine, selon l\u2019agence.<\/p>\n<p>Dans ce contexte, le chef de la diplomatie iranienne, Abbas Araghchi, a accus\u00e9 Am\u00e9ricains et Europ\u00e9ens de \u00ab\u00a0mauvaise foi\u00a0\u00bb, jurant que son pays ne c\u00e9derait \u00ab\u00a0jamais \u00e0 la pression\u00a0\u00bb. Mais il a \u00e9galement laiss\u00e9 la porte ouverte aux n\u00e9gociations. Son pr\u00e9sident Massoud Pezeshkian a lui assur\u00e9 que l\u2019Iran ne quitterait pas le Trait\u00e9 de non-prolif\u00e9ration nucl\u00e9aire en repr\u00e9sailles.<\/p>\n<p>Les Iraniens jugent ill\u00e9gal le processus de r\u00e9tablissement des sanctions, tout comme la Russie et la Chine. Moscou et P\u00e9kin ont sans succ\u00e8s propos\u00e9 vendredi au Conseil de s\u00e9curit\u00e9 de l\u2019Onu de prolonger de six mois l\u2019accord sur le nucl\u00e9aire iranien qui expire le 18\u00a0octobre, afin de donner plus de chances \u00e0 la diplomatie.<\/p>\n<p>D\u00e9saccord de la Russie<\/p>\n<p>Dans ces conditions, des observateurs craignent que certains pays, notamment la Russie, d\u00e9cident de s\u2019affranchir de la d\u00e9cision du Conseil de r\u00e9imposer les sanctions. Une hypoth\u00e8se qu\u2019a d\u2019ailleurs sembl\u00e9 sugg\u00e9rer vendredi l\u2019ambassadeur adjoint russe \u00e0 l\u2019Onu Dmitry Polyanskiy. \u00ab\u00a0Il n\u2019y a pas de snapback et il n\u2019y aura pas de snapback. Toute tentative de ressusciter les r\u00e9solutions anti-iraniennes du Conseil de s\u00e9curit\u00e9 en place avant 2015 est nulle et non avenue\u00a0\u00bb, a-t-il martel\u00e9 apr\u00e8s l\u2019\u00e9chec du vote.<\/p>\n<p>En 2015, France, Royaume-Uni, Allemagne, \u00c9tats-Unis, Russie et Chine avaient conclu avec T\u00e9h\u00e9ran un accord, pr\u00e9voyant un encadrement des activit\u00e9s nucl\u00e9aires iraniennes en \u00e9change d\u2019une lev\u00e9e des sanctions. Les \u00c9tats-Unis, sous le premier mandat du pr\u00e9sident Donald Trump, ont d\u00e9cid\u00e9 en 2018 de s\u2019en retirer et de r\u00e9tablir leurs propres sanctions.<\/p>\n<p>L\u2019Iran s\u2019est ensuite affranchi de certains engagements, notamment sur l\u2019enrichissement d\u2019uranium. Les pays occidentaux soup\u00e7onnent l\u2019Iran de vouloir se doter de l\u2019arme atomique, tandis que T\u00e9h\u00e9ran d\u00e9fend son droit \u00e0 d\u00e9velopper un programme nucl\u00e9aire civil.<\/p>\n<p>L\u2019Iran dispose toutefois de 450\u00a0kg d\u2019uranium enrichi \u00e0 60\u00a0%, un stock qui, s\u2019il \u00e9tait enrichi jusqu\u2019au niveau de 90\u00a0%, permettrait au pays de se doter de 8 \u00e0 10 bombes nucl\u00e9aires, selon des experts europ\u00e9ens. \u00ab\u00a0L\u2019Iran n\u2019a jamais cherch\u00e9 et ne cherchera jamais \u00e0 fabriquer une bombe atomique. Nous ne voulons pas d\u2019armes nucl\u00e9aires\u00a0\u00bb, a affirm\u00e9 cette semaine \u00e0 la tribune de l\u2019Onu le pr\u00e9sident iranien.<\/p>\n","protected":false},"excerpt":{"rendered":"Les sanctions de l\u2019Onu contre l\u2019Iran seront formellement r\u00e9tablies samedi 27\u00a0septembre 2025 au soir apr\u00e8s l\u2019\u00e9chec des n\u00e9gociations&hellip;\n","protected":false},"author":2,"featured_media":420850,"comment_status":"","ping_status":"","sticky":false,"template":"","format":"standard","meta":{"footnotes":""},"categories":[1588],"tags":[328,11,1777,674,27,329,3019,74,12,5654,473,1853,1851,364,1850,1852],"class_list":{"0":"post-420849","1":"post","2":"type-post","3":"status-publish","4":"format-standard","5":"has-post-thumbnail","7":"category-royaume-uni","8":"tag-a-la-une","9":"tag-actualites","10":"tag-eu","11":"tag-europe","12":"tag-france","13":"tag-france-monde","14":"tag-iran","15":"tag-monde","16":"tag-news","17":"tag-nucleaire","18":"tag-royaume-uni","19":"tag-royaume-uni-de-grande-bretagne-et-dirlande-du-nord","20":"tag-uk","21":"tag-union-europeenne","22":"tag-united-kingdom","23":"tag-united-kingdom-of-great-britain-and-northern-ireland"},"share_on_mastodon":{"url":"https:\/\/pubeurope.com\/@fr\/115275057623289644","error":""},"_links":{"self":[{"href":"https:\/\/www.europesays.com\/fr\/wp-json\/wp\/v2\/posts\/420849","targetHints":{"allow":["GET"]}}],"collection":[{"href":"https:\/\/www.europesays.com\/fr\/wp-json\/wp\/v2\/posts"}],"about":[{"href":"https:\/\/www.europesays.com\/fr\/wp-json\/wp\/v2\/types\/post"}],"author":[{"embeddable":true,"href":"https:\/\/www.europesays.com\/fr\/wp-json\/wp\/v2\/users\/2"}],"replies":[{"embeddable":true,"href":"https:\/\/www.europesays.com\/fr\/wp-json\/wp\/v2\/comments?post=420849"}],"version-history":[{"count":0,"href":"https:\/\/www.europesays.com\/fr\/wp-json\/wp\/v2\/posts\/420849\/revisions"}],"wp:featuredmedia":[{"embeddable":true,"href":"https:\/\/www.europesays.com\/fr\/wp-json\/wp\/v2\/media\/420850"}],"wp:attachment":[{"href":"https:\/\/www.europesays.com\/fr\/wp-json\/wp\/v2\/media?parent=420849"}],"wp:term":[{"taxonomy":"category","embeddable":true,"href":"https:\/\/www.europesays.com\/fr\/wp-json\/wp\/v2\/categories?post=420849"},{"taxonomy":"post_tag","embeddable":true,"href":"https:\/\/www.europesays.com\/fr\/wp-json\/wp\/v2\/tags?post=420849"}],"curies":[{"name":"wp","href":"https:\/\/api.w.org\/{rel}","templated":true}]}}