{"id":420851,"date":"2025-09-27T07:22:11","date_gmt":"2025-09-27T07:22:11","guid":{"rendered":"https:\/\/www.europesays.com\/fr\/420851\/"},"modified":"2025-09-27T07:22:11","modified_gmt":"2025-09-27T07:22:11","slug":"le-vaste-plan-dinvestissement-allemand-va-t-il-booster-leconomie-europeenne","status":"publish","type":"post","link":"https:\/\/www.europesays.com\/fr\/420851\/","title":{"rendered":"Le vaste plan d\u2019investissement allemand va-t-il booster l\u2019\u00e9conomie europ\u00e9enne\u00a0?"},"content":{"rendered":"<p>Le chancelier allemand Friedrich Merz\u00a0a annonc\u00e9\u00a0un plan sp\u00e9cial d&rsquo;investissement en infrastructures\u00a0<a class=\"Link\" href=\"https:\/\/www.lepoint.fr\/monde\/comment-l-allemagne-compte-investir-massivement-dans-son-armee-25-02-2025-2583268_24.php\" title=\"\" data-gtm=\"click:capsule\" data-capsule=\"Lien\" target=\"_blank\" rel=\"noopener\">de 500\u00a0milliards d&rsquo;euros sur douze ans<\/a> \u2013\u00a0transport, num\u00e9rique, r\u00e9novation des b\u00e2timents\u00a0et des ponts \u2013 et\u00a0une hausse des d\u00e9penses militaires, les portant de 2,1\u00a0% du PIB en 2024\u00a0\u00e0 2,4\u00a0% en 2025, 3\u00a0%\u00a0en\u00a02027\u00a0et 3,5\u00a0%\u00a0en 2029.<\/p>\n<p>Cela a pouss\u00e9 les diff\u00e9rents pr\u00e9visionnistes \u00e0 r\u00e9viser \u00e0 la hausse leurs hypoth\u00e8ses de croissance du PIB pour l&rsquo;<a class=\"Link\" href=\"https:\/\/www.lepoint.fr\/tags\/allemagne\" data-gtm=\"click:capsule\" data-capsule=\"Lien\" target=\"_blank\" rel=\"noopener\">Allemagne<\/a>\u00a0: de 0\u00a0% en\u00a02025\u00a0\u00e0\u00a00,7\u00a0% en\u00a02026\u00a0et 1,2\u00a0% en 2027\u00a0pour la Bundesbank\u00a0; 1,5\u00a0% en\u00a02026\u00a0pour\u00a0l&rsquo;institut de recherche \u00e9conomique IFO\u00a0; 1,2\u00a0% en\u00a02026\u00a0pour l&rsquo;OCDE.<\/p>\n<p>La stagnation de l&rsquo;\u00e9conomie allemande a commenc\u00e9 \u00e0 la fin de 2021. Le niveau du PIB (en volume) est le m\u00eame au deuxi\u00e8me trimestre\u00a02025\u00a0qu&rsquo;au quatri\u00e8me\u00a0trimestre 2021. La\u00a0production industrielle&#8230;<\/p>\n<p>Toute l\u2019actualit\u00e9 \u00e0 1\u20ac le premier mois<\/p>\n<p><a href=\"https:\/\/abo.lepoint.fr\/?provenance=21EDI020098\" class=\"btn\" title=\"S&#039;abonner\" data-gtm=\"click:abo|display:abo\" data-campaign=\"paywall_maison\" target=\"_blank\" rel=\"noopener\">S&rsquo;abonner<\/a><\/p>\n<p>ou<\/p>\n","protected":false},"excerpt":{"rendered":"Le chancelier allemand Friedrich Merz\u00a0a annonc\u00e9\u00a0un plan sp\u00e9cial d&rsquo;investissement en infrastructures\u00a0de 500\u00a0milliards d&rsquo;euros sur douze ans \u2013\u00a0transport, num\u00e9rique,&hellip;\n","protected":false},"author":2,"featured_media":420852,"comment_status":"","ping_status":"","sticky":false,"template":"","format":"standard","meta":{"footnotes":""},"categories":[1587],"tags":[11,672,1804,1805,1803,1777,674,1801,12,49021,1802],"class_list":{"0":"post-420851","1":"post","2":"type-post","3":"status-publish","4":"format-standard","5":"has-post-thumbnail","7":"category-allemagne","8":"tag-actualites","9":"tag-allemagne","10":"tag-bundesrepublik-deutschland","11":"tag-de","12":"tag-deutschland","13":"tag-eu","14":"tag-europe","15":"tag-germany","16":"tag-news","17":"tag-patrick-artus-leco-sans-tabou","18":"tag-republique-federale-dallemagne"},"share_on_mastodon":{"url":"https:\/\/pubeurope.com\/@fr\/115275061284210637","error":""},"_links":{"self":[{"href":"https:\/\/www.europesays.com\/fr\/wp-json\/wp\/v2\/posts\/420851","targetHints":{"allow":["GET"]}}],"collection":[{"href":"https:\/\/www.europesays.com\/fr\/wp-json\/wp\/v2\/posts"}],"about":[{"href":"https:\/\/www.europesays.com\/fr\/wp-json\/wp\/v2\/types\/post"}],"author":[{"embeddable":true,"href":"https:\/\/www.europesays.com\/fr\/wp-json\/wp\/v2\/users\/2"}],"replies":[{"embeddable":true,"href":"https:\/\/www.europesays.com\/fr\/wp-json\/wp\/v2\/comments?post=420851"}],"version-history":[{"count":0,"href":"https:\/\/www.europesays.com\/fr\/wp-json\/wp\/v2\/posts\/420851\/revisions"}],"wp:featuredmedia":[{"embeddable":true,"href":"https:\/\/www.europesays.com\/fr\/wp-json\/wp\/v2\/media\/420852"}],"wp:attachment":[{"href":"https:\/\/www.europesays.com\/fr\/wp-json\/wp\/v2\/media?parent=420851"}],"wp:term":[{"taxonomy":"category","embeddable":true,"href":"https:\/\/www.europesays.com\/fr\/wp-json\/wp\/v2\/categories?post=420851"},{"taxonomy":"post_tag","embeddable":true,"href":"https:\/\/www.europesays.com\/fr\/wp-json\/wp\/v2\/tags?post=420851"}],"curies":[{"name":"wp","href":"https:\/\/api.w.org\/{rel}","templated":true}]}}