{"id":420866,"date":"2025-09-27T07:33:11","date_gmt":"2025-09-27T07:33:11","guid":{"rendered":"https:\/\/www.europesays.com\/fr\/420866\/"},"modified":"2025-09-27T07:33:11","modified_gmt":"2025-09-27T07:33:11","slug":"nouvelle-fracture-pour-martin-blesse-dans-laccident-du-depart","status":"publish","type":"post","link":"https:\/\/www.europesays.com\/fr\/420866\/","title":{"rendered":"Nouvelle fracture pour Mart\u00edn, bless\u00e9 dans l&rsquo;accident du d\u00e9part"},"content":{"rendered":"<p><a href=\"https:\/\/fr.motorsport.com\/driver\/jorge-martin\/109391\/\" target=\"_blank\" rel=\"noopener\">Jorge Mart\u00edn<\/a> n&rsquo;aura donc aucun r\u00e9pit cette saison\u00a0!\u00a0Le champion du monde en titre, \u00e0 qui <a href=\"https:\/\/fr.motorsport.com\/driver\/marc-marquez\/92646\/\" target=\"_blank\" rel=\"noopener\">Marc M\u00e1rquez<\/a> va tr\u00e8s bient\u00f4t succ\u00e9der au palmar\u00e8s, doit faire un nouveau passage par l&rsquo;h\u00f4pital \u00e0 cause d&rsquo;une blessure et est forfait pour la suite du GP du Japon.<\/p>\n<p>L&rsquo;Espagnol subit les cons\u00e9quences d&rsquo;un gros carambolage au d\u00e9part du sprint disput\u00e9 cet apr\u00e8s-midi \u00e0 Motegi. Qualifi\u00e9 \u00e0 une lointaine 17e place, il a tent\u00e9 de r\u00e9aliser un gros coup en bondissant de son emplacement et en faisant l&rsquo;int\u00e9rieur \u00e0 <a href=\"https:\/\/fr.motorsport.com\/driver\/fermin-aldeguer\/945314\/\" target=\"_blank\" rel=\"noopener\">Ferm\u00edn Aldeguer<\/a> pour le premier virage, le pilote Gresini se retrouvant alors pris en sandwich avec <a href=\"https:\/\/fr.motorsport.com\/driver\/jack-miller\/96423\/\" target=\"_blank\" rel=\"noopener\">Jack Miller<\/a> sur sa gauche.<\/p>\n<p>Mart\u00edn a toutefois perdu le contr\u00f4le de son Aprilia \u00e0 l&rsquo;entr\u00e9e dans le virage et n&rsquo;a pu \u00e9viter la chute, traversant alors la piste sur toute sa largeur. <a href=\"https:\/\/fr.motorsport.com\/driver\/marco-bezzecchi\/441839\/\" target=\"_blank\" rel=\"noopener\">Marco Bezzecchi<\/a>, positionn\u00e9 juste devant s&rsquo;est fait percuter et a violemment chut\u00e9, de m\u00eame que l&rsquo;Espagnol.<\/p>\n<p>\u00a0<\/p>\n<p>Si les images sont impressionnantes, tous deux se sont finalement relev\u00e9s rapidement. En revanche, Mart\u00edn a fait un passage par le centre m\u00e9dical du circuit et le verdict est tomb\u00e9 tr\u00e8s vite. Les radios pass\u00e9s sur place ont montr\u00e9 qu&rsquo;il souffre d&rsquo;une fracture d\u00e9plac\u00e9e de la clavicule droite. L&rsquo;Espagnol est donc h\u00e9liport\u00e9 vers l&rsquo;h\u00f4pital de Dokkyo afin d&rsquo;y passer un scanner et, indique Aprilia, d&rsquo;\u00e9valuer au mieux la situation.<\/p>\n<p>\u00ab\u00a0Il souffre d&rsquo;une fracture dans le tiers moyen de la clavicule droite, qui est compl\u00e8tement d\u00e9plac\u00e9e\u00a0\u00bb, pr\u00e9cise le Dr \u00c1ngel Charte au micro de DAZN en Espagne. \u00ab\u00a0Je l&rsquo;ai transf\u00e9r\u00e9 \u00e0 l&rsquo;h\u00f4pital pour passer un scanner, afin que le d\u00e9placement ne frotte pas contre la zone pulmonaire. Il est conscient, stable, tout va bien. Il est un peu s\u00e9dat\u00e9 \u00e0 cause de la douleur. Apr\u00e8s le scanner, nous d\u00e9ciderons si une intervention chirurgicale est n\u00e9cessaire, laquelle sera probablement r\u00e9alis\u00e9e \u00e0 l&rsquo;h\u00f4pital universitaire Dexeus [\u00e0 Barcelone].\u00a0\u00bb<\/p>\n<p>Bezzecchi touch\u00e9 sans gravit\u00e9 \u00e0 la jambe<\/p>\n<p>Marco Bezzecchi doit pour sa part passer des examens m\u00e9dicaux \u00e0 la jambe droite, mais il est touch\u00e9 sans gravit\u00e9. \u00ab\u00a0Marco Bezzecchi souffre d&rsquo;une contusion s\u00e9v\u00e8re au muscle abducteur de la jambe droite, mais cela n&rsquo;entra\u00eene aucune pathologie autre que la douleur qu&rsquo;il peut ressentir. Nous allons le traiter avec de la r\u00e9\u00e9ducation, des anti-inflammatoires et rien d&rsquo;autre\u00a0\u00bb, explique le m\u00e9decin du championnat, toujours aupr\u00e8s de DAZN.<\/p>\n<p>Les autres pilotes impliqu\u00e9s n&rsquo;ont quant \u00e0 eux subi que les effets collat\u00e9raux du carambolage, \u00e0 savoir un passage hors piste pour <a href=\"https:\/\/fr.motorsport.com\/driver\/johann-zarco\/96107\/\" target=\"_blank\" rel=\"noopener\">Johann Zarco<\/a>, <a href=\"https:\/\/fr.motorsport.com\/driver\/alex-rins\/109402\/\" target=\"_blank\" rel=\"noopener\">\u00c1lex Rins<\/a> et Jack Miller, et un gros \u00e9cart pour <a href=\"https:\/\/fr.motorsport.com\/driver\/fabio-di-giannantonio\/289538\/\" target=\"_blank\" rel=\"noopener\">Fabio Di Giannantonio<\/a> notamment.<\/p>\n<p>C&rsquo;est la quatri\u00e8me fois cette ann\u00e9e que Jorge\u00a0Mart\u00edn se blesse. On se souvient bien \u00e9videmment de ses lourdes chutes d\u00e8s la premi\u00e8re journ\u00e9e d&rsquo;essais, en f\u00e9vrier, avec pour cons\u00e9quence des fractures \u00e0 la main droite et au pied gauche. Deux semaines plus tard, il s&rsquo;est bless\u00e9 au radius et \u00e0 la base de la main gauche lors d&rsquo;une chute \u00e0 l&rsquo;entra\u00eenement, blessure qui allait lui faire manquer trois Grands Prix et <a href=\"https:\/\/fr.motorsport.com\/motogp\/news\/jorge-martin-souffre-main-fracture\/10762272\/\" target=\"_self\" rel=\"noopener\">dont il subit encore les cons\u00e9quences<\/a>.<\/p>\n<p>Puis, alors qu&rsquo;il lan\u00e7ait sa saison au Qatar, il a violemment chut\u00e9 en course et \u00e9t\u00e9 involontairement percut\u00e9 au sol, ce qui lui a valu de nombreuses fractures aux c\u00f4tes et un h\u00e9mopneumothorax, avec en cons\u00e9quence dix jours d&rsquo;hospitalisation et <a href=\"https:\/\/fr.motorsport.com\/motogp\/news\/jorge-martin-interview-doutes-entourage-messages-haine\/10762014\/\" target=\"_self\" rel=\"noopener\">le d\u00e9but d&rsquo;une phase de doutes et de grandes douleurs tant physiques que psychiques<\/a>, dont il se rel\u00e8vait depuis le d\u00e9but de l&rsquo;\u00e9t\u00e9 seulement.<\/p>\n<p style=\"text-align: right;\">Avec Rub\u00e9n Carballo Rosa<\/p>\n<p>Lire aussi :<\/p><\/p>\n","protected":false},"excerpt":{"rendered":"Jorge Mart\u00edn n&rsquo;aura donc aucun r\u00e9pit cette saison\u00a0!\u00a0Le champion du monde en titre, \u00e0 qui Marc M\u00e1rquez va&hellip;\n","protected":false},"author":2,"featured_media":420867,"comment_status":"","ping_status":"","sticky":false,"template":"","format":"standard","meta":{"footnotes":""},"categories":[1413],"tags":[3563,55017,1011,27,1581,3564,1457,1456,1458,55016,60,51359],"class_list":{"0":"post-420866","1":"post","2":"type-post","3":"status-publish","4":"format-standard","5":"has-post-thumbnail","7":"category-moto","8":"tag-aprilia-racing-team","9":"tag-blessu00e9-dans-laccident-du-du00e9part","10":"tag-fr","11":"tag-france","12":"tag-gp-du-japon","13":"tag-jorge-martu00edn","14":"tag-moto","15":"tag-motocycle","16":"tag-motogp","17":"tag-nouvelle-fracture-pour-martu00edn","18":"tag-sports","19":"tag-twin-ring-motegi"},"share_on_mastodon":{"url":"https:\/\/pubeurope.com\/@fr\/115275104520242630","error":""},"_links":{"self":[{"href":"https:\/\/www.europesays.com\/fr\/wp-json\/wp\/v2\/posts\/420866","targetHints":{"allow":["GET"]}}],"collection":[{"href":"https:\/\/www.europesays.com\/fr\/wp-json\/wp\/v2\/posts"}],"about":[{"href":"https:\/\/www.europesays.com\/fr\/wp-json\/wp\/v2\/types\/post"}],"author":[{"embeddable":true,"href":"https:\/\/www.europesays.com\/fr\/wp-json\/wp\/v2\/users\/2"}],"replies":[{"embeddable":true,"href":"https:\/\/www.europesays.com\/fr\/wp-json\/wp\/v2\/comments?post=420866"}],"version-history":[{"count":0,"href":"https:\/\/www.europesays.com\/fr\/wp-json\/wp\/v2\/posts\/420866\/revisions"}],"wp:featuredmedia":[{"embeddable":true,"href":"https:\/\/www.europesays.com\/fr\/wp-json\/wp\/v2\/media\/420867"}],"wp:attachment":[{"href":"https:\/\/www.europesays.com\/fr\/wp-json\/wp\/v2\/media?parent=420866"}],"wp:term":[{"taxonomy":"category","embeddable":true,"href":"https:\/\/www.europesays.com\/fr\/wp-json\/wp\/v2\/categories?post=420866"},{"taxonomy":"post_tag","embeddable":true,"href":"https:\/\/www.europesays.com\/fr\/wp-json\/wp\/v2\/tags?post=420866"}],"curies":[{"name":"wp","href":"https:\/\/api.w.org\/{rel}","templated":true}]}}