{"id":420874,"date":"2025-09-27T07:37:12","date_gmt":"2025-09-27T07:37:12","guid":{"rendered":"https:\/\/www.europesays.com\/fr\/420874\/"},"modified":"2025-09-27T07:37:12","modified_gmt":"2025-09-27T07:37:12","slug":"tf1-nous-avait-promis-une-star-internationale-dans-mask-singer-hier-soir-et-le-demasquage-a-fait-flop-la-vedette-francaise-qui-a-ete-demasquee-etait-de-son-cote-un-humoriste","status":"publish","type":"post","link":"https:\/\/www.europesays.com\/fr\/420874\/","title":{"rendered":"TF1 nous avait promis une star internationale dans Mask Singer hier soir&#8230; Et le \u00ab\u00a0d\u00e9masquage\u00a0\u00bb a fait flop ! La vedette fran\u00e7aise qui a \u00e9t\u00e9 d\u00e9masqu\u00e9e \u00e9tait de son c\u00f4t\u00e9 un humoriste&#8230;"},"content":{"rendered":"<p>Il faut bien avouer que quand TF1 nous vend des stars internationales de grande renomm\u00e9e qui se cachent sous les costumes de Mask Singer, on est souvent d\u00e9\u00e7u. Et c&rsquo;est le cas encore une fois hier soir avec le nouveau num\u00e9ro de Mask Singer qui a \u00e9t\u00e9 diffus\u00e9, et en guise d&rsquo;\u00e9v\u00e9nement mondial, la vedette qui se cachait sous le costume de l&rsquo;oiseau a fait un peu flop&#8230;<\/p>\n<p>Apr\u00e8s avoir r\u00e9v\u00e9l\u00e9 qu&rsquo;il a \u00e9t\u00e9 inspir\u00e9 par la Floride, qu\u2019il a \u00e9t\u00e9 nomm\u00e9 aux Grammy Awards, qu\u2019il a accompagn\u00e9 des super-h\u00e9ros, des stars fran\u00e7aises et am\u00e9ricaines, et que son plus gros hit est rest\u00e9 num\u00e9ro 1 pendant 20 semaines dans les charts fran\u00e7ais les t\u00e9l\u00e9spectateurs de<strong> \u00ab\u00a0Mask Singer\u00a0\u00bb ont pu d\u00e9couvrir le visage de Lou Bega. <\/strong><\/p>\n<p>Pour ceux qui ne savent pas qui est ce monsieur, il faut se souvenir de son tube \u00ab\u00a0Mambo N\u00b05\u00a0\u00bb.<\/p>\n<p>Place ensuite \u00e0 la vedette fran\u00e7aise qui a du \u00eatre d\u00e9masqu\u00e9 par les membres du jury et par les t\u00e9l\u00e9spectateurs qui jouaient chez eux. Et cette fois c&rsquo;est le Castor qui a \u00e9t\u00e9 le quatri\u00e8me \u00e9limin\u00e9 de \u00ab\u00a0Mask Singer\u00a0\u00bb.<\/p>\n<p>Il s&rsquo;agissait d&rsquo;une vedette \u00e0 l&rsquo;accent du sud puisque c&rsquo;est l&rsquo;humoriste marseillais <strong>Patrick Bosso <\/strong>qui se cachait sous le costume.<\/p>\n<p>.<\/p>\n<p><img loading=\"lazy\" decoding=\"async\" src=\"https:\/\/www.europesays.com\/fr\/wp-content\/uploads\/2025\/09\/masksingerpatrickbosso.jpg\" width=\"1200\" height=\"675\"\/><\/p>\n<p><img loading=\"lazy\" decoding=\"async\" src=\"https:\/\/www.europesays.com\/fr\/wp-content\/uploads\/2025\/09\/53942520-9b1d-11f0-bbdf-249dbaace6be.webp.webp\" width=\"1242\" height=\"709\"\/><\/p>\n<p>\u00a0<\/p>\n","protected":false},"excerpt":{"rendered":"Il faut bien avouer que quand TF1 nous vend des stars internationales de grande renomm\u00e9e qui se cachent&hellip;\n","protected":false},"author":2,"featured_media":420875,"comment_status":"","ping_status":"","sticky":false,"template":"","format":"standard","meta":{"footnotes":""},"categories":[1359],"tags":[193,58,59,1011,27,5983,973],"class_list":{"0":"post-420874","1":"post","2":"type-post","3":"status-publish","4":"format-standard","5":"has-post-thumbnail","7":"category-people","8":"tag-camille-combal","9":"tag-divertissement","10":"tag-entertainment","11":"tag-fr","12":"tag-france","13":"tag-mask-singer","14":"tag-people"},"share_on_mastodon":{"url":"https:\/\/pubeurope.com\/@fr\/115275120398113032","error":""},"_links":{"self":[{"href":"https:\/\/www.europesays.com\/fr\/wp-json\/wp\/v2\/posts\/420874","targetHints":{"allow":["GET"]}}],"collection":[{"href":"https:\/\/www.europesays.com\/fr\/wp-json\/wp\/v2\/posts"}],"about":[{"href":"https:\/\/www.europesays.com\/fr\/wp-json\/wp\/v2\/types\/post"}],"author":[{"embeddable":true,"href":"https:\/\/www.europesays.com\/fr\/wp-json\/wp\/v2\/users\/2"}],"replies":[{"embeddable":true,"href":"https:\/\/www.europesays.com\/fr\/wp-json\/wp\/v2\/comments?post=420874"}],"version-history":[{"count":0,"href":"https:\/\/www.europesays.com\/fr\/wp-json\/wp\/v2\/posts\/420874\/revisions"}],"wp:featuredmedia":[{"embeddable":true,"href":"https:\/\/www.europesays.com\/fr\/wp-json\/wp\/v2\/media\/420875"}],"wp:attachment":[{"href":"https:\/\/www.europesays.com\/fr\/wp-json\/wp\/v2\/media?parent=420874"}],"wp:term":[{"taxonomy":"category","embeddable":true,"href":"https:\/\/www.europesays.com\/fr\/wp-json\/wp\/v2\/categories?post=420874"},{"taxonomy":"post_tag","embeddable":true,"href":"https:\/\/www.europesays.com\/fr\/wp-json\/wp\/v2\/tags?post=420874"}],"curies":[{"name":"wp","href":"https:\/\/api.w.org\/{rel}","templated":true}]}}