{"id":420878,"date":"2025-09-27T07:39:10","date_gmt":"2025-09-27T07:39:10","guid":{"rendered":"https:\/\/www.europesays.com\/fr\/420878\/"},"modified":"2025-09-27T07:39:10","modified_gmt":"2025-09-27T07:39:10","slug":"le-top-3-des-livres-et-films-a-devorer-en-octobre-a-la-mediatheque-de-gournay-en-bray","status":"publish","type":"post","link":"https:\/\/www.europesays.com\/fr\/420878\/","title":{"rendered":"Le Top 3 des livres et films \u00e0 d\u00e9vorer en octobre \u00e0 la m\u00e9diath\u00e8que de Gournay-en-Bray"},"content":{"rendered":"<p>            Par<br \/>\n        <strong><br \/>\n            <a href=\"https:\/\/actu.fr\/auteur\/marie-geraldine-dartois\" title=\"Consulter tous les articles de Marie-G\u00e9raldine Dartois\" target=\"_blank\" rel=\"noopener\">Marie-G\u00e9raldine Dartois<\/a><br \/>\n        <\/strong><\/p>\n<p>        Publi\u00e9 le<\/p>\n<p>            27 sept. 2025 \u00e0 9h26        <\/p>\n<p>Tous les mois, en collaboration avec la <b>m\u00e9diath\u00e8que<\/b> Michel\u00a0 Bussi de Gournay-en-Bray (Seine-Maritime), nous vous proposons une s\u00e9lection. Pour ce mois d\u2019<b>octbre 2025<\/b>, voici 3 <b>coups de c\u0153ur<\/b>.<\/p>\n<p class=\" wall-content\">L\u2019ensemble de la\u00a0s\u00e9lection est \u00e0 retrouver \u00e0 la m\u00e9diath\u00e8que Michel Bussi. Pour\u00a0rappel, l\u2019inscription et le pr\u00eat d\u2019ouvrage sont <b>gratuits<\/b>.<\/p>\n<p class=\"ac-article-content__question wall-content\">1. Album. Le Livre des encore ! \/ Soledad Bravi et Herv\u00e9 Eparvier<\/p>\n<p class=\" wall-content\">\u00c0 chaque situation, \u00e0 chaque moment o\u00f9 l\u2019enfant doit partir avec sa maman, l\u2019enfant dit \u00ab encore \u00bb. L\u2019adulte et l\u2019enfant vont se retrouver \u00e0 chaque situation. Soledad Bravi et Herv\u00e9 Eparvier nous livre un super album, dr\u00f4le et tr\u00e8s r\u00e9aliste.<\/p>\n<p class=\"ac-article-content__question wall-content\">2. Film. My Beautiful Boy de F\u00e9lix Van Groeningen<\/p>\n<p class=\" wall-content\">Ce film tir\u00e9 des livres \u00ab<a href=\"https:\/\/www.ecranlarge.be\/film\/fr\/1302\/beautiful-boy\" target=\"_blank\" rel=\"noopener\"> Beautiful Boy <\/a>\u00bb de David Sheff et \u00ab Tweak \u00bb de Nic Sheff retrace le parcours d\u2019un p\u00e8re David Sheff, journaliste en freelance pour plusieurs magazines de rock, lorsque ce dernier d\u00e9couvre que son fils, Nic, de 18\u00a0ans, est accro \u00e0 la m\u00e9thamph\u00e9tamine. David est un p\u00e8re fusionnel avec son fils a\u00een\u00e9 n\u00e9 d\u2019une premi\u00e8re union. Il vit avec sa nouvelle femme et a deux autres enfants Jasper et Daisy. Avec sa femme, Karen, il va tout faire pour aider son fils \u00e0 se sortir de cette d\u00e9pendance et la soutenir.<\/p>\n<blockquote class=\"ac-article-quote wall-content\">\n<p>Duo bouleversant, Timoth\u00e9e Chalamet est un acteur exceptionnel et Steve Carell, dans le r\u00f4le du p\u00e8re est un p\u00e8re h\u00e9ro\u00efque que tout le monde aimerait avoir.<\/p>\n<p>Pauline Laurelli, responsable de la m\u00e9diath\u00e8que Michel Bussi<\/p><\/blockquote>\n<p>Vid\u00e9os : en ce moment sur Actu<\/p>\n<p class=\"ac-article-content__question wall-content\">3. Roman. Ta promesse de Camille Laurens<\/p>\n<p class=\" wall-content\">C\u2019est l\u2019histoire de Claire Lancel, romanci\u00e8re, journaliste qui se d\u00e9fend devant un tribunal pour la tentative d\u2019homicide sur son compagnon Gilles Fabian, c\u00e9l\u00e8bre marionnettiste et sc\u00e9nariste.<\/p>\n<p>Nous d\u00e9couvrons dans ce roman, la rencontre entre ces deux \u00eatres. Et comment petit \u00e0 petit, la relation commence \u00e0 \u00eatre n\u00e9faste pour l\u2019h\u00e9ro\u00efne.Pauline Laurelli<\/p>\n<p class=\" wall-content\">Ici, l\u2019autrice approfondit les relations conjugales, et le narcissisme de l\u2019homme face \u00e0 la femme.<\/p>\n<p>Votre r\u00e9gion, votre actu !<\/p>\n<p>Recevez chaque jour les infos qui comptent pour vous.<\/p>\n<p>\t<a href=\"https:\/\/actu.fr\/newsletter\" class=\"ac-btn ac-btn--corner ac-btn--medium ac-btn--blue800\" target=\"_blank\" rel=\"noopener\">S&rsquo;incrire<\/a><\/p>\n<p class=\" wall-content\">Un roman puissant, qui ne laisse pas indiff\u00e9rent le lecteur. Camille Laurens raconte \u00e0 la perfection cette mont\u00e9e en puissance de ces travers psychologiques.<\/p>\n<p class=\" wall-content\">Ces livres et ce film sont disponibles \u00e0 la<a href=\"https:\/\/mediatheque-gournay-en-bray.c3rb.org\/\" target=\"_blank\" rel=\"noopener\"> m\u00e9diath\u00e8que Michel Bussi<\/a>. Pour rappel, l\u2019entr\u00e9e et l\u2019emprunt sont gratuits.<\/p>\n<p>Adresse : m\u00e9diath\u00e8que Michel Bussi de Gournay-en-Bray, 44 avenue du G\u00e9n\u00e9ral Leclerc. Contact : <a href=\"https:\/\/actu.fr\/cdn-cgi\/l\/email-protection\" class=\"__cf_email__\" data-cfemail=\"85e7ece7c5e2eaf0f7ebe4fca8e0eba8e7f7e4fcabe3f7\" target=\"_blank\" rel=\"noopener\">[email\u00a0protected]<\/a><\/p>\n<p class=\" wall-content\">Personnalisez votre actualit\u00e9 en ajoutant vos villes et m\u00e9dias en favori avec <a href=\"https:\/\/moncompte.actu.fr\" title=\"D\u00e9couvez Mon Actu\" rel=\"nofollow noopener\" data-trk=\"{&quot;cta&quot;:{&quot;action&quot;:&quot;https:\\\/\\\/moncompte.actu.fr&quot;,&quot;category&quot;:&quot;mon compte&quot;,&quot;from&quot;:&quot;article footer&quot;,&quot;name&quot;:&quot;Mon actu&quot;,&quot;type&quot;:&quot;cta&quot;}}\" target=\"_blank\">Mon Actu<\/a>.<\/p>\n","protected":false},"excerpt":{"rendered":"Par Marie-G\u00e9raldine Dartois Publi\u00e9 le 27 sept. 2025 \u00e0 9h26 Tous les mois, en collaboration avec la m\u00e9diath\u00e8que&hellip;\n","protected":false},"author":2,"featured_media":420879,"comment_status":"","ping_status":"","sticky":false,"template":"","format":"standard","meta":{"footnotes":""},"categories":[1357],"tags":[1379,650,58,59,1011,27,1380,10175,104],"class_list":{"0":"post-420878","1":"post","2":"type-post","3":"status-publish","4":"format-standard","5":"has-post-thumbnail","7":"category-livres","8":"tag-books","9":"tag-cinema","10":"tag-divertissement","11":"tag-entertainment","12":"tag-fr","13":"tag-france","14":"tag-livres","15":"tag-pays-de-bray","16":"tag-societe"},"share_on_mastodon":{"url":"https:\/\/pubeurope.com\/@fr\/115275128057199990","error":""},"_links":{"self":[{"href":"https:\/\/www.europesays.com\/fr\/wp-json\/wp\/v2\/posts\/420878","targetHints":{"allow":["GET"]}}],"collection":[{"href":"https:\/\/www.europesays.com\/fr\/wp-json\/wp\/v2\/posts"}],"about":[{"href":"https:\/\/www.europesays.com\/fr\/wp-json\/wp\/v2\/types\/post"}],"author":[{"embeddable":true,"href":"https:\/\/www.europesays.com\/fr\/wp-json\/wp\/v2\/users\/2"}],"replies":[{"embeddable":true,"href":"https:\/\/www.europesays.com\/fr\/wp-json\/wp\/v2\/comments?post=420878"}],"version-history":[{"count":0,"href":"https:\/\/www.europesays.com\/fr\/wp-json\/wp\/v2\/posts\/420878\/revisions"}],"wp:featuredmedia":[{"embeddable":true,"href":"https:\/\/www.europesays.com\/fr\/wp-json\/wp\/v2\/media\/420879"}],"wp:attachment":[{"href":"https:\/\/www.europesays.com\/fr\/wp-json\/wp\/v2\/media?parent=420878"}],"wp:term":[{"taxonomy":"category","embeddable":true,"href":"https:\/\/www.europesays.com\/fr\/wp-json\/wp\/v2\/categories?post=420878"},{"taxonomy":"post_tag","embeddable":true,"href":"https:\/\/www.europesays.com\/fr\/wp-json\/wp\/v2\/tags?post=420878"}],"curies":[{"name":"wp","href":"https:\/\/api.w.org\/{rel}","templated":true}]}}