{"id":42088,"date":"2025-04-21T18:10:14","date_gmt":"2025-04-21T18:10:14","guid":{"rendered":"https:\/\/www.europesays.com\/fr\/42088\/"},"modified":"2025-04-21T18:10:14","modified_gmt":"2025-04-21T18:10:14","slug":"lyon-2e-la-maison-terrasson-sera-t-elle-sacree-meilleure-boulangerie-de-france","status":"publish","type":"post","link":"https:\/\/www.europesays.com\/fr\/42088\/","title":{"rendered":"Lyon 2e. La Maison Terrasson sera-t-elle sacr\u00e9e meilleure boulangerie de France\u00a0?"},"content":{"rendered":"<p>Immense et heureuse surprise pour la Maison Terrasson, situ\u00e9e rue Sainte-H\u00e9l\u00e8ne dans le 2e\u00a0 arrondissement. La boulangerie participe \u00e0 l\u2019\u00e9mission de M6 La Meilleure boulangerie de France.<\/p>\n<p>Geoffroy Terrasson de Foug\u00e8res, 36 ans, et son associ\u00e9 Dylan Royer, 30 ans, soulignent\u00a0: \u00ab\u00a0Avoir \u00e9t\u00e9 s\u00e9lectionn\u00e9, c\u2019est un encouragement \u00e0 aller encore plus loin pour mettre en valeur la richesse des terroirs.\u00a0\u00bb Ils partagent la m\u00eame passion et l\u2019envie&#8230;<\/p>\n","protected":false},"excerpt":{"rendered":"Immense et heureuse surprise pour la Maison Terrasson, situ\u00e9e rue Sainte-H\u00e9l\u00e8ne dans le 2e\u00a0 arrondissement. La boulangerie participe&hellip;\n","protected":false},"author":2,"featured_media":42089,"comment_status":"","ping_status":"","sticky":false,"template":"","format":"standard","meta":{"footnotes":""},"categories":[1889],"tags":[1111,11,2430,130,33,2757,1777,674,1011,27,2428,12354,12353,12,25,104,2205],"class_list":{"0":"post-42088","1":"post","2":"type-post","3":"status-publish","4":"format-standard","5":"has-post-thumbnail","7":"category-lyon","8":"tag-actu","9":"tag-actualites","10":"tag-auvergne-rhone-alpes","11":"tag-consommation","12":"tag-economie","13":"tag-edition-lyon-villeurbanne","14":"tag-eu","15":"tag-europe","16":"tag-fr","17":"tag-france","18":"tag-lyon","19":"tag-lyon-2e","20":"tag-lyon-2e-arrondissement","21":"tag-news","22":"tag-republique-francaise","23":"tag-societe","24":"tag-television-medias"},"share_on_mastodon":{"url":"https:\/\/pubeurope.com\/@fr\/114377301910378717","error":""},"_links":{"self":[{"href":"https:\/\/www.europesays.com\/fr\/wp-json\/wp\/v2\/posts\/42088","targetHints":{"allow":["GET"]}}],"collection":[{"href":"https:\/\/www.europesays.com\/fr\/wp-json\/wp\/v2\/posts"}],"about":[{"href":"https:\/\/www.europesays.com\/fr\/wp-json\/wp\/v2\/types\/post"}],"author":[{"embeddable":true,"href":"https:\/\/www.europesays.com\/fr\/wp-json\/wp\/v2\/users\/2"}],"replies":[{"embeddable":true,"href":"https:\/\/www.europesays.com\/fr\/wp-json\/wp\/v2\/comments?post=42088"}],"version-history":[{"count":0,"href":"https:\/\/www.europesays.com\/fr\/wp-json\/wp\/v2\/posts\/42088\/revisions"}],"wp:featuredmedia":[{"embeddable":true,"href":"https:\/\/www.europesays.com\/fr\/wp-json\/wp\/v2\/media\/42089"}],"wp:attachment":[{"href":"https:\/\/www.europesays.com\/fr\/wp-json\/wp\/v2\/media?parent=42088"}],"wp:term":[{"taxonomy":"category","embeddable":true,"href":"https:\/\/www.europesays.com\/fr\/wp-json\/wp\/v2\/categories?post=42088"},{"taxonomy":"post_tag","embeddable":true,"href":"https:\/\/www.europesays.com\/fr\/wp-json\/wp\/v2\/tags?post=42088"}],"curies":[{"name":"wp","href":"https:\/\/api.w.org\/{rel}","templated":true}]}}