{"id":420898,"date":"2025-09-27T07:49:11","date_gmt":"2025-09-27T07:49:11","guid":{"rendered":"https:\/\/www.europesays.com\/fr\/420898\/"},"modified":"2025-09-27T07:49:11","modified_gmt":"2025-09-27T07:49:11","slug":"la-presidente-du-tribunal-menacee-de-mort-des-enquetes-ouvertes","status":"publish","type":"post","link":"https:\/\/www.europesays.com\/fr\/420898\/","title":{"rendered":"La pr\u00e9sidente du tribunal menac\u00e9e de mort, des enqu\u00eates ouvertes"},"content":{"rendered":"<p>        <img decoding=\"async\" loading=\"lazy\" src=\"https:\/\/www.europesays.com\/fr\/wp-content\/uploads\/2025\/09\/84088e4_sirius-fs-upload-1-omttzpztfswb-1742824336670-000-36t76hz.jpg\"  width=\"728\" height=\"410\" alt=\"Nicolas Sarkozy (ici en janvier 2025) au proc\u00e8s de l\u2019affaire libyenne. La pr\u00e9sidente du tribunal qui l\u2019a condamn\u00e9 le 25\u00a0septembre est menac\u00e9e de mort.\"\/>  <\/p>\n<p>THIBAUD MORITZ \/ AFP<\/p>\n<p>Nicolas Sarkozy (ici en janvier 2025) au proc\u00e8s de l\u2019affaire libyenne. La pr\u00e9sidente du tribunal qui l\u2019a condamn\u00e9 le 25\u00a0septembre est menac\u00e9e de mort.<\/p>\n<p class=\"asset asset-text\">JUSTICE &#8211; Le parquet de Paris a ouvert ce vendredi 26\u00a0septembre au soir deux enqu\u00eates \u00e0 la suite de \u00ab\u00a0messages mena\u00e7ants\u00a0\u00bb visant la pr\u00e9sidente du tribunal correctionnel qui a <a href=\"https:\/\/www.huffingtonpost.fr\/justice\/article\/cinq-ans-de-prison-pour-nicolas-sarkozy-on-a-assiste-a-la-fin-d-un-fauve-severement-condamne_255251.html\" target=\"_blank\" rel=\"noopener\">condamn\u00e9 jeudi Nicolas Sarkozy<\/a> \u00e0 cinq ans de prison et ordonn\u00e9 son <a href=\"https:\/\/www.huffingtonpost.fr\/justice\/article\/nicolas-sarkozy-condamne-date-conditions-lieu-ce-que-l-on-sait-de-sa-future-detention_255265.html\" target=\"_blank\" rel=\"noopener\">incarc\u00e9ration prochaine<\/a>.<\/p>\n<p class=\"asset asset-text\">Dans l\u2019apr\u00e8s-midi, l\u2019Union syndicale des magistrats (USM) avait annonc\u00e9 avoir fait des signalements \u00e0 la justice, \u00e9voquant des \u00ab\u00a0menaces de mort ou de violences graves\u00a0\u00bb. Les investigations ont \u00e9t\u00e9 confi\u00e9es au P\u00f4le national de lutte contre la haine en ligne, a indiqu\u00e9 le parquet de Paris, sollicit\u00e9 par l\u2019AFP, sans donner plus de d\u00e9tails sur les deux enqu\u00eates \u00ab\u00a0distinctes\u00a0\u00bb ouvertes.<\/p>\n<p class=\"asset asset-text\">Le parquet rappelle toutefois que les \u00ab\u00a0menaces de mort \u00e0 l\u2019encontre des personnes d\u00e9positaires de l\u2019autorit\u00e9 publiques\u00a0\u00bb font \u00ab\u00a0encourir une peine de 5\u00a0ans d\u2019emprisonnement\u00a0\u00bb.<\/p>\n<p class=\"asset asset-text\">Le cyberharc\u00e8lement \u2013 \u00ab\u00a0propos ou comportement r\u00e9p\u00e9t\u00e9s, par une ou plusieurs personnes, ayant pour objet ou effet une d\u00e9gradation des conditions de vie\u00a0\u00bb \u2013 est r\u00e9prim\u00e9 de 2\u00a0ans d\u2019emprisonnement et 30\u00a0000\u00a0euros d\u2019amende, expose encore le minist\u00e8re public.<\/p>\n<p>                     Photo diffus\u00e9e sur les r\u00e9seaux sociaux    <\/p>\n<p class=\"asset asset-text\">Divulguer des informations personnelles permettant \u00ab\u00a0d\u2019identifier ou localiser une personne d\u00e9positaire de l\u2019autorit\u00e9 publique et l\u2019exposant \u00e0 un risque d\u2019atteinte \u00e0 sa personne ou \u00e0 ses biens est une infraction faisant encourir la peine de 5\u00a0ans et 75\u00a0000\u00a0euros\u00a0\u00bb, d\u00e9veloppe \u00e9galement le parquet.<\/p>\n<p class=\"asset asset-text\">Selon le secr\u00e9taire g\u00e9n\u00e9ral adjoint de l\u2019USM Aur\u00e9lien Martini, la magistrate est vis\u00e9e par des menaces de mort et d\u2019agression violente sur les r\u00e9seaux sociaux, o\u00f9 sa photo est publi\u00e9e. \u00ab\u00a0On est attentifs et inquiets\u00a0\u00bb, a-t-il d\u00e9clar\u00e9 \u00e0 l\u2019AFP.<\/p>\n<p class=\"asset asset-text\">Le parquet rappelle enfin \u00ab\u00a0qu\u2019il est fondamental, dans toute soci\u00e9t\u00e9 d\u00e9mocratique, que le d\u00e9bat judiciaire demeure encadr\u00e9 par la proc\u00e9dure p\u00e9nale\u00a0\u00bb. \u00ab\u00a0L\u2019appel est la voie l\u00e9gitime pour contester une d\u00e9cision de justice. Par ailleurs la libert\u00e9 de parole, y compris en ligne, a pour limite la mise en danger des personnes\u00a0\u00bb, conclut le parquet.<\/p>\n<p class=\"asset asset-text\">Le tribunal correctionnel de Paris a condamn\u00e9 jeudi Nicolas Sarkozy \u00e0 cinq ans d\u2019emprisonnement avec incarc\u00e9ration prochaine pour avoir \u00ab\u00a0laiss\u00e9 ses plus proches\u00a0\u00bb d\u00e9marcher la Libye de Mouammar Kadhafi pour financer sa campagne victorieuse de 2007, une lourde peine inflig\u00e9e par \u00ab\u00a0haine\u00a0\u00bb selon l\u2019ancien chef de l\u2019\u00c9tat.<\/p>\n<p>    Pr\u00e9c\u00e9dents apr\u00e8s le proc\u00e8s Le Pen    <\/p>\n<p class=\"asset asset-text\">Le Syndicat de la magistrature (SM) a de son c\u00f4t\u00e9 d\u00e9nonc\u00e9 les attaques d\u2019\u00ab\u00a0une partie de la classe politique\u00a0\u00bb qui estime que la condamnation de l\u2019ex-pr\u00e9sident \u00e9tait \u00ab\u00a0le fruit d\u2019un +acharnement+, voire d\u2019une +vengeance+ de la justice\u00a0\u00bb.<\/p>\n<p class=\"asset asset-text\">Cette ann\u00e9e, deux autres enqu\u00eates de ce type ont d\u00e9j\u00e0 \u00e9t\u00e9 ouvertes apr\u00e8s des menaces ayant vis\u00e9 les magistrats du tribunal correctionnel de Paris ayant condamn\u00e9, cette fois, <a href=\"https:\/\/www.huffingtonpost.fr\/justice\/article\/la-juge-du-proces-de-marine-le-pen-menacee-de-mort-un-homme-condamne_248624.html\" target=\"_blank\" rel=\"noopener\">Marine Le Pen<\/a> \u00e0 une peine de cinq ans d\u2019in\u00e9ligibilit\u00e9 avec application imm\u00e9diate.<\/p>\n<p class=\"asset asset-text\">Apr\u00e8s le d\u00e9lib\u00e9r\u00e9 du 31\u00a0mars, les magistrats ayant rendu la d\u00e9cision, notamment la pr\u00e9sidente de la chambre concern\u00e9e, ont \u00e9t\u00e9 la cible de menaces tr\u00e8s virulentes ayant men\u00e9 au placement sous protection polici\u00e8re de cette derni\u00e8re.<\/p>\n<p class=\"asset asset-text\">Une autre enqu\u00eate avait d\u00e9j\u00e0 \u00e9t\u00e9 ouverte en d\u00e9but d\u2019ann\u00e9e apr\u00e8s des menaces de mort post\u00e9es sur le site d\u2019extr\u00eame droite Riposte la\u00efque, apr\u00e8s les r\u00e9quisitions du minist\u00e8re public.<\/p>\n","protected":false},"excerpt":{"rendered":"THIBAUD MORITZ \/ AFP Nicolas Sarkozy (ici en janvier 2025) au proc\u00e8s de l\u2019affaire libyenne. La pr\u00e9sidente du&hellip;\n","protected":false},"author":2,"featured_media":420899,"comment_status":"","ping_status":"","sticky":false,"template":"","format":"standard","meta":{"footnotes":""},"categories":[4],"tags":[11,1011,27,303,24088,12,3091,25],"class_list":{"0":"post-420898","1":"post","2":"type-post","3":"status-publish","4":"format-standard","5":"has-post-thumbnail","7":"category-france","8":"tag-actualites","9":"tag-fr","10":"tag-france","11":"tag-justice","12":"tag-menace-de-mort","13":"tag-news","14":"tag-nicolas-sarkozy","15":"tag-republique-francaise"},"share_on_mastodon":{"url":"https:\/\/pubeurope.com\/@fr\/115275168252828105","error":""},"_links":{"self":[{"href":"https:\/\/www.europesays.com\/fr\/wp-json\/wp\/v2\/posts\/420898","targetHints":{"allow":["GET"]}}],"collection":[{"href":"https:\/\/www.europesays.com\/fr\/wp-json\/wp\/v2\/posts"}],"about":[{"href":"https:\/\/www.europesays.com\/fr\/wp-json\/wp\/v2\/types\/post"}],"author":[{"embeddable":true,"href":"https:\/\/www.europesays.com\/fr\/wp-json\/wp\/v2\/users\/2"}],"replies":[{"embeddable":true,"href":"https:\/\/www.europesays.com\/fr\/wp-json\/wp\/v2\/comments?post=420898"}],"version-history":[{"count":0,"href":"https:\/\/www.europesays.com\/fr\/wp-json\/wp\/v2\/posts\/420898\/revisions"}],"wp:featuredmedia":[{"embeddable":true,"href":"https:\/\/www.europesays.com\/fr\/wp-json\/wp\/v2\/media\/420899"}],"wp:attachment":[{"href":"https:\/\/www.europesays.com\/fr\/wp-json\/wp\/v2\/media?parent=420898"}],"wp:term":[{"taxonomy":"category","embeddable":true,"href":"https:\/\/www.europesays.com\/fr\/wp-json\/wp\/v2\/categories?post=420898"},{"taxonomy":"post_tag","embeddable":true,"href":"https:\/\/www.europesays.com\/fr\/wp-json\/wp\/v2\/tags?post=420898"}],"curies":[{"name":"wp","href":"https:\/\/api.w.org\/{rel}","templated":true}]}}