{"id":420900,"date":"2025-09-27T07:50:12","date_gmt":"2025-09-27T07:50:12","guid":{"rendered":"https:\/\/www.europesays.com\/fr\/420900\/"},"modified":"2025-09-27T07:50:12","modified_gmt":"2025-09-27T07:50:12","slug":"la-peine-a-execution-provisoire-est-elle-un-instrument-politique","status":"publish","type":"post","link":"https:\/\/www.europesays.com\/fr\/420900\/","title":{"rendered":"La peine \u00e0 ex\u00e9cution provisoire est-elle un instrument politique\u00a0?"},"content":{"rendered":"<p>La d\u00e9cision est in\u00e9dite. D\u00e9clar\u00e9 coupable d\u2019association de malfaiteurs dans l\u2019affaire du <a href=\"https:\/\/www.20minutes.fr\/justice\/4175120-20250925-presidentielle-2007-tribunal-va-dire-jeudi-si-campagne-sarkozy-financee-libye-kadhafi\" class=\"c-link c-link--is-underlined\" target=\"_blank\" rel=\"noopener\">financement libyen<\/a> de sa campagne pr\u00e9sidentielle de\u00a02007, condamn\u00e9 \u00e0 cinq ans de prison ferme avec mandat de d\u00e9p\u00f4t diff\u00e9r\u00e9 assorti d\u2019une ex\u00e9cution provisoire, <a href=\"https:\/\/www.20minutes.fr\/politique\/nicolas_sarkozy\/\" class=\"c-link c-link--is-underlined\" target=\"_blank\" rel=\"noopener\">Nicolas Sarkozy<\/a> ira en d\u00e9tention. La d\u00e9cision de l\u2019ex\u00e9cution provisoire <a href=\"https:\/\/www.20minutes.fr\/justice\/4175240-20250925-nicolas-sarkozy-condamne-bien-relaxe-corruption-ex-president-bientot-prison-explique-tout\" class=\"c-link c-link--is-underlined\" target=\"_blank\" rel=\"noopener\">prive l\u2019appel de son effet suspensif<\/a> qui, dans le cas de l\u2019ex-chef de l\u2019Etat, lui aurait \u00e9vit\u00e9 la prison dans l\u2019attente d\u2019une condamnation d\u00e9finitive.<\/p>\n<\/p>\n<p>Plus que la peine elle-m\u00eame, c\u2019est l\u2019ex\u00e9cution provisoire qui a fait le plus vivement r\u00e9agir des personnalit\u00e9s politiques de droite et d\u2019extr\u00eame droite, mettant en cause l\u2019<a href=\"https:\/\/www.20minutes.fr\/justice\/4161200-20250630-si-juges-elus-plutot-nommes-fausse-bonne-idee-denoncent-magistrats\" class=\"c-link c-link--is-underlined\" target=\"_blank\" rel=\"noopener\">impartialit\u00e9 des magistrats<\/a>. La cheffe du Rassemblement national Marine Le\u00a0Pen, condamn\u00e9e en premi\u00e8re instance \u00e0 cinq ans d\u2019in\u00e9ligibilit\u00e9 avec ex\u00e9cution provisoire dans l\u2019affaire des <a href=\"https:\/\/www.20minutes.fr\/politique\/4165737-20250729-affaire-assistants-parlementaires-rn-commence-rembourser-3-5-millions-euros-parlement-europeen\" class=\"c-link c-link--is-underlined\" target=\"_blank\" rel=\"noopener\">assistants parlementaires europ\u00e9ens<\/a>, a qualifi\u00e9 sur X ce principe de \u00ab\u00a0grand danger, au regard des grands principes de notre droit, au premier rang desquels se trouve la pr\u00e9somption d\u2019innocence\u00a0\u00bb.<\/p>\n<p>\u00ab\u00a0Cette histoire de vengeance des magistrats, c\u2019est une fable\u00a0\u00bb<\/p>\n<p>Au parti Les R\u00e9publicains, l\u2019eurod\u00e9put\u00e9 Fran\u00e7ois-Xavier Bellamy, num\u00e9ro\u00a02 du mouvement, a d\u00e9nonc\u00e9 sur X \u00ab\u00a0un traitement exceptionnel, que rien ne justifie [et] dit tout de ce jugement politique\u00a0\u00bb. Un \u00e9lu du sud de la France a \u00e9voqu\u00e9, aupr\u00e8s de 20 Minutes, son \u00ab\u00a0impression que la justice <a href=\"https:\/\/www.20minutes.fr\/justice\/4121411-20241114-proces-rn-peine-execution-provisoire-peut-ruiner-carriere-politique-marine-pen\" class=\"c-link c-link--is-underlined\" target=\"_blank\" rel=\"noopener\">voulait se payer Sarkozy<\/a>. Qu\u2019il y a une volont\u00e9 de lui nuire \u00e0 titre personnel\u00a0\u00bb.<\/p>\n<p>\u00ab\u00a0Je comprends que Nicolas Sarkozy se d\u00e9fende, d\u00e9clare ce vendredi \u00e0 20 Minutes Ludovic Friat, pr\u00e9sident de l\u2019Union syndicale des magistrats (USM). Ce que je regrette, c\u2019est qu\u2019un ancien pr\u00e9sident de la R\u00e9publique, qui, \u00e0 ce titre, est garant de l\u2019ind\u00e9pendance judiciaire, laisse \u00e0 penser qu\u2019il n\u2019aurait \u00e9t\u00e9 condamn\u00e9 que pour ses id\u00e9es, que parce que c\u2019\u00e9tait lui, et non pas par rapport aux actes qu\u2019il a commis.\u00a0\u00bb<\/p>\n<p>Selon Ludovic Friat, \u00ab\u00a0cette histoire de vengeance des magistrats, de gouvernement des juges ou de \u00ab\u00a0politburo\u00a0\u00bb judiciaire, c\u2019est une fable. Et c\u2019est une fa\u00e7on aussi, de ne pas parler du fond du dossier avec des faits graves, \u00e0 savoir la recherche de financements aupr\u00e8s d\u2019un gouvernement \u00e9tranger et terroriste, qui a le sang de nos concitoyens sur ses mains\u00a0\u00bb.<\/p>\n<p>\u00ab\u00a0Une intol\u00e9rance profonde aux contre-pouvoirs\u00a0\u00bb<\/p>\n<p>Le magistrat regrette la \u00ab\u00a0rh\u00e9torique trumpienne syst\u00e9matique et dangereuse pour le contrat social\u00a0\u00bb selon laquelle \u00ab\u00a0les juges sont des ennemis politiques\u00a0\u00bb. \u00ab\u00a0Les juges n\u2019ont pas de ligne politique, souligne le pr\u00e9sident de l\u2019USM. Les juges sont des arbitres qui appliquent la loi que les politiques ont vot\u00e9e\u00a0\u00bb.<\/p>\n<p>Alors qu\u2019un avocat de Nicolas Sarkozy a rappel\u00e9 ce vendredi sur BFMTV que la pr\u00e9sidente du tribunal ayant condamn\u00e9 son client, Nathalie Gavarino, avait particip\u00e9 en\u00a02011 \u00e0 une manifestation de l\u2019USM contre Nicolas Sarkozy, Ludovic Friat balaie toute vendetta. \u00ab\u00a0L\u00e0 aussi, c\u2019est de la fable. La magistrate est intervenue \u00e0 l\u2019\u00e9poque, comme 90\u00a0% du corps judiciaire, pour d\u00e9fendre des coll\u00e8gues. On est dans un storytelling, a posteriori, pour dire que la condamnation a \u00e9t\u00e9 prononc\u00e9e par des opposants politiques. La prise de position syndicale ne peut se confondre avec un combat politique.\u00a0\u00bb<\/p>\n<p>Le proc\u00e8s fait \u00e0 un pr\u00e9tendu \u00ab\u00a0gouvernement des juges\u00a0\u00bb n\u2019est, pour Nicolas Hervieu, juriste en droit public et enseignant \u00e0 Sciences Po, que le sympt\u00f4me \u00ab\u00a0d\u2019une intol\u00e9rance profonde aux contre-pouvoirs\u00a0\u00bb. Le juriste, qui s\u2019exprimait aupr\u00e8s de <a href=\"https:\/\/www.liberation.fr\/societe\/police-justice\/condamnation-de-marine-le-pen-il-y-a-une-intolerance-profonde-a-lidee-quun-elu-puisse-repondre-de-ses-actes-devant-la-loi-20250402_5ZLTLIUKWFCSBNY4RE6WGIO4PE\/\" target=\"_blank\" class=\"c-link c-link--is-underlined\" rel=\"noopener\">Lib\u00e9ration<\/a> apr\u00e8s la condamnation de Marine Le\u00a0Pen dans l\u2019affaire des assistants parlementaires europ\u00e9ens, avance que \u00ab\u00a0derri\u00e8re cette id\u00e9e des juges \u00ab\u00a0tout-puissants\u00a0\u00bb, il y a une intol\u00e9rance profonde aux contre-pouvoirs et \u00e0 l\u2019id\u00e9e qu\u2019un \u00e9lu \u2013 aussi populaire soit-il \u2013 puisse r\u00e9pondre de ses actes devant la loi\u00a0\u00bb. \u00ab\u00a0Plus [ces personnes] sont puissantes, plus elles sont intol\u00e9rantes \u00e0 l\u2019id\u00e9e d\u2019\u00eatre contr\u00f4l\u00e9es par d\u2019autres\u00a0\u00bb, estime-t-il.<\/p>\n<p><a href=\"https:\/\/www.20minutes.fr\/politique\/nicolas_sarkozy\/\" class=\"c-link c-btn c-btn--primary\" target=\"_blank\" rel=\"noopener\">Les articles sur Nicolas Sarkozy<\/a><\/p>\n<p>Selon un sondage Ifop paru le 4\u00a0avril <a href=\"https:\/\/www.ouest-france.fr\/politique\/marine-le-pen\/exclusif-affaire-le-pen-64-pourcent-des-francais-tiennent-a-lexecution-provisoire-des-peines-bfac968a-10a2-11f0-a359-3785f88c9270\" target=\"_blank\" class=\"c-link c-link--is-underlined\" rel=\"noopener\">pour Ouest-France<\/a>, deux tiers des Fran\u00e7ais (64\u00a0%) se disaient contre une modification de la loi qui viserait \u00e0 supprimer l\u2019ex\u00e9cution provisoire pour un \u00e9lu condamn\u00e9 en premi\u00e8re instance.<\/p>\n","protected":false},"excerpt":{"rendered":"La d\u00e9cision est in\u00e9dite. D\u00e9clar\u00e9 coupable d\u2019association de malfaiteurs dans l\u2019affaire du financement libyen de sa campagne pr\u00e9sidentielle&hellip;\n","protected":false},"author":2,"featured_media":420901,"comment_status":"","ping_status":"","sticky":false,"template":"","format":"standard","meta":{"footnotes":""},"categories":[2],"tags":[47,11,4073,1770,4527,1011,27,9342,6372,303,4367,21347,430,12,3091,316,806,104,55019],"class_list":{"0":"post-420900","1":"post","2":"type-post","3":"status-publish","4":"format-standard","5":"has-post-thumbnail","7":"category-actualites","8":"tag-actualite","9":"tag-actualites","10":"tag-condamnation","11":"tag-corruption","12":"tag-elysee","13":"tag-fr","14":"tag-france","15":"tag-juge","16":"tag-jugement","17":"tag-justice","18":"tag-libye","19":"tag-magistrat","20":"tag-marine-le-pen","21":"tag-news","22":"tag-nicolas-sarkozy","23":"tag-politique","24":"tag-prison","25":"tag-societe","26":"tag-syndicat-de-la-magistrature"},"share_on_mastodon":{"url":"https:\/\/pubeurope.com\/@fr\/115275171236472993","error":""},"_links":{"self":[{"href":"https:\/\/www.europesays.com\/fr\/wp-json\/wp\/v2\/posts\/420900","targetHints":{"allow":["GET"]}}],"collection":[{"href":"https:\/\/www.europesays.com\/fr\/wp-json\/wp\/v2\/posts"}],"about":[{"href":"https:\/\/www.europesays.com\/fr\/wp-json\/wp\/v2\/types\/post"}],"author":[{"embeddable":true,"href":"https:\/\/www.europesays.com\/fr\/wp-json\/wp\/v2\/users\/2"}],"replies":[{"embeddable":true,"href":"https:\/\/www.europesays.com\/fr\/wp-json\/wp\/v2\/comments?post=420900"}],"version-history":[{"count":0,"href":"https:\/\/www.europesays.com\/fr\/wp-json\/wp\/v2\/posts\/420900\/revisions"}],"wp:featuredmedia":[{"embeddable":true,"href":"https:\/\/www.europesays.com\/fr\/wp-json\/wp\/v2\/media\/420901"}],"wp:attachment":[{"href":"https:\/\/www.europesays.com\/fr\/wp-json\/wp\/v2\/media?parent=420900"}],"wp:term":[{"taxonomy":"category","embeddable":true,"href":"https:\/\/www.europesays.com\/fr\/wp-json\/wp\/v2\/categories?post=420900"},{"taxonomy":"post_tag","embeddable":true,"href":"https:\/\/www.europesays.com\/fr\/wp-json\/wp\/v2\/tags?post=420900"}],"curies":[{"name":"wp","href":"https:\/\/api.w.org\/{rel}","templated":true}]}}