{"id":420915,"date":"2025-09-27T08:00:22","date_gmt":"2025-09-27T08:00:22","guid":{"rendered":"https:\/\/www.europesays.com\/fr\/420915\/"},"modified":"2025-09-27T08:00:22","modified_gmt":"2025-09-27T08:00:22","slug":"nationale-rouen-albi-ils-ont-du-faire-des-aperitifs-avec-des-toasts-pourquoi-le-staff-du-sca-a-choisi-doffrir-du-repos-a-ses-joueurs","status":"publish","type":"post","link":"https:\/\/www.europesays.com\/fr\/420915\/","title":{"rendered":"Nationale \u2013 Rouen-Albi\u00a0: \u00ab\u00a0Ils ont d\u00fb faire des ap\u00e9ritifs avec des toasts\u2026\u00a0\u00bb Pourquoi le staff du SCA a choisi d\u2019offrir du repos \u00e0 ses joueurs"},"content":{"rendered":"<p>\n                                                                    l&rsquo;essentiel<br \/>\n                                                                Avant de se rendre \u00e0 Rouen ce samedi 27\u00a0septembre (18h30), Albi a profit\u00e9 de la premi\u00e8re tr\u00eave de la saison pour r\u00e9g\u00e9n\u00e9rer les t\u00eates et les corps. Afin d\u2019attaquer le deuxi\u00e8me avec de la fra\u00eecheur.\n                            <\/p>\n<p>C\u2019est avec le sentiment du devoir accompli que le SCA a profit\u00e9 de la premi\u00e8re tr\u00eave de la saison la semaine derni\u00e8re apr\u00e8s une victoire \u00f4 combien importante au Stadium face \u00e0 Chamb\u00e9ry (20-16). L\u2019occasion de lever un peu la t\u00eate du guidon et de reposer les organismes. Le staff albigeois a d\u2019ailleurs octroy\u00e9 cinq jours de repos aux joueurs. \u00ab\u00a0On a all\u00e9g\u00e9 la semaine derni\u00e8re. On a fait deux grosses journ\u00e9es de travail le mardi et jeudi. Mardi, c\u2019\u00e9tait bas\u00e9 sur le physique et la vitesse. Jeudi, c\u2019\u00e9tait davantage tourn\u00e9 vers le rugby pur et dur avec de l\u2019intensit\u00e9. Je crois que cette semaine de coupure a fait du bien car on a retrouv\u00e9 les mecs avec le sourire et en forme lundi matin. Je pense que le week-end dernier, ils ont bien profit\u00e9 de leur famille, ils ont d\u00fb faire des ap\u00e9ritifs avec des toasts \u00e0 la maison\u00a0\u00bb, sourit K\u00e9vin Boulogne, l\u2019entra\u00eeneur principal des Jaune et Noir.<\/p>\n<p>        <img decoding=\"async\" class=\"std-img__img responsive-img\" src=\"https:\/\/www.europesays.com\/fr\/wp-content\/uploads\/2025\/09\/1758960022_193_image.jpg\" alt=\"Le repos a fait du bien aux Albigeois.\"\/><\/p>\n<p>                Le repos a fait du bien aux Albigeois.<br \/>\n                                    DDM &#8211; MARIE-PIERRE VOLLE<\/p>\n<p>\u00ab\u00a0Les joueurs ont quand m\u00eame fait sept ou huit semaines cons\u00e9cutives avec la pr\u00e9paration estivale. Au-del\u00e0 du physique, en mati\u00e8re de fra\u00eecheur mentale, \u00e7a nous paraissait important de leur laisser le vendredi et le week-end de repos pour qu\u2019ils puissent se changer les id\u00e9es avant de revenir \u00e0 l\u2019entra\u00eenement d\u00e8s lundi\u00a0\u00bb, surench\u00e9rit Florent Fourcade, le coach des avants.<\/p>\n<p>Premier bilan \u00e9tabli<\/p>\n<p>Aux t\u00eates comme aux corps, cette premi\u00e8re semaine de tr\u00eave a donc fait le plus grand bien avant d\u2019attaquer un second bloc de cinq matchs qui d\u00e9bute ce samedi 27\u00a0septembre \u00e0 Rouen (18h30). Le staff en a aussi profit\u00e9 pour dresser un premier bilan, avant de faire un point avec l\u2019ensemble du groupe. \u00ab\u00a0Les statistiques ont montr\u00e9 qu\u2019on est plut\u00f4t en place d\u00e9fensivement. On a aussi une tr\u00e8s bonne conqu\u00eate, souligne Th\u00e9o Siboul, l\u2019entra\u00eeneur des lignes arri\u00e8re. Il faut continuer sur cette lanc\u00e9e et qu\u2019on soit capable de grandir collectivement \u00e0 l\u2019ext\u00e9rieur, d\u2019\u00eatre plus constant et consistant.\u00a0\u00bb Car les deux premiers voyages albigeois se sont sold\u00e9s par des d\u00e9faites (17-24 \u00e0 Bourgoin, 17-37 \u00e0 Niort) avec deux sc\u00e9narios diff\u00e9rents.<\/p>\n<p class=\"std-elt__inline\">\n        <strong>\u00c0 lire aussi :<\/strong><br \/>\n        <a href=\"https:\/\/www.ladepeche.fr\/2025\/09\/12\/nationale-sca-chambery-une-melee-inarretable-du-caractere-comment-albi-a-dompte-le-soc-avec-lart-et-la-maniere-12927586.php\" rel=\"nofollow noopener\" target=\"_blank\">Nationale \u2013 SCA-Chamb\u00e9ry\u00a0: une m\u00eal\u00e9e inarr\u00eatable, du caract\u00e8re\u2026 Comment Albi a dompt\u00e9 le SOC avec l\u2019art et la mani\u00e8re<\/a>\n    <\/p>\n<p>Pour esp\u00e9rer rapporter quelque chose de ce d\u00e9placement en Normandie, les hommes de la cit\u00e9 \u00e9piscopale devront signer une prestation du m\u00eame acabit que celle livr\u00e9e contre les Savoyards lors de leur pr\u00e9c\u00e9dente sortie. \u00ab\u00a0Le match de Chamb\u00e9ry va nous apporter des certitudes. Car si on l\u2019a fait, \u00e7a veut dire qu\u2019on en est capable. Faire un bon match, c\u2019est facile. On attend les joueurs dans la r\u00e9gularit\u00e9 et la r\u00e9p\u00e9tition des prestations de haut niveau, expose Florent Fourcade. Ce sera l\u2019enjeu de ce second bloc.\u00a0\u00bb Il commence d\u00e8s aujourd\u2019hui, chez un s\u00e9rieux client \u00e0 la mont\u00e9e en Pro D2 contre qui le SCA esp\u00e8re que la fra\u00eecheur g\u00e9n\u00e9r\u00e9e pendant la tr\u00eave portera ses fruits.<\/p>\n","protected":false},"excerpt":{"rendered":"l&rsquo;essentiel Avant de se rendre \u00e0 Rouen ce samedi 27\u00a0septembre (18h30), Albi a profit\u00e9 de la premi\u00e8re tr\u00eave&hellip;\n","protected":false},"author":2,"featured_media":420916,"comment_status":"","ping_status":"","sticky":false,"template":"","format":"standard","meta":{"footnotes":""},"categories":[9587],"tags":[1111,11,1777,674,1011,27,12,5161,25,9590],"class_list":{"0":"post-420915","1":"post","2":"type-post","3":"status-publish","4":"format-standard","5":"has-post-thumbnail","7":"category-rouen","8":"tag-actu","9":"tag-actualites","10":"tag-eu","11":"tag-europe","12":"tag-fr","13":"tag-france","14":"tag-news","15":"tag-normandie","16":"tag-republique-francaise","17":"tag-rouen"},"share_on_mastodon":{"url":"https:\/\/pubeurope.com\/@fr\/115275210684989251","error":""},"_links":{"self":[{"href":"https:\/\/www.europesays.com\/fr\/wp-json\/wp\/v2\/posts\/420915","targetHints":{"allow":["GET"]}}],"collection":[{"href":"https:\/\/www.europesays.com\/fr\/wp-json\/wp\/v2\/posts"}],"about":[{"href":"https:\/\/www.europesays.com\/fr\/wp-json\/wp\/v2\/types\/post"}],"author":[{"embeddable":true,"href":"https:\/\/www.europesays.com\/fr\/wp-json\/wp\/v2\/users\/2"}],"replies":[{"embeddable":true,"href":"https:\/\/www.europesays.com\/fr\/wp-json\/wp\/v2\/comments?post=420915"}],"version-history":[{"count":0,"href":"https:\/\/www.europesays.com\/fr\/wp-json\/wp\/v2\/posts\/420915\/revisions"}],"wp:featuredmedia":[{"embeddable":true,"href":"https:\/\/www.europesays.com\/fr\/wp-json\/wp\/v2\/media\/420916"}],"wp:attachment":[{"href":"https:\/\/www.europesays.com\/fr\/wp-json\/wp\/v2\/media?parent=420915"}],"wp:term":[{"taxonomy":"category","embeddable":true,"href":"https:\/\/www.europesays.com\/fr\/wp-json\/wp\/v2\/categories?post=420915"},{"taxonomy":"post_tag","embeddable":true,"href":"https:\/\/www.europesays.com\/fr\/wp-json\/wp\/v2\/tags?post=420915"}],"curies":[{"name":"wp","href":"https:\/\/api.w.org\/{rel}","templated":true}]}}